{"id":13871,"date":"2013-07-01T08:20:41","date_gmt":"2013-07-01T14:20:41","guid":{"rendered":"http:\/\/www.eloriente.net\/home\/?p=13871"},"modified":"2013-07-01T08:20:41","modified_gmt":"2013-07-01T14:20:41","slug":"campana-negra-y-el-mimetismo-del-poder","status":"publish","type":"post","link":"http:\/\/www.eloriente.net\/home\/2013\/07\/01\/campana-negra-y-el-mimetismo-del-poder\/","title":{"rendered":"\u201cCampa\u00f1a negra\u201d y el mimetismo del poder"},"content":{"rendered":"<p style=\"text-align: right\">Por: Adri\u00e1n Ortiz Romero<\/p>\n<p><em><strong>+ Operaci\u00f3n electoral, la clave de este proceso<\/strong><\/em><\/p>\n<p>A estas alturas, la campa\u00f1a por la Presidencia Municipal de Oaxaca de Ju\u00e1rez entr\u00f3 en la ruta del choque entre partidos y candidatos. Este episodio, aparentemente inevitable, nos est\u00e1 permitiendo ver de cuerpo entero a quienes gobiernan, a quienes pretenden recuperar el poder, y a quienes \u2013contrario a lo que promet\u00edan- est\u00e1n haciendo todo, hasta lo ilegal, para conservarlo. En este caso, el poder los desnud\u00f3. Y eso debe ayudarnos a clarificar el panorama en el que votaremos dentro de nueve d\u00edas.<\/p>\n<p>En efecto, desde la semana pasada los dos principales contendientes por la alcald\u00eda citadina entraron en la ruta de la descalificaci\u00f3n. El equipo de campa\u00f1a de Francisco Reyes denunci\u00f3, primero, supuestas transferencias de recursos de los supuestos operadores f\u00e1cticos del Gobernador del Estado, a personas cercanas a la campa\u00f1a de Javier Villaca\u00f1a. Esta fue una versi\u00f3n documental y legalmente pobr\u00edsima, que en realidad s\u00f3lo dio el banderazo para los ataques entre candidatos.<\/p>\n<p>Esta semana los se\u00f1alamientos arreciaron. Particularmente, el equipo de Villaca\u00f1a denunci\u00f3 la entrega indebida de zapatos por parte del equipo de Francisco Reyes, a personas a las cuales les solicitaban su credencial de elector y otros datos que les servir\u00edan el d\u00eda de la jornada para la llamada \u201coperaci\u00f3n electoral\u201d. Ayer mismo, fue dada a conocer una grabaci\u00f3n \u2014que por sus caracter\u00edsticas deja en claro que fue hecha por la misma interlocutora\u2014 en la que Alejandra Garc\u00eda Morl\u00e1n, integrante del equipo de campa\u00f1a de Reyes, ofrece dinero para que la autora de la grabaci\u00f3n \u201cmovilice\u201d a gente que garantice votos por ellos, el d\u00eda de la jornada electoral.<\/p>\n<p>Todo esto demuestra dos cosas: primero, que la civilidad en esta campa\u00f1a de nuevo fue una supuesta buena intenci\u00f3n, que apenas si ha servido para disimular la falta de argumentos y proyecto para la ciudad por parte de los gobernantes; y segunda, que unos y otros \u2014priistas y coalicionistas\u2014 son potencialmente susceptibles de utilizar los mismos m\u00e9todos de operaci\u00f3n electoral, que unos y otros reprueban de sus adversarios pero que simplemente no desechan. \u00bfCu\u00e1l es la diferencia?<\/p>\n<p>Que hoy el PRI del \u201cmapacheo electoral\u201d no tiene pr\u00e1cticamente ninguno de los elementos con el que podr\u00edan hacer posibles las acciones de ingenier\u00eda electoral. Y que los partidos que integran la Coalici\u00f3n gobernante (que ganaron las elecciones a partir de denunciar los excesos y las ilegalidades electorales del PRI que entonces gobernaba) hoy s\u00ed tienen las posibilidades de emprender las tareas de movilizaci\u00f3n de electores que en el pasado reciente tanto denunciaron de sus adversarios. Esto es, que hoy los puros y los conversos est\u00e1n ubicados exactamente en la misma situaci\u00f3n.<\/p>\n<p>Esto, de entrada, banaliza profundamente la contienda electoral. Pues se hace claro que aqu\u00ed quien denuncia lo est\u00e1 haciendo no por convicci\u00f3n democr\u00e1tica, sino por frenar a sus adversarios. Unos y otros, echar\u00edan mano de cualquier tipo de trapacer\u00eda con tal de ganar la elecci\u00f3n. S\u00f3lo que unos pueden \u2014y tienen con qu\u00e9\u2014 y los otros no. Y eso reduce lo que podr\u00eda ser una campa\u00f1a de propuestas y de verdadera conquista del voto, al mero ejercicio democr\u00e1tico simulado, en el que gana la elecci\u00f3n no el que hace la mejor campa\u00f1a y tiene las mejores propuestas, sino quien logra hacer la mejor operaci\u00f3n electoral y tiene los mayores recursos para movilizar personas a su favor.<\/p>\n<p><strong>CAMPA\u00d1AS SIN MORAL<\/strong><\/p>\n<p>Moral y pol\u00edtica son palabras que por naturaleza se repelen. El problema es que a\u00fan siendo contrarias, la una no deber\u00eda separarse de la otra, justamente para que el ejercicio del poder tuviera como fin \u00faltimo la posibilidad de conseguir el bien com\u00fan. Pero como hemos perdido esa noci\u00f3n, estamos acostumbrados a ver la operaci\u00f3n electoral como algo normal, y a las campa\u00f1as como un mero requisito para justificar la compra de votos, la movilizaci\u00f3n, la cooptaci\u00f3n, el acarreo y el condicionamiento de programas y recursos a cambio de votos, que vemos en todas las jornadas electorales.<\/p>\n<p>Este caso no es la excepci\u00f3n. Hasta ahora se ha visto que el PRI tiene poco margen para moverse en esos terrenos (los de la operaci\u00f3n electoral, \u201ca la antig\u00fcita\u201d) no porque est\u00e9 convencido de que no debe hacerlo, sino porque no tiene los recursos ni el margen de maniobra para hacerlo. Como lo se\u00f1al\u00e1bamos en otras entregas, hoy ni la campa\u00f1a de Villaca\u00f1a, ni ninguna otra del tricolor, tiene los apoyos federales que so\u00f1aban los aspirantes que s\u00ed tendr\u00edan.<\/p>\n<p>Pero es parad\u00f3jico que hoy el candidato panista de la capital s\u00ed lo est\u00e9 haciendo utilizando recursos econ\u00f3micos que posiblemente provengan del Ayuntamiento de Oaxaca, del Gobierno del Estado y, s\u00ed, cr\u00e9anlo, tambi\u00e9n del gobierno federal. \u00bfC\u00f3mo? A trav\u00e9s de las delegaciones federales que siguen operando con panistas. Dependencias como Sedesol, Oportunidades, y otras, no han sufrido cambios en su estructura. Eso, y la idea clara que tienen los actuales encargados de esas dependencias de que \u2014hagan lo que hagan\u2014 de todos modos sus d\u00edas est\u00e1n contados, les ha permitido buscar y conseguir los m\u00e1rgenes para favorecer a la \u00fanica carta electoral que puede ofrecerles alg\u00fan futuro. Por eso no ser\u00eda raro que muchos de los recursos con los que hoy la campa\u00f1a de Reyes est\u00e1 generando su operaci\u00f3n electoral tengan como origen las arcas federales.<\/p>\n<p>Eso da cuenta exacta de que la campa\u00f1a es una simulaci\u00f3n para justificar la operaci\u00f3n electoral. Al final, lo que buscar\u00e1n ser\u00e1 apretar en los \u00faltimos d\u00edas a trav\u00e9s de sus estructuras para generar votos comprados que puedan dar un giro, o confirmar una tendencia, a favor o en contra de un candidato. Eso es lo que buscan. Por eso el PRI ha intensificado la b\u00fasqueda de acciones ilegales por parte del equipo de Francisco Reyes. Y por eso \u00e9ste \u00faltimo se \u201camarra el dedo\u201d anunciando una campa\u00f1a negra que, hasta ahora, de \u201cnegra\u201d s\u00f3lo ha tenido el hecho de haber sacado a la luz puras verdades.<\/p>\n<p><strong>GRAV\u00cdSIMO\u2026<\/strong><\/p>\n<p>Si hac\u00eda falta un elemento para enrarecer no s\u00f3lo la elecci\u00f3n, sino la imagen de Oaxaca ante el pa\u00eds, eso era la desaparici\u00f3n de Nicol\u00e1s Estrada Merino, cuyo cad\u00e1ver ayer fue finalmente encontrado en la regi\u00f3n de la Cuenca del Papaloapan. \u00bfQu\u00e9 queda? Demostrar fehacientemente que esta ola criminal no es una tendencia, sino un conjunto de hechos aislados. Y esclarecer este crimen, que por la calidad pol\u00edtica de la v\u00edctima, indudablemente trascender\u00e1 e impactar\u00e1 negativamente en la imagen de nuestra entidad.<\/p>\n\n\t\t\t  <div \n\t\t\t  \tclass = \"fb-comments\" \n\t\t\t  \tdata-href = \"http:\/\/www.eloriente.net\/home\/2013\/07\/01\/campana-negra-y-el-mimetismo-del-poder\/\"\n\t\t\t  \tdata-numposts = \"10\"\n\t\t\t\tdata-colorscheme = \"dark\"\n\t\t\t\tdata-order-by = \"social\"\n\t\t\t\tdata-mobile=true>\n\t\t\t  <\/div>\n\t\t  <style>\n\t\t\t.fb_iframe_widget_fluid_desktop iframe {\n\t\t\t    width: 100% !important;\n\t\t\t}\n\t\t  <\/style>\n\t\t  ","protected":false},"excerpt":{"rendered":"<p>Por: Adri\u00e1n Ortiz Romero + Operaci\u00f3n electoral, la clave de este proceso A estas alturas, la campa\u00f1a por la Presidencia Municipal de Oaxaca de Ju\u00e1rez entr\u00f3 en la ruta del choque entre partidos y candidatos. Este episodio, aparentemente inevitable, nos est\u00e1 permitiendo ver de cuerpo entero a quienes gobiernan, a quienes pretenden recuperar el poder, [&hellip;]<\/p>\n","protected":false},"author":2,"featured_media":0,"comment_status":"open","ping_status":"open","sticky":false,"template":"","format":"standard","meta":{"_jetpack_memberships_contains_paid_content":false,"footnotes":""},"categories":[38,32,10,21],"tags":[],"class_list":["post-13871","post","type-post","status-publish","format-standard","hentry","category-adrian-ortiz-romero","category-entradas","category-lo-mas-reciente","category-politica-y-gobierno"],"jetpack_featured_media_url":"","jetpack_sharing_enabled":true,"_links":{"self":[{"href":"http:\/\/www.eloriente.net\/home\/wp-json\/wp\/v2\/posts\/13871"}],"collection":[{"href":"http:\/\/www.eloriente.net\/home\/wp-json\/wp\/v2\/posts"}],"about":[{"href":"http:\/\/www.eloriente.net\/home\/wp-json\/wp\/v2\/types\/post"}],"author":[{"embeddable":true,"href":"http:\/\/www.eloriente.net\/home\/wp-json\/wp\/v2\/users\/2"}],"replies":[{"embeddable":true,"href":"http:\/\/www.eloriente.net\/home\/wp-json\/wp\/v2\/comments?post=13871"}],"version-history":[{"count":1,"href":"http:\/\/www.eloriente.net\/home\/wp-json\/wp\/v2\/posts\/13871\/revisions"}],"predecessor-version":[{"id":13872,"href":"http:\/\/www.eloriente.net\/home\/wp-json\/wp\/v2\/posts\/13871\/revisions\/13872"}],"wp:attachment":[{"href":"http:\/\/www.eloriente.net\/home\/wp-json\/wp\/v2\/media?parent=13871"}],"wp:term":[{"taxonomy":"category","embeddable":true,"href":"http:\/\/www.eloriente.net\/home\/wp-json\/wp\/v2\/categories?post=13871"},{"taxonomy":"post_tag","embeddable":true,"href":"http:\/\/www.eloriente.net\/home\/wp-json\/wp\/v2\/tags?post=13871"}],"curies":[{"name":"wp","href":"https:\/\/api.w.org\/{rel}","templated":true}]}}