{"id":13873,"date":"2013-07-01T08:31:19","date_gmt":"2013-07-01T14:31:19","guid":{"rendered":"http:\/\/www.eloriente.net\/home\/?p=13873"},"modified":"2013-07-01T08:40:09","modified_gmt":"2013-07-01T14:40:09","slug":"escribir-bien-mi-mayor-ambicion-jose-emilio-pacheco","status":"publish","type":"post","link":"http:\/\/www.eloriente.net\/home\/2013\/07\/01\/escribir-bien-mi-mayor-ambicion-jose-emilio-pacheco\/","title":{"rendered":"Escribir bien, mi mayor ambici\u00f3n: Jos\u00e9 Emilio Pacheco"},"content":{"rendered":"<p align=\"justify\">eloriente.net\/ <a href=\"http:\/\/www.conaculta.gob.mx\" target=\"_blank\">Conaculta<\/a><\/p>\n<p align=\"justify\">1 de julio de 2013<\/p>\n<ul>\n<li>Este 30 de junio se celebr\u00f3 el cumplea\u00f1os 74 del escritor que se dio a conocer a los 20 a\u00f1os con su libro de cuentos <em>La sangre de la medusa<\/em><\/li>\n<\/ul>\n<p align=\"justify\">Jos\u00e9 Emilio Pacheco es figura central de la poes\u00eda en espa\u00f1ol de los \u00faltimos 50 a\u00f1os. Ha desarrollado la creaci\u00f3n en la poes\u00eda, narrativa (cuento y novela), divulgaci\u00f3n cultural (investigaci\u00f3n hist\u00f3rica y literaria, redacci\u00f3n editorial, periodismo) y en traducciones, adaptaciones, guiones teatrales y cinematogr\u00e1ficos.<\/p>\n<p>Due\u00f1o de una gran erudici\u00f3n y lucidez, Jos\u00e9 Emilio Pacheco ha logrado investigar y reconstruir la vida cultural mexicana, establecer v\u00ednculos con la literatura de otros pa\u00edses, fomentar el estudio de obras y autores poco conocidos.<\/p>\n<p><strong>Los j\u00f3venes tambi\u00e9n escriben poes\u00eda<br \/>\n<\/strong><br \/>\nJos\u00e9 Emilio Pacheco Berny naci\u00f3 en la Ciudad de M\u00e9xico el 30 de junio de 1939. Sus primeros a\u00f1os trascurrieron en la calle Guanajuato n\u00famero 183 de la Colonia Roma.<\/p>\n<p>Su madre proced\u00eda de una familia de empresarios con los que vivi\u00f3 en el puerto de Veracruz, ah\u00ed fue donde se despert\u00f3 su pasi\u00f3n por el mar, un tema frecuente en su obra. Mientras que su padre logr\u00f3 una s\u00f3lida formaci\u00f3n alcanzando el grado de general de brigada en 1927.<\/p>\n<p>Estudi\u00f3 la preparatoria en el Centro Universitario de M\u00e9xico y acudi\u00f3 a los cursos de Jos\u00e9 Enrique Moreno de Tagle, quien le ense\u00f1\u00f3 a leer, entre otros autores, a Jorge Luis Borges y Alfonso Reyes. En esta \u00e9poca, adem\u00e1s, entabl\u00f3 amistad con Juan Jos\u00e9 Arreola y se interes\u00f3 por el teatro, prueba de ello son las piezas en un acto <em>La reina<\/em> (1958) y <em>El pasado lo guardan las ara\u00f1as<\/em> (1960).<\/p>\n<p>Para el poeta y acad\u00e9mico mexicano Eduardo Lizalde, se trata de un Jos\u00e9 Emilio Pacheco que puede verse \u201ccomo un escritor joven, precoz, excelente, vers\u00e1til, inteligente y con grandes capacidades creativas a quien todos celebr\u00e1bamos sus primeros textos como lo hizo el poeta Octavio Paz.<\/p>\n<p>\u201cSe trataba de un escritor que desde ese momento dej\u00f3 ver que se convertir\u00eda en uno de los poetas m\u00e1s destacados de su generaci\u00f3n y actualmente uno de los m\u00e1s importantes y reconocidos internacionalmente por diversas cualidades: es un hombre ordenad\u00edsimo, trabajador, laborioso, serio y culto, con un comportamiento discreto y t\u00edmido\u201d.<\/p>\n<p>Para el escritor, guionista, periodista y dramaturgo Vicente Le\u00f1ero, se trata de un joven que desde los 20 a\u00f1os se convirti\u00f3, para diversos escritores igualmente j\u00f3venes en un amigo entra\u00f1able, \u201cy as\u00ed ha sido desde que nos conocimos en mi juventud entorno a Juan Jos\u00e9 Arreola: un amigo muy entra\u00f1able a pesar de que no nos vemos mucho, pero nos seguimos a la distancia.<\/p>\n<p>\u201cEs una excelente persona y muy generoso, fue mi primer compa\u00f1ero de toda la generaci\u00f3n y para m\u00ed el m\u00e1s apoyador, estimulante y el que me dio m\u00e1s \u00e1nimos para seguir en el mundo de las letras\u201d.<\/p>\n<p>Mientras que para la escritoray periodista Elena Poniatowska, se trata de un escritor joven que mostr\u00f3 con su trabajo inicial que se convertir\u00eda \u201cen un gran poeta mexicano despu\u00e9s de Octavio Paz que re\u00fane la inteligencia y la posibilidad intimista que ten\u00eda Jaime Sabines. Somos amigos desde que \u00e9l era joven y desde entonces es un hombre muy c\u00e1lido, solidario y que siempre est\u00e1 dispuesto a ayudar\u201d.<\/p>\n<p>Para la narradora, ensayista y editora Silvia Molina, desde joven, Jos\u00e9 Emilio Pacheco se mostr\u00f3 a los mexicanos como un escritor de obra vasta, seria, obsesiva y cr\u00edtica.<\/p>\n<p>\u201cJos\u00e9 Emilio es un escritor obstinado que busca la perfecci\u00f3n hasta el cansancio, \u00a0corrige tanto como puede. Es uno de los escritores m\u00e1s cultos que tenemos, \u00a0con un dominio de la historia de M\u00e9xico impresionante. Tambi\u00e9n es un hombre generoso, t\u00edmido en presencia de multitudes, pero alegre y divertido en cortito\u201d.<\/p>\n<p>Mientras que para el novelista, cuentista, ensayista, editor y catedr\u00e1tico Hern\u00e1n Lara Zavala, hablar de Jos\u00e9 Emilio Pacheco \u201ces como un joven t\u00edmido que se convirti\u00f3 en un gran poeta de habla espa\u00f1ola, que tiene un perfil muy particular porque se niega a estar en la far\u00e1ndula, en la parte social de la literatura.<\/p>\n<p>\u201cEs un hombre que se ha dedicado en cuerpo y alma a ejercer su obra. Un individuo obsesivo que tiene una peculiaridad: corrige sus propios textos y expone el sentido de ejercer una cr\u00edtica muy feroz sobre s\u00ed mismo, un elemento que lo ha convertido en un ser muy original dentro del \u00e1mbito de la literatura mexicana\u201d.<\/p>\n<p>Para la escritora, ensayista, cr\u00edtica literaria y acad\u00e9mica Margo Glantz, Jos\u00e9 Emilio Pacheco es \u201cun poeta que trabaja enormemente y que se ha mantenido escribiendo poes\u00eda desde que era joven. En este sentido, puede verse como una persona encantadora, con mucho sentido del humor, muy ir\u00f3nico y sabio\u201d.<\/p>\n<p><strong>Escribir bien, mi mayor ambici\u00f3n: Jos\u00e9 Emilio Pacheco<br \/>\n<\/strong><br \/>\nJos\u00e9 Emilio Pacheco emprendi\u00f3 la carrera de derecho -que abandon\u00f3 a los 19 a\u00f1os- y estudi\u00f3 filosof\u00eda en la UNAM. Pero \u00e9l siempre ha comentado que obtuvo su verdadera preparaci\u00f3n fuera de las aulas gracias a que alternaba las m\u00e1s diversas lecturas con los paseos por la Ciudad de M\u00e9xico con sus amigos entra\u00f1ables: Carlos Monsiv\u00e1is y Sergio Pitol.<\/p>\n<p>El poeta, ensayista, traductor, novelista, cuentista, cronista y cr\u00edtico literario, se dio a conocer en el mundo de las letras a los 20 a\u00f1os con <em>La sangre de Medusas<\/em> (1958) un cuento de escasas 20 p\u00e1ginas que le public\u00f3 Juan Jos\u00e9 Arreola en su colecci\u00f3n Cuadernos del Unicornio.<\/p>\n<p>A partir de ah\u00ed, su vocaci\u00f3n literaria ser\u00eda un entramado de obras narrativas, l\u00edricas, cuentos, traducciones, antolog\u00edas e incesantes colaboraciones period\u00edsticas.<\/p>\n<p>En 1963 public\u00f3 su primer libro de poemas <em>Los elementos de la noche<\/em> y ese mismo a\u00f1o su texto de cuentos <em>El viento distante. El reposo del fuego<\/em> (1966), es su segundo libro de poes\u00eda, un texto en donde el autor se revela como un poeta maduro, \u00e1gil y rebelde que conoce el mundo y toma parte activa en \u00e9l.<\/p>\n<p>En esta etapa \u201cel aprendiz de escritor\u201d como \u00e9l mismo se dec\u00eda, dio a leer sus textos a autores consagrados como Octavio Paz, Rosario Castellanos, Emilio Carballido, Carlos Fuentes, Juan Garc\u00eda Ponce, Luisa Josefina Hern\u00e1ndez o Juan Rulfo, quienes lo miraron con simpat\u00eda y destacaron en m\u00e1s de una ocasi\u00f3n su indudable madurez.<\/p>\n<p>\u201cLa poes\u00eda de Jos\u00e9 Emilio Pacheco se inscribe no en el mundo de la naturaleza sino en el de la cultura y, dentro de \u00e9ste en su mitad, en sombra. Cada poema de Pacheco es un homenaje al `No\u00b4, al tiempo, que para \u00e9l es el agente de la destrucci\u00f3n universal y a la historia que para el escritor es un paisaje de ruinas.<\/p>\n<p>\u201cPodr\u00eda suponerse que este <em>parti pris<\/em> lo convierte en un doctor Pangloss al rev\u00e9s, empe\u00f1ado en demostrar que vivimos en el peor de los mundos posibles\u201d, escribi\u00f3 Octavio Paz en el texto <em>Cultura y natura<\/em> publicado en <em>Jos\u00e9 Emilio Pacheco ante la cr\u00edtica<\/em>, editado en 1987 por la Direcci\u00f3n de Difusi\u00f3n Cultural de la Universidad Aut\u00f3noma Metropolitana.<\/p>\n<p>Despu\u00e9s escribi\u00f3 <em>Morir\u00e1s lejos<\/em> (1967), una novela que en palabras de Carlos Fuentes \u201ces una obra que aborda un tema que hubiese parecido vedado a un novelista latinoamericano: la suma de instancias hist\u00f3ricas, la destrucci\u00f3n de Jerusal\u00e9n por las regiones romanas de Tito y el holocausto de los jud\u00edos en los campos nazis.<\/p>\n<p>\u201cEs una historia en donde el eslab\u00f3n es el misterioso narrador que, posiblemente, est\u00e1 sentado en la banca de un jard\u00edn p\u00fablico de la Ciudad de M\u00e9xico y del que, a la manera de Borges, no se sabe si piensa \u2013recuerda, inventa\u2013 los acontecimientos o bien si es pensado o inventado por ellos\u201d.<\/p>\n<p>A esta obra sigui\u00f3 <em>No me preguntes c\u00f3mo pasa el tiempo<\/em> (1970), <em>El principio del placer<\/em> (1972), <em>Ir\u00e1s y no volver\u00e1s<\/em> (1973),<em> Islas a la deriva<\/em> (1976), <em>Desde entonces<\/em> (1979), <em>Tarde o temprano<\/em> (1980) y <em>Las batallas en el desierto<\/em> (1981).<\/p>\n<p>\u201cEstos libros se nos presentan como la obra de un virtuoso de la <em>techn\u00e9<\/em>. Son textos impecables, de melod\u00eda experiencial de un absoluto enamorado de las palabras. Se trata de una obra sobre la experiencia de vivir, pero sin relato, sin cuento. Tiende a ser criptica \u2013sin serlo\u2013 y se nutre de una atm\u00f3sfera que pidi\u00e9ramos acaso denominar `lirismo metaf\u00edsico\u2019.<\/p>\n<p>\u201cAh\u00ed lo real \u2013el vivir, los objetos, el amor, el mundo\u2013 est\u00e1n siempre presentes y (los lectores) tenemos la sensaci\u00f3n de que se trata de presencias elididas, metaf\u00edsicas o m\u00edsticas\u201d, detall\u00f3 Luis Antonio de Villena en su libro <em>Jos\u00e9 Emilio Pacheco<\/em>, editado en la Colecci\u00f3n Los Poetas de Ediciones J\u00facar, 1985.<\/p>\n<p>Pacheco Berny tambi\u00e9n ha escrito <em>Miro la tierra<\/em> (poemas de 1983 a 1986), <em>Los trabajos del mar<\/em> y <em>Fin de siglo y otros poemas<\/em> (1984), <em>Zona de desastre<\/em> (1986), <em>Ciudad de la memoria<\/em> (poemas de 1986 a 1989), <em>Tarde de agosto<\/em> (1992), <em>El silencio de la luna<\/em> (1996), <em>La arena errante<\/em> (1999), <em>Siglo pasado<\/em> (2000), <em>Como la lluvia<\/em> y <em>La edad de las tinieblas<\/em> (2009).<\/p>\n<p>\u201cProyectos que nos permiten conocer dos modos completamente distintos de concebir el acto creativo y su relaci\u00f3n con la realidad cotidiana que distinguen la narrativa de Jos\u00e9 Emilio Pacheco: uno de ellos, la rememoraci\u00f3n del pasado que contrapone la versi\u00f3n objetiva y subjetiva de una misma circunstancia vital, integrando el acontecer individual al imaginario cultural mexicano; de tal modo que vivencias, acciones y reacciones humanas son transformadas en una respuesta \u00e9tica y est\u00e9tica.<\/p>\n<p>\u201cPero tambi\u00e9n que en varios relatos suyos la evocaci\u00f3n de la infancia o de la adolescencia se convierte en el centro generador del texto, prevaleciendo el af\u00e1n de recuperar la huella afectiva impresa en la memoria, de crear una tensi\u00f3n dial\u00e9ctica entre el mundo real y el deseado\u201d, escribi\u00f3 Hugo J. Verani en <em>Jos\u00e9 Emilio Pacheco: Umbrales de lo fant\u00e1stico<\/em> publicado en <em>Jos\u00e9 Emilio Pacheco: Perspectivas cr\u00edticas,<\/em> editado por Siglo XXI Editores.<\/p>\n<p>Para Eduardo Lizalde, se trata de obras que muestran que Jos\u00e9 Emilio Pacheco es un hombre de much\u00edsimas facetas literarias y culturales, que destaca como ensayista y traductor por ser un personaje que posee informaci\u00f3n, cultura y minuciosidad.<\/p>\n<p>\u201cSon libros que muestran c\u00f3mo es un escritor que conoce la historia de la literatura latinoamericana, espa\u00f1ola, mexicana e internacional y una persona severa para la ejecuci\u00f3n de su propia poes\u00eda. No podr\u00eda decir cu\u00e1l de esos libros es el mejor, porque es un poeta de muchos registros y vers\u00e1til, con muchas posibilidades de desarrollo cuya obra es muy extensa, pero puedo decir que son textos extraordinarios sobre el modernismo y la poes\u00eda mexicana.\u201d<\/p>\n<p>Vicente Le\u00f1ero expres\u00f3 que las obras de Jos\u00e9 Emilio Pacheco muestran que es un hombre de literatura que abarca todos los g\u00e9neros.<\/p>\n<p>\u201cSe trata de textos que muestran primero su conocimiento como ensayista y su conocimiento hist\u00f3rico ya que es un hombre muy estudioso de la historia de M\u00e9xico y la conoce muy bien. Pero tambi\u00e9n que destaca como novelista, como un hombre de b\u00fasqueda en la literatura. Como poeta no me atrevo a juzgarlo porque no tengo elementos suficientes, pero tiene una voz muy personal y propia que es diferente a la de todos\u201d.<\/p>\n<p>Para Hern\u00e1n Lara Zavala, son obras que muestran que Jos\u00e9 Emilio Pacheco es un gran hombre de letras y un escritor \u201craro\u201d que pr\u00e1ctica todos los g\u00e9neros, \u201cpero principalmente que es un gran poeta. Su poes\u00eda es a lo que le ha dedicado m\u00e1s tiempo y donde su obra se ha ido consolidando.<\/p>\n<p>\u201cSon libros en donde vemos que su gran m\u00e9rito como escritor es precisamente la enorme gama y abanico de intereses que tiene y ejerce bien ya que va desde la cr\u00edtica literaria, ensayo, cuento, novela y poes\u00eda, pasando por el narrador, traductor, divulgador de la cultura y estudioso de las letras\u201d.<\/p>\n<p>Tambi\u00e9n son libros \u2013a\u00f1adi\u00f3 Elena Poniatowska\u2013 en donde se muestra el inter\u00e9s de Jos\u00e9 Emilio Pacheco por diversos temas en los que hemos coincidido: la pobreza, Tlatelolco y la masacre del 2 de octubre. A m\u00ed me gustan sus novelas que son buen\u00edsimas, principalmente <em>Los elementos de la noche<\/em>, que reflejan lo que yo viv\u00ed y es de mi \u00e9poca.<\/p>\n<p>\u201cAdem\u00e1s porque es una obra en donde vemos que la aportaci\u00f3n de Jos\u00e9 Emilio Pacheco a las letras mexicanas es la autenticidad, la familiaridad, la confidencia, el amor al pr\u00f3jimo, la sencillez e inteligencia y el don de s\u00edntesis, ya que dice todo en muy pocas palabras\u201d.<\/p>\n<p>Silvia Molina consider\u00f3 que Jos\u00e9 Emilio Pacheco muestra inter\u00e9s por hablar de la cr\u00edtica, la nostalgia y la visi\u00f3n del pasado de M\u00e9xico. Pero tambi\u00e9n por plantear la p\u00e9rdida de la inocencia y una introspecci\u00f3n hacia s\u00ed mismo.<\/p>\n<p>\u201cSi miras su obra en conjunto es imposible no verlo all\u00ed, mir\u00e1ndose, explic\u00e1ndose, mir\u00e1ndonos, explic\u00e1ndonos. Tambi\u00e9n son textos que muestran que su aportaci\u00f3n a la literatura es la honestidad de su persona y de su literatura.<\/p>\n<p>\u201cMe gusta porque refleja su af\u00e1n de pulir hasta lo \u00faltimo y que es un escritor tras su escritorio y no un escritor medi\u00e1tico. Admiro su transparencia, su forma, a veces conversada de hablarnos. La manera de entreverar la literatura y la historia aunque sea la personal\u201d.<\/p>\n<p><em>Tengo una ambici\u00f3n muy clara que es una locura\u2026escribir bien: Jos\u00e9 Emilio Pacheco<\/em><\/p>\n<p>Jos\u00e9 Emilio Pacheco tambi\u00e9n colabor\u00f3 en la revista <em>Estaciones<\/em> y la antolog\u00eda de poes\u00eda mexicana <em>Poes\u00eda en movimiento<\/em> (1915-1966), prologada por Octavio Paz y realiz\u00f3 la compilaci\u00f3n <em>La Poes\u00eda mexicana del siglo XIX<\/em>.<\/p>\n<p>La labor de divulgaci\u00f3n cultural de Pacheco comenz\u00f3 en 1957, con publicaciones estudiantiles entre las que destaca <em>Medio Siglo<\/em>. Fue asiduo colaborador de <em>Estaciones<\/em>, revista en la que inicia dos actividades de su incesante quehacer literario: el trabajo de redacci\u00f3n editorial y la escritura de notas culturales.<\/p>\n<p>Su primera participaci\u00f3n en una secci\u00f3n literaria fue \u201cSimpat\u00edas y diferencias\u201d en <em>Revista de la Universidad de M\u00e9xico<\/em> cuando a\u00fan no llegaba a los 21 a\u00f1os, la cual inaugura su participaci\u00f3n en una larga e ininterrumpida serie de columnas culturales semanales: \u201cEl minutero\u201d, \u201cCalendario\u201d e \u201cInventario\u201d, tarea por la que fue reconocido con el Premio Nacional de Periodismo en 1980.<\/p>\n<p>Ha realizado colaboraciones period\u00edsticas en <em>Novedades, Revista Mexicana de Literatura, Di\u00e1logos, El Heraldo de M\u00e9xico, Plural, Vuelta, Letras Libres, La Cultura en M\u00e9xico, Siempre!,<\/em> espacios en donde dio a conocer aspectos desconocidos de la vida cultural mexicana de los siglos XIX y XX, a autores olvidados y estableci\u00f3 puentes entre diversas literaturas.<\/p>\n<p>Fue editor del programa <em>Entre libros<\/em> de Radio UNAM; director de la Biblioteca del Estudiante Universitario; redactor del noticiero cultural <em>Cine-Verdad<\/em>; secretario de redacci\u00f3n de <em>M\u00e9xico en la Cultura<\/em> del peri\u00f3dico <em>Novedades<\/em> y colaborador de la <em>Revista de la Universidad de M\u00e9xico<\/em> e investigador del Instituto Nacional de Antropolog\u00eda e Historia.<\/p>\n<p>Jos\u00e9 Emilio Pacheco ha sido docente en la Casa de Lago y el Centro Universitario de Teatro de la UNAM y profesor visitante en universidades de Estados Unidos, Canad\u00e1 y Reino Unido que le permitieron obtener el t\u00edtulo de <em>Distinguished Profesor Emeritus<\/em> otorgado por la Universidad de Maryland.<\/p>\n<p>Ha destacado por sus traducciones a diversos personajes sobresalientes en las letras: Samuel Beckett y su obra <em>C\u00f3mo es<\/em>; <em>De profundis<\/em> de Oscar Wilde; <em>Un tranv\u00eda llamado deseo<\/em>, de Tennesee Williams; <em>Cuatro cuartetos<\/em> de T. S. Eliot y <em>Vidas imaginarias<\/em> de Marcel Schwob.<\/p>\n<p>Tambi\u00e9n sobresale \u2013destaca Hern\u00e1n Lara Zavala\u2013 como un periodista culto, un ensayista de revista, \u201cun autor de art\u00edculos famosos que publica en su columna cultural semanal <em>Inventario<\/em>, en donde lo vemos como un cr\u00edtico de la cultura y literatura nacional, que tiene la mente enciclop\u00e9dica y que lo mismo te habla de los grandes poetas mexicanos del siglo XIX y XX, que de la poes\u00eda norteamericana, inglesa, latinoamericana y hasta de efem\u00e9rides.<\/p>\n<p>\u201cAsimismo destaca por ser un historiador de la cultura: \u00e9l hizo la historia de la Ciudad de M\u00e9xico y no podemos olvidarnos del gran antologador, ya que es el primer escritor que recopil\u00f3 la poes\u00eda mexicana del siglo XIX. Finalmente no podemos dejar de lado su lado de maestro, ya que aunque \u00e9l no imparte directamente clases en el sentido de ir a darlas en una aula, ha sido un gran formador de escritores y de j\u00f3venes\u201d.<\/p>\n<p><strong>Lo m\u00e1s importante de un reconocimiento es demostrar que uno no ha escrito en el vac\u00edo: Jos\u00e9 Emilio Pacheco<\/strong><\/p>\n<p>Jos\u00e9 Emilio Pacheco ingres\u00f3 a El Colegio Nacional en 1986, convirti\u00e9ndose en el miembro m\u00e1s joven en la historia de esta instituci\u00f3n fundada en 1943, y donde ha impartido cursos anuales sobre escritores mexicanos del siglo XIX y XX.<\/p>\n<p>Entre los numerosos premios y distinciones que ha merecido por su obra se encuentran: el Premio Magda Donato (1967) por su novela <em>Morir\u00e1s lejos<\/em>, el Premio Nacional de Poes\u00eda Aguascalientes (1969) por su poemario <em>No me preguntes c\u00f3mo pasa el tiempo<\/em>, el Premio Xavier Villaurrutia (1973) por <em>El principio del placer<\/em>.<\/p>\n<p>Obtuvo el Ariel compartido con Arturo Ripstein a la mejor historia original y adaptaci\u00f3n cinematogr\u00e1fica con <em>El castillo de la pureza<\/em> (1973) y por el gui\u00f3n de la cinta <em>El santo oficio<\/em> (1975).<\/p>\n<p>Asimismo ha recibido el Premio Nacional de Periodismo en el \u00e1rea de Divulgaci\u00f3n cultural (1980), \u00a0el Premio a la mejor traducci\u00f3n de la Sociedad de Cr\u00edticos Teatrales por <em>Un tranv\u00eda llamado deseo<\/em> de Tennessee Williams (1984), el Premio Malcolm Lowry por su trayectoria en el campo del Ensayo literario (1991), el Premio Nacional de Ciencias y Artes en el campo de \u00a0Ling\u00fc\u00edstica y Literatura (1992), el Premio Fernando Ben\u00edtez en periodismo cultural (1995).<\/p>\n<p>Tambi\u00e9n ha sido reconocido con el primer Premio Iberoamericano de Letras Jos\u00e9 Donoso otorgado por la Universidad de Talca, Chile \u00a0(2001), el Premio Internacional Octavio Paz de Poes\u00eda y Ensayo (2003), el Premio Iberoamericano de Poes\u00eda Pablo Neruda (2004), La Academia Mexicana de la Lengua lo nombr\u00f3 Acad\u00e9mico Honorario (2006).<\/p>\n<p>El Instituto Nacional de Bellas Artes, por medio de la Coordinaci\u00f3n Nacional de Literatura, le rindi\u00f3 un homenaje con motivo del 70 aniversario de su natalicio y le fue otorgada la Medalla de Bellas Artes (2009) y ese mismo a\u00f1o recibi\u00f3 el Premio Reina de Sof\u00eda de Poes\u00eda Iberoamericana y la Medalla 1808 otorgada por el Gobierno del Distrito Federal.<\/p>\n<p>En 2010 en el marco de la sesi\u00f3n del 13 de octubre de 2010, la Asamblea Legislativa del Distrito Federal le otorg\u00f3 la Medalla de Oro al M\u00e9rito Art\u00edstico y tambi\u00e9n la UNAM lo distingui\u00f3 con el Doctorado <em>Honoris Causa<\/em> por ser figura central de la poes\u00eda en espa\u00f1ol de los \u00faltimos 50 a\u00f1os, adem\u00e1s de recibir el Premio Miguel de Cervantes por enriquecer el legado literario en lengua espa\u00f1ola. En 2011 El Colegio de M\u00e9xico le otorg\u00f3 el Premio Alfonso Reyes creado por esa instituci\u00f3n.<\/p>\n<p>@El_Oriente te comparte un documental sobre este gran poeta y su discurso \u00edntegro al recibir al Premio Cervantes 2009.<\/p>\n<p><iframe loading=\"lazy\" src=\"\/\/www.youtube.com\/embed\/BposGprYVC8\" frameborder=\"0\" width=\"480\" height=\"360\"><\/iframe><\/p>\n<p><iframe loading=\"lazy\" src=\"\/\/www.youtube.com\/embed\/6XTS7fuvLE4\" frameborder=\"0\" width=\"480\" height=\"360\"><\/iframe><\/p>\n\n\t\t\t  <div \n\t\t\t  \tclass = \"fb-comments\" \n\t\t\t  \tdata-href = \"http:\/\/www.eloriente.net\/home\/2013\/07\/01\/escribir-bien-mi-mayor-ambicion-jose-emilio-pacheco\/\"\n\t\t\t  \tdata-numposts = \"10\"\n\t\t\t\tdata-colorscheme = \"dark\"\n\t\t\t\tdata-order-by = \"social\"\n\t\t\t\tdata-mobile=true>\n\t\t\t  <\/div>\n\t\t  <style>\n\t\t\t.fb_iframe_widget_fluid_desktop iframe {\n\t\t\t    width: 100% !important;\n\t\t\t}\n\t\t  <\/style>\n\t\t  ","protected":false},"excerpt":{"rendered":"<p>eloriente.net\/ Conaculta 1 de julio de 2013 Este 30 de junio se celebr\u00f3 el cumplea\u00f1os 74 del escritor que se dio a conocer a los 20 a\u00f1os con su libro de cuentos La sangre de la medusa Jos\u00e9 Emilio Pacheco es figura central de la poes\u00eda en espa\u00f1ol de los \u00faltimos 50 a\u00f1os. Ha desarrollado [&hellip;]<\/p>\n","protected":false},"author":1,"featured_media":13874,"comment_status":"open","ping_status":"open","sticky":false,"template":"","format":"standard","meta":{"_jetpack_memberships_contains_paid_content":false,"footnotes":""},"categories":[18,32,10],"tags":[],"class_list":["post-13873","post","type-post","status-publish","format-standard","has-post-thumbnail","hentry","category-educacion-y-cultura","category-entradas","category-lo-mas-reciente"],"jetpack_featured_media_url":"http:\/\/www.eloriente.net\/home\/wp-content\/uploads\/2013\/07\/Jose-Emilio-Pacheco-rtve.png","jetpack_sharing_enabled":true,"_links":{"self":[{"href":"http:\/\/www.eloriente.net\/home\/wp-json\/wp\/v2\/posts\/13873"}],"collection":[{"href":"http:\/\/www.eloriente.net\/home\/wp-json\/wp\/v2\/posts"}],"about":[{"href":"http:\/\/www.eloriente.net\/home\/wp-json\/wp\/v2\/types\/post"}],"author":[{"embeddable":true,"href":"http:\/\/www.eloriente.net\/home\/wp-json\/wp\/v2\/users\/1"}],"replies":[{"embeddable":true,"href":"http:\/\/www.eloriente.net\/home\/wp-json\/wp\/v2\/comments?post=13873"}],"version-history":[{"count":3,"href":"http:\/\/www.eloriente.net\/home\/wp-json\/wp\/v2\/posts\/13873\/revisions"}],"predecessor-version":[{"id":13876,"href":"http:\/\/www.eloriente.net\/home\/wp-json\/wp\/v2\/posts\/13873\/revisions\/13876"}],"wp:featuredmedia":[{"embeddable":true,"href":"http:\/\/www.eloriente.net\/home\/wp-json\/wp\/v2\/media\/13874"}],"wp:attachment":[{"href":"http:\/\/www.eloriente.net\/home\/wp-json\/wp\/v2\/media?parent=13873"}],"wp:term":[{"taxonomy":"category","embeddable":true,"href":"http:\/\/www.eloriente.net\/home\/wp-json\/wp\/v2\/categories?post=13873"},{"taxonomy":"post_tag","embeddable":true,"href":"http:\/\/www.eloriente.net\/home\/wp-json\/wp\/v2\/tags?post=13873"}],"curies":[{"name":"wp","href":"https:\/\/api.w.org\/{rel}","templated":true}]}}