{"id":13888,"date":"2013-07-01T09:29:10","date_gmt":"2013-07-01T15:29:10","guid":{"rendered":"http:\/\/www.eloriente.net\/home\/?p=13888"},"modified":"2013-07-31T11:46:31","modified_gmt":"2013-07-31T17:46:31","slug":"historia-detras-de-la-cancion-ofrenda-de-lila-downs-por-canal-3","status":"publish","type":"post","link":"http:\/\/www.eloriente.net\/home\/2013\/07\/01\/historia-detras-de-la-cancion-ofrenda-de-lila-downs-por-canal-3\/","title":{"rendered":"Historia detr\u00e1s de la canci\u00f3n: Ofrenda, de Lila Downs, por Canal 3"},"content":{"rendered":"<p>eloriente.net<\/p>\n<p>1 de julio de 2013<\/p>\n<p>Retomando nuestro ejercicio de presentarles la historia que hay detr\u00e1s de las canciones que escuchamos con frecuencia, de algunas que incluso han marcado \u00e9pocas y han perdurado en la memoria colectiva, @El_Oriente te contar\u00e1 cada lunes qu\u00e9 hay detr\u00e1s de alguna canci\u00f3n.<\/p>\n<p>Lila Downs, es quiz\u00e1 la cantante oaxaque\u00f1a m\u00e1s reconocida actualmente, ha hecho de la m\u00fasica folcl\u00f3rica y popular su estandarte, tanto as\u00ed que es imagen de la 81 edici\u00f3n de la Guelaguetza. Cabe recordar que en febrero de este a\u00f1o gan\u00f3 el premio Grammy en la categor\u00eda Mejor \u00c1lbum Regional Mexicano.<\/p>\n<p>En entrevista para la revista <a href=\"http:\/\/www.gatopardo.com\" target=\"_blank\"><em>\u00abGatopardo\u00bb<\/em><\/a>, coment\u00f3 que una tarde le dijeron que un se\u00f1or de Santa Catarina Ticu\u00e1 \u2013pueblo ind\u00edgena parte del Distrito de Tlaxiaco, en la regi\u00f3n de la Mixteca\u2013 la estaba buscando. Al encontrarla le dijo en espa\u00f1ol entrecortado que le ped\u00eda de favor que le tradujera un documento.<\/p>\n<p>Al leer el papel escrito en ingl\u00e9s, Lila se dio cuenta que se trataba del acta de defunci\u00f3n del hijo de aquel hombre, un joven que hab\u00eda muerto ahogado en un intento por entrar a Estados Unidos. El cuerpo hab\u00eda sido repatriado, y el hombre lo tra\u00eda en una camioneta.<\/p>\n<p>\u00abSe me movi\u00f3 el mundo. Me dije: Es bien importante que al menos se platique en nuestra comunidad, en la Mixteca, sobre este asunto que nos est\u00e1 afectando\u00bb, se\u00f1ala en la entrevista.<\/p>\n<p>A ra\u00edz de esta experiencia compuso el tema \u00abOfrenda\u00bb. De esta manera la cantante comenz\u00f3 a conectar su visi\u00f3n antropol\u00f3gica con su sensibilidad y su don del canto.<\/p>\n<p>Letra:<\/p>\n<p>Entre las nubes del cielo<br \/>\nhay un lugar escondido,<br \/>\nes el valor de mi gente<br \/>\nes el valor que he perdido.<\/p>\n<p>En la polaca del pueblo,<br \/>\nchistes que llama a la suerte,<br \/>\nDios nos escoge el destino<br \/>\ny a su ahijadito la muerte.<\/p>\n<p>En el camino pal norte<br \/>\nun tecolote me habl\u00f3,<br \/>\nme dijo muchacho de nube<br \/>\n\u00bfPor d\u00f3nde dejaste tu amor?<\/p>\n<p>Le dije que dicen los viejos,<br \/>\ny yo, no lo voy a negar:<br \/>\n\u00abno pidas al santo un milagro,<br \/>\nt\u00fa mismo te tienes que armar.<\/p>\n<p>Mi amor lo deje en las Tres Cruces,<br \/>\nme arm\u00e9 con sombrero y guitarra;<br \/>\npromet\u00ed el veinticuatro de junio<br \/>\nvolver a la tierra de mi alma.<\/p>\n<p>El d\u00eda de San Juan Bautista<br \/>\nyo voy a mirar a mi amor;<br \/>\nuna troque pintada de roja,<br \/>\nun coyote que me haga un favor<\/p>\n<p>Le rezo al San Juan de mi tierra,<br \/>\nle rezo que tenga valor,<br \/>\nsi llego a caer en el norte,<br \/>\nque manden mi cuerpo en su honor;<br \/>\nsi llego a caer en el norte,<\/p>\n<p><iframe loading=\"lazy\" src=\"\/\/www.youtube.com\/embed\/J-cg5Ua9-_c\" frameborder=\"0\" width=\"480\" height=\"360\"><\/iframe><\/p>\n<p>&nbsp;<\/p>\n<p>&nbsp;<\/p>\n\n\t\t\t  <div \n\t\t\t  \tclass = \"fb-comments\" \n\t\t\t  \tdata-href = \"http:\/\/www.eloriente.net\/home\/2013\/07\/01\/historia-detras-de-la-cancion-ofrenda-de-lila-downs-por-canal-3\/\"\n\t\t\t  \tdata-numposts = \"10\"\n\t\t\t\tdata-colorscheme = \"dark\"\n\t\t\t\tdata-order-by = \"social\"\n\t\t\t\tdata-mobile=true>\n\t\t\t  <\/div>\n\t\t  <style>\n\t\t\t.fb_iframe_widget_fluid_desktop iframe {\n\t\t\t    width: 100% !important;\n\t\t\t}\n\t\t  <\/style>\n\t\t  ","protected":false},"excerpt":{"rendered":"<p>eloriente.net 1 de julio de 2013 Retomando nuestro ejercicio de presentarles la historia que hay detr\u00e1s de las canciones que escuchamos con frecuencia, de algunas que incluso han marcado \u00e9pocas y han perdurado en la memoria colectiva, @El_Oriente te contar\u00e1 cada lunes qu\u00e9 hay detr\u00e1s de alguna canci\u00f3n. Lila Downs, es quiz\u00e1 la cantante oaxaque\u00f1a [&hellip;]<\/p>\n","protected":false},"author":1,"featured_media":3361,"comment_status":"open","ping_status":"open","sticky":false,"template":"","format":"standard","meta":{"_jetpack_memberships_contains_paid_content":false,"footnotes":""},"categories":[5,32,13,83],"tags":[],"class_list":["post-13888","post","type-post","status-publish","format-standard","has-post-thumbnail","hentry","category-canal-3-musica","category-entradas","category-especiales","category-musica-de-oaxaca"],"jetpack_featured_media_url":"http:\/\/www.eloriente.net\/home\/wp-content\/uploads\/2012\/09\/@liladowns.jpg","jetpack_sharing_enabled":true,"_links":{"self":[{"href":"http:\/\/www.eloriente.net\/home\/wp-json\/wp\/v2\/posts\/13888"}],"collection":[{"href":"http:\/\/www.eloriente.net\/home\/wp-json\/wp\/v2\/posts"}],"about":[{"href":"http:\/\/www.eloriente.net\/home\/wp-json\/wp\/v2\/types\/post"}],"author":[{"embeddable":true,"href":"http:\/\/www.eloriente.net\/home\/wp-json\/wp\/v2\/users\/1"}],"replies":[{"embeddable":true,"href":"http:\/\/www.eloriente.net\/home\/wp-json\/wp\/v2\/comments?post=13888"}],"version-history":[{"count":4,"href":"http:\/\/www.eloriente.net\/home\/wp-json\/wp\/v2\/posts\/13888\/revisions"}],"predecessor-version":[{"id":15381,"href":"http:\/\/www.eloriente.net\/home\/wp-json\/wp\/v2\/posts\/13888\/revisions\/15381"}],"wp:featuredmedia":[{"embeddable":true,"href":"http:\/\/www.eloriente.net\/home\/wp-json\/wp\/v2\/media\/3361"}],"wp:attachment":[{"href":"http:\/\/www.eloriente.net\/home\/wp-json\/wp\/v2\/media?parent=13888"}],"wp:term":[{"taxonomy":"category","embeddable":true,"href":"http:\/\/www.eloriente.net\/home\/wp-json\/wp\/v2\/categories?post=13888"},{"taxonomy":"post_tag","embeddable":true,"href":"http:\/\/www.eloriente.net\/home\/wp-json\/wp\/v2\/tags?post=13888"}],"curies":[{"name":"wp","href":"https:\/\/api.w.org\/{rel}","templated":true}]}}