{"id":13891,"date":"2013-07-01T10:04:54","date_gmt":"2013-07-01T16:04:54","guid":{"rendered":"http:\/\/www.eloriente.net\/home\/?p=13891"},"modified":"2013-07-01T10:04:54","modified_gmt":"2013-07-01T16:04:54","slug":"las-10-vistas-de-el_oriente-en-junio-2013","status":"publish","type":"post","link":"http:\/\/www.eloriente.net\/home\/2013\/07\/01\/las-10-vistas-de-el_oriente-en-junio-2013\/","title":{"rendered":"Las 10+ Vistas de @El_Oriente en Junio 2013"},"content":{"rendered":"<p>eloriente.net<\/p>\n<p>1 de julio de 2013<\/p>\n<p>eloriente.net<\/p>\n<p>1 de julio de 2013<\/p>\n<p>Cada mes, El Oriente publicar\u00e1 esta lista de los contenidos m\u00e1s visitados por nuestros usuarios. Esto, para que aquellos que se han perdido una buena recomendaci\u00f3n, una buena nota, tengan la oportunidad de volver sobre ella, aprender, regocijarse, disfrutar.<\/p>\n<p>Hay que recordar que el objetivo de El Oriente es no solamente informar, sino hacer llegar a tu mirada algunas de las cosas que valen la pena de la vida: im\u00e1genes extraordinarias, palabras que transforman, voces para aprender.<\/p>\n<p>En el mes de junio hay que destacar la cobertura puntual que se efectu\u00f3 a trav\u00e9s de la cuenta @EleccionesOax en twitter; un ejercicio plural e independiente para informar a las y los ciudadanos sobre el estado, las propuestas y actividades de los aspirantes y candidatos a un cargo de elecci\u00f3n popular. La cobertura ha tenido un gran eco por parte de nuestros lectores por lo que no sorprende que varias de estas notas est\u00e9n en la lista de las 10+ de ELORIENTE.NET:<\/p>\n<p>La lista de Junio de 2013:<\/p>\n<p><a href=\"http:\/\/www.eloriente.net\/home\/category\/elecciones-2013\/\" target=\"_blank\">1. LA COBERTURA ELECCIONES 2013<\/a><\/p>\n<p>Una cobertura lo m\u00e1s apegada a la argumentaci\u00f3n, alejada del ruido y el rumor, @EleccionesOax es una referencia para las personas que desean orientar su preferencia y saber puntualmente qu\u00e9 partidos y candidatos responden mejor a sus ideas. Esta primera semana del mes de julio no puedes perderte esta cobertura pues tendr\u00e1 conclusiones importantes de cara a la votaci\u00f3n del d\u00eda 7.<\/p>\n<p><a href=\"http:\/\/www.eloriente.net\/home\/2013\/06\/07\/alebrijes-de-oaxaca-define-plantilla-para-torneo-de-liga-de-ascenso-mx-2013\/\" target=\"_blank\">2. ALEBRIJES DEFINE SU PLANTILLA DE JUGADORES PARA TORNEO DE ASCENSOMX 2013<\/a><\/p>\n<p>Con la expectativa de contar con un plantel competitivo para la temporada por arrancar en la liga de ascenso, los aficionados al futbol en Oaxaca se han manifestado muy interesados en la plantilla de jugadores de los Alebrijes. Antes que nadie, @El_Oriente dio a conocer esta lista que tiene jugadores provenientes de equipos como Necaxa, Pachuca, entre otros. Ven y Con\u00f3cela!<\/p>\n<p><a href=\"http:\/\/www.eloriente.net\/home\/2013\/01\/26\/mexico-quinto-pais-con-mayor-numero-de-usuarios-en-facebook\/\" target=\"_blank\">\u00a03. M\u00c9XICO, QUINTO PA\u00cdS CON MAYOR N\u00daMERO DE USUARIOS EN FACEBOOK<\/a><\/p>\n<p>Son casi 40 millones de personas las que tienen facebook en M\u00e9xico; cifra sorprendente si tomamos en consideraci\u00f3n que en total somos 112 millones de personas. Pero hay otros pa\u00edses con cifras sorprendentes. M\u00edralos en ELORIENTE.NET<\/p>\n<p><a href=\"http:\/\/www.eloriente.net\/home\/2013\/04\/17\/xlxx-concurso-latinoamericano-de-cuento-edmundo-valades\/\" target=\"_blank\">\u00a04. CONVOCATORIA AL QUINTO CONCURSO LATINOAMERICANO DE CUENTO EDMUNDO VALAD\u00c9S<\/a><\/p>\n<p>Hay tiempo para que los escritores de Oaxaca y del pa\u00eds entero participen en esta convocatoria que tambi\u00e9n despert\u00f3 gran inter\u00e9s entre los usuarios de ELORIENTE.NET. El premio es muy bueno (50,000) y adem\u00e1s se trata de un cuento de entre 5 y 15 cuartillas.<\/p>\n<p><a href=\"http:\/\/www.eloriente.net\/home\/2013\/06\/01\/los-70-comunicadores-con-mayor-impacto-en-twitter-de-oaxaca-junio2013\/\" target=\"_blank\">5. LISTA DE LOS 70 COMUNICADORES CON MAYOR IMPACTO EN TWITTER DE OAXACA (JUNIO\/2013)<\/a><\/p>\n<p>Esta lista con los 70 comunicadores ha resultado un ejercicio muy interesante pues al estar elaborada con rigor, en base a un \u00edndice que puede contrastarse p\u00fablicamente como Tweet Grader, ha impactado de forma importante en el medio noticioso de Oaxaca. Cabe destacar que los primeros cinco comunicadores, desde las primeras mediciones, no han variado de forma significativa. Son los casos de Sof\u00eda Valdivia, Humberto Cruz, Jorge Oropeza, Nadia Sanabia y Rubel Salinas, lo cual habla de la penetraci\u00f3n que tienen a trav\u00e9s de esta red social y la preferencia de sus seguidores. Todos rebasan los 4,200 seguidores y cada mes van en aumento. Conoce al resto y si piensan que hace falta alguno que consideres, has la propuesta respectiva.<\/p>\n<p><a href=\"http:\/\/www.eloriente.net\/home\/category\/municipios\/\" target=\"_blank\">6. NUESTRA CATEGOR\u00cdA DE MUNICIPIOS<\/a><\/p>\n<p>Con una esmerada cobertura de lo que acontece de importancia en las regiones y\u00a0 municipios de Oaxaca, esta secci\u00f3n es de gran aceptaci\u00f3n por parte de nuestros lectores, lo que pone de manifiesto que en Oaxaca son muy importantes los datos que puedan aportarse sobre el interior del estado y no solamente de la capital. Si eres de alg\u00fan municipio de Oaxaca, no dudes en ponerte en contacto con nosotros y compartir lo que vives y c\u00f3mo vive tu poblaci\u00f3n.<\/p>\n<p><a href=\"http:\/\/www.eloriente.net\/home\/author\/omar\/\" target=\"_blank\">7. LA COLUMNA DE OMAR ALEJANDRO CORT\u00c9S<\/a><\/p>\n<p>Valor de las letras de Oaxaca y M\u00e9xico, actualmente residente en Argentina, Omar Alejandro es <a href=\"http:\/\/www.eloriente.net\/home\/category\/colaboradores\/\" target=\"_blank\">columnista<\/a> asiduo de ELORIENTE.NET. Cada viernes encuentra aqu\u00ed sus textos que son, adem\u00e1s, del gusto de cientos de lectores. Durante varios meses consecutivos se ha ubicado en esta lista de los 10+.<\/p>\n<p><a href=\"http:\/\/www.eloriente.net\/home\/2013\/06\/12\/rafael-tovar-y-gabino-cue-acuerdan-proyectos-culturales-para-oaxaca\/\" target=\"_blank\">8. RAFAEL TOVAR Y GABINO CU\u00c9 ACUERDAN PROYECTOS CULTURALES PARA OAXACA<\/a><\/p>\n<p>Antes que cualquier otro medio en Oaxaca, el 12 de junio de 2013 dimos a conocer los acuerdos entre Gabino Cu\u00e9, Gobernador de Oaxaca, y Rafael Tovar y de Teresa, Presidente del Consejo Nacional para la Cultura y las Artes (CONACULTA, para realizar una serie de proyectos culturales en nuestro estado, entre los que destacan construir y equipar el Centro de Iniciaci\u00f3n Musical de Oaxaca; rescatar y modernizar los archivos hist\u00f3ricos de la entidad, as\u00ed como remodelar, adecuar y equipar el Centro de las Artes Cinematogr\u00e1ficas y Audiovisuales del estado. Ven y ent\u00e9rate de lo que viene.<\/p>\n<p><a href=\"http:\/\/www.eloriente.net\/home\/2013\/06\/03\/una-carta-a-quien-aun-no-llega\/\" target=\"_blank\">9. UNA CARTA DE QUI\u00c9N A\u00daN NO LLEGA, DE ADRI\u00c1N GONZ\u00c1LEZ<\/a><\/p>\n<p>Un texto hecho con madera sensible de Adri\u00e1n Gonz\u00e1lez, quien nos ha enviado en diversas ocasiones textos de su autor\u00eda y son del gusto de los lectores de ELORIENTE.NET, tan es as\u00ed que lo han colocado tanto en esta medici\u00f3n como en las m\u00e1s recomendadas de Facebook dentro de los primeros lugares. Sin lugar a dudas, un ejemplo de que es importante tomar la pluma y hacer contacto con nosotros para que m\u00e1s y m\u00e1s personas compartan tu sentir y tus ideas.<\/p>\n<p><a href=\"http:\/\/www.eloriente.net\/home\/2013\/03\/07\/historia-detras-de-la-cancion-y-como-es-el-de-jose-luis-perales-por-canal-3\/\" target=\"_blank\">10. \u00bfY C\u00d3MO ES \u00c9L?, LA HISTORIA DETR\u00c1S DE LA CANCI\u00d3N DE JOS\u00c9 LUIS PERALES<\/a><\/p>\n<p>Esta ha sido una de las secciones m\u00e1s seguidas en ELORIENTE.NET, pues a nuestros lectores como a nosotros nos interesa conocer m\u00e1s a fondo lo que un compositor o un cantante nos quieren decir con una melod\u00eda. Es el caso de esta en particular de Jos\u00e9 Luis Perales, que puede considerarse un referente de la canci\u00f3n popular en espa\u00f1ol.<\/p>\n<p>Foto: @<a id=\"js_3\" href=\"https:\/\/www.facebook.com\/MaisonEuropeennePhotographie\" data-hovercard=\"\/ajax\/hovercard\/page.php?id=494512300570214\">Maison Europ\u00e9enne de la Photographie<\/a><\/p>\n<p>&nbsp;<\/p>\n\n\t\t\t  <div \n\t\t\t  \tclass = \"fb-comments\" \n\t\t\t  \tdata-href = \"http:\/\/www.eloriente.net\/home\/2013\/07\/01\/las-10-vistas-de-el_oriente-en-junio-2013\/\"\n\t\t\t  \tdata-numposts = \"10\"\n\t\t\t\tdata-colorscheme = \"dark\"\n\t\t\t\tdata-order-by = \"social\"\n\t\t\t\tdata-mobile=true>\n\t\t\t  <\/div>\n\t\t  <style>\n\t\t\t.fb_iframe_widget_fluid_desktop iframe {\n\t\t\t    width: 100% !important;\n\t\t\t}\n\t\t  <\/style>\n\t\t  ","protected":false},"excerpt":{"rendered":"<p>eloriente.net 1 de julio de 2013 eloriente.net 1 de julio de 2013 Cada mes, El Oriente publicar\u00e1 esta lista de los contenidos m\u00e1s visitados por nuestros usuarios. Esto, para que aquellos que se han perdido una buena recomendaci\u00f3n, una buena nota, tengan la oportunidad de volver sobre ella, aprender, regocijarse, disfrutar. Hay que recordar que [&hellip;]<\/p>\n","protected":false},"author":1,"featured_media":13895,"comment_status":"open","ping_status":"open","sticky":false,"template":"","format":"standard","meta":{"_jetpack_memberships_contains_paid_content":false,"footnotes":""},"categories":[32,13,31],"tags":[],"class_list":["post-13891","post","type-post","status-publish","format-standard","has-post-thumbnail","hentry","category-entradas","category-especiales","category-principal"],"jetpack_featured_media_url":"http:\/\/www.eloriente.net\/home\/wp-content\/uploads\/2013\/07\/ans-titre-de-la-se\u0301rie-\u00abTourbillon\u00bb-2006-\u00a9-Joa\u0303o-Castilho.jpg","jetpack_sharing_enabled":true,"_links":{"self":[{"href":"http:\/\/www.eloriente.net\/home\/wp-json\/wp\/v2\/posts\/13891"}],"collection":[{"href":"http:\/\/www.eloriente.net\/home\/wp-json\/wp\/v2\/posts"}],"about":[{"href":"http:\/\/www.eloriente.net\/home\/wp-json\/wp\/v2\/types\/post"}],"author":[{"embeddable":true,"href":"http:\/\/www.eloriente.net\/home\/wp-json\/wp\/v2\/users\/1"}],"replies":[{"embeddable":true,"href":"http:\/\/www.eloriente.net\/home\/wp-json\/wp\/v2\/comments?post=13891"}],"version-history":[{"count":2,"href":"http:\/\/www.eloriente.net\/home\/wp-json\/wp\/v2\/posts\/13891\/revisions"}],"predecessor-version":[{"id":13906,"href":"http:\/\/www.eloriente.net\/home\/wp-json\/wp\/v2\/posts\/13891\/revisions\/13906"}],"wp:featuredmedia":[{"embeddable":true,"href":"http:\/\/www.eloriente.net\/home\/wp-json\/wp\/v2\/media\/13895"}],"wp:attachment":[{"href":"http:\/\/www.eloriente.net\/home\/wp-json\/wp\/v2\/media?parent=13891"}],"wp:term":[{"taxonomy":"category","embeddable":true,"href":"http:\/\/www.eloriente.net\/home\/wp-json\/wp\/v2\/categories?post=13891"},{"taxonomy":"post_tag","embeddable":true,"href":"http:\/\/www.eloriente.net\/home\/wp-json\/wp\/v2\/tags?post=13891"}],"curies":[{"name":"wp","href":"https:\/\/api.w.org\/{rel}","templated":true}]}}