{"id":14048,"date":"2013-07-04T08:55:22","date_gmt":"2013-07-04T14:55:22","guid":{"rendered":"http:\/\/www.eloriente.net\/home\/?p=14048"},"modified":"2013-07-04T12:04:46","modified_gmt":"2013-07-04T18:04:46","slug":"todo-listo-para-la-xvi-edicion-del-festival-puro-teatro","status":"publish","type":"post","link":"http:\/\/www.eloriente.net\/home\/2013\/07\/04\/todo-listo-para-la-xvi-edicion-del-festival-puro-teatro\/","title":{"rendered":"Todo listo para la XVI edici\u00f3n del Festival Puro Teatro"},"content":{"rendered":"<p>eloriente.net\/<a href=\"http:\/\/www.conaculta.gob.mx\" target=\"_blank\"> Conaculta<\/a><\/p>\n<p>4 de julio de 2013<\/p>\n<ul>\n<li>El encuentro se desarrollar\u00e1 en sedes como la Biblioteca Vasconcelos, el Centro Cultural de Espa\u00f1a, el Centro Nacional de las Artes, los FAROS Indios Verdes, Milpa Alta y Tl\u00e1huac, el Multiforo Tlalpan y los Teatros Hidalgo, Morelos, Santa Fe y Tepeyac del IMSS<\/li>\n<\/ul>\n<p align=\"justify\">Con una amplia oferta de artes esc\u00e9nicas para ni\u00f1os, ni\u00f1as y adolescentes se llevar\u00e1 a cabo la XVI edici\u00f3n del Festival Puro Teatro del 8 al 14 de julio en diversas sedes del Distrito Federal con el apoyo de Conaculta, a trav\u00e9s del Programa Alas y Ra\u00edces, el Instituto Mexicano del Seguro Social y la compa\u00f1\u00eda La Trouppe.<\/p>\n<p align=\"justify\">La Coordinadora Nacional de Desarrollo Cultural Infantil, Susana R\u00edos Szalay, explic\u00f3 que en esta ocasi\u00f3n 29 compa\u00f1\u00edas ofrecer\u00e1n 67 funciones gratuitas con propuestas de improvisaci\u00f3n, artes circenses, t\u00edteres, teatro negro, danza, teatro para beb\u00e9s, clown y cabaret para ni\u00f1os.<\/p>\n<p align=\"justify\">Las sedes ser\u00e1n la Biblioteca Vasconcelos, el Centro Cultural de Espa\u00f1a, el Centro Nacional de las Artes, los FAROS Indios Verdes, Milpa Alta y Tl\u00e1huac, el Multiforo Tlalpan y los Teatros Hidalgo, Morelos, Santa Fe y Tepeyac del IMSS.<\/p>\n<p align=\"justify\">Adem\u00e1s, destac\u00f3 que habr\u00e1 una transmisi\u00f3n en vivo de una funci\u00f3n diaria a trav\u00e9s de la p\u00e1gina web www.a.gob.mx de las obras:\u00a0<em>Improt\u00e9petl<\/em>de la compa\u00f1\u00eda Improtop,\u00a0<em>\u00d1e\u00f1e Zombies<\/em>\u00a0de Cabaret Misterio,\u00a0<em>Otto\u00a0<\/em>de la Compa\u00f1\u00eda La Bomba Teatro,\u00a0<em>Los Puercos de Nicol\u00e1s Mangana<\/em>\u00a0a cargo de la compa\u00f1\u00eda Infantil Teatro Caracol de Colima,\u00a0<em>20 mil letras de viaje trupetero<\/em>\u00a0de La Trouppe,\u00a0<em>Reflejos\u00a0<\/em>de Larumbe Danza y\u00a0<em>Paparruchas\u00a0<\/em>de La Bomba Teatro.<\/p>\n<p align=\"justify\">Agreg\u00f3 que la programaci\u00f3n del Festival llegar\u00e1 de nuevo a las seis Comunidades de Tratamiento Especializado para Adolescentes del Distrito Federal y al interior de la Rep\u00fablica, del 19 a 21 de julio, en Ciudad Ju\u00e1rez, Guadalajara, Le\u00f3n, Quer\u00e9taro, San Luis Potos\u00ed, Tepic, Tlaxcala y Zacatecas.<\/p>\n<p align=\"justify\">El Coordinador Nacional de Teatro del Instituto Nacional de Bellas Artes, Juan Meli\u00e1 consider\u00f3 que el festival tiene un compromiso y una valent\u00eda tem\u00e1tica muy importante: \u201cEn este festival encontrar\u00e1n una variedad de propuestas y obras que pone en cuesti\u00f3n temas para la juventud como<em>Hazme un hijo<\/em>\u00a0de A la Deriva Teatro, creo que es muy importante la curadur\u00eda tem\u00e1tica que se ha hecho\u201d.<\/p>\n<p align=\"justify\">En ese sentido, puso \u00e9nfasis en la participaci\u00f3n de la compa\u00f1\u00eda espa\u00f1ola Larumbe Danza con el espect\u00e1culo para preescolares\u00a0<em>Reflejos<\/em>, en el que la magia, el juego y la ternura son los ingredientes principales.<\/p>\n<p align=\"justify\">Explic\u00f3 que para el INBA, el festival representa una salida a obras presentadas como parte del programa de Teatro Escolar: \u201cEste teatro se produce cada vez m\u00e1s en el pa\u00eds, existen 35 obras al a\u00f1o que se ponen en temporadas en diferentes estados y est\u00e1 siendo un motor de formaci\u00f3n de p\u00fablicos y de apoyo a la producci\u00f3n teatral en estas ramas\u201d.<\/p>\n<p align=\"justify\">De acuerdo con el director art\u00edstico de la Compa\u00f1\u00eda La Trouppe, Mauro Mendoza, en el teatro para ni\u00f1os ha habido cambios en la forma y oferta, lo que ha dado paso a un incremento de puestas en escena para diversos grupos de edades, como es el caso de\u00a0<em>Umbo<\/em>, obra dirigida a beb\u00e9s cargo de la Compa\u00f1\u00eda Teatro al Vac\u00edo.<\/p>\n<p align=\"justify\">La representante de La Trouppe, Carmen Mendoza, asegur\u00f3 que el festival promueve la integraci\u00f3n familiar con actividades que ayudan a los creadores, pero sobre todo a los ni\u00f1os y j\u00f3venes que se enfrentan a un contexto dif\u00edcil en nivel social.<\/p>\n<p align=\"justify\">\u201cEl teatro y el arte debe ser la medicina contra la depresi\u00f3n y las crisis y con este festival presentamos opciones de calidad de manera gratuita para este verano\u201d, expuso Carmen Mendoza.<\/p>\n<p align=\"justify\">Como parte de la programaci\u00f3n para preescolares destaca\u00a0<em>M\u00fasica para los ojos<\/em>\u00a0a cargo de Se\u00f1a y Verbo en el que se invita a ni\u00f1os a partir de tres a\u00f1os a realizar un viaje por el mar, el cielo y el campo, y\u00a0<em>Jugar<\/em>, obra de Teatro al Vac\u00edo que busca despertar la imaginaci\u00f3n de los peque\u00f1os espectadores.<\/p>\n<p align=\"justify\">En el teatro para escolares sobresale\u00a0<em>El viaje de Tina<\/em>\u00a0con El Laboratorio de la M\u00e1scara en donde una familia cruza la frontera en busca de mejores condiciones de vida en plena v\u00edspera del D\u00eda de Muertos;\u00a0<em>Solita<\/em>\u00a0de Apeir\u00f3n Teatro, espect\u00e1culo donde predomina lo imprevisto, lo sorprendente y lo espont\u00e1neo y\u00a0<em>Tutti-Truppi en concherto<\/em>\u00a0de la compa\u00f1\u00eda La Trouppe que invita a los ni\u00f1os a divertirse con sus espect\u00e1culos de teatro negro lleno de humor blanco.<\/p>\n<p align=\"justify\">Entre la oferta para j\u00f3venes a partir de los 13 a\u00f1os se encuentra la propuesta de danza butoh\u00a0<em>La Bestia<\/em>\u00a0con el bailar\u00edn Espartaco Mart\u00ednez y la obra\u00a0<em>Sedientos<\/em>, del escritor, actor y director canadiense Wajdi Mouawad en el que tres historias confluyen para abordar los sue\u00f1os y los deseos no cumplidos.<\/p>\n<p align=\"justify\">La programaci\u00f3n completa puede consultarse en www.a.gob.mx, en la p\u00e1gina del IMSS www.imss.gob.mx\/prestaciones\/sociales. Todas las funciones son gratuitas por lo que la entrega de boletos se realizar\u00e1 media hora antes de cada funci\u00f3n.<\/p>\n<p align=\"justify\"><a href=\"http:\/\/www.eloriente.net\/home\/wp-content\/uploads\/2013\/07\/Derechos-reservados-ALR-Conaculta-Festival-Puro-Teatro.png\"><img loading=\"lazy\" decoding=\"async\" class=\"aligncenter size-medium wp-image-14049\" title=\"Derechos reservados ALR: Conaculta-Festival Puro Teatro\" src=\"http:\/\/www.eloriente.net\/home\/wp-content\/uploads\/2013\/07\/Derechos-reservados-ALR-Conaculta-Festival-Puro-Teatro-300x198.png\" alt=\"\" width=\"300\" height=\"198\" srcset=\"http:\/\/www.eloriente.net\/home\/wp-content\/uploads\/2013\/07\/Derechos-reservados-ALR-Conaculta-Festival-Puro-Teatro-300x198.png 300w, http:\/\/www.eloriente.net\/home\/wp-content\/uploads\/2013\/07\/Derechos-reservados-ALR-Conaculta-Festival-Puro-Teatro.png 1004w\" sizes=\"(max-width: 300px) 100vw, 300px\" \/><\/a><\/p>\n<p align=\"justify\">\n<p align=\"justify\">*Comunicado<\/p>\n\n\t\t\t  <div \n\t\t\t  \tclass = \"fb-comments\" \n\t\t\t  \tdata-href = \"http:\/\/www.eloriente.net\/home\/2013\/07\/04\/todo-listo-para-la-xvi-edicion-del-festival-puro-teatro\/\"\n\t\t\t  \tdata-numposts = \"10\"\n\t\t\t\tdata-colorscheme = \"dark\"\n\t\t\t\tdata-order-by = \"social\"\n\t\t\t\tdata-mobile=true>\n\t\t\t  <\/div>\n\t\t  <style>\n\t\t\t.fb_iframe_widget_fluid_desktop iframe {\n\t\t\t    width: 100% !important;\n\t\t\t}\n\t\t  <\/style>\n\t\t  ","protected":false},"excerpt":{"rendered":"<p>eloriente.net\/ Conaculta 4 de julio de 2013 El encuentro se desarrollar\u00e1 en sedes como la Biblioteca Vasconcelos, el Centro Cultural de Espa\u00f1a, el Centro Nacional de las Artes, los FAROS Indios Verdes, Milpa Alta y Tl\u00e1huac, el Multiforo Tlalpan y los Teatros Hidalgo, Morelos, Santa Fe y Tepeyac del IMSS Con una amplia oferta de [&hellip;]<\/p>\n","protected":false},"author":1,"featured_media":14049,"comment_status":"open","ping_status":"open","sticky":false,"template":"","format":"standard","meta":{"_jetpack_memberships_contains_paid_content":false,"footnotes":""},"categories":[64,18,32,63,10],"tags":[],"class_list":["post-14048","post","type-post","status-publish","format-standard","has-post-thumbnail","hentry","category-distrito-federal","category-educacion-y-cultura","category-entradas","category-estados","category-lo-mas-reciente"],"jetpack_featured_media_url":"http:\/\/www.eloriente.net\/home\/wp-content\/uploads\/2013\/07\/Derechos-reservados-ALR-Conaculta-Festival-Puro-Teatro.png","jetpack_sharing_enabled":true,"_links":{"self":[{"href":"http:\/\/www.eloriente.net\/home\/wp-json\/wp\/v2\/posts\/14048"}],"collection":[{"href":"http:\/\/www.eloriente.net\/home\/wp-json\/wp\/v2\/posts"}],"about":[{"href":"http:\/\/www.eloriente.net\/home\/wp-json\/wp\/v2\/types\/post"}],"author":[{"embeddable":true,"href":"http:\/\/www.eloriente.net\/home\/wp-json\/wp\/v2\/users\/1"}],"replies":[{"embeddable":true,"href":"http:\/\/www.eloriente.net\/home\/wp-json\/wp\/v2\/comments?post=14048"}],"version-history":[{"count":2,"href":"http:\/\/www.eloriente.net\/home\/wp-json\/wp\/v2\/posts\/14048\/revisions"}],"predecessor-version":[{"id":14097,"href":"http:\/\/www.eloriente.net\/home\/wp-json\/wp\/v2\/posts\/14048\/revisions\/14097"}],"wp:featuredmedia":[{"embeddable":true,"href":"http:\/\/www.eloriente.net\/home\/wp-json\/wp\/v2\/media\/14049"}],"wp:attachment":[{"href":"http:\/\/www.eloriente.net\/home\/wp-json\/wp\/v2\/media?parent=14048"}],"wp:term":[{"taxonomy":"category","embeddable":true,"href":"http:\/\/www.eloriente.net\/home\/wp-json\/wp\/v2\/categories?post=14048"},{"taxonomy":"post_tag","embeddable":true,"href":"http:\/\/www.eloriente.net\/home\/wp-json\/wp\/v2\/tags?post=14048"}],"curies":[{"name":"wp","href":"https:\/\/api.w.org\/{rel}","templated":true}]}}