{"id":14306,"date":"2013-07-09T08:36:17","date_gmt":"2013-07-09T14:36:17","guid":{"rendered":"http:\/\/www.eloriente.net\/home\/?p=14306"},"modified":"2013-07-09T11:37:47","modified_gmt":"2013-07-09T17:37:47","slug":"presentan-programa-nacional-de-fomento-y-estimulo-a-industrias-creativas-y-a-empresas-culturales","status":"publish","type":"post","link":"http:\/\/www.eloriente.net\/home\/2013\/07\/09\/presentan-programa-nacional-de-fomento-y-estimulo-a-industrias-creativas-y-a-empresas-culturales\/","title":{"rendered":"Presentan Programa Nacional de Fomento y Est\u00edmulo a Industrias Creativas y a Empresas Culturales"},"content":{"rendered":"<p>eloriente.net\/<a href=\"http:\/\/www.conaculta.gob.mx\/\" target=\"_blank\"> Conaculta<\/a><\/p>\n<p>9 de julio de 2013<\/p>\n<ul>\n<li>El criterio que debe guiar el apoyo a la creaci\u00f3n art\u00edstica es \u00a0la excelencia, destac\u00f3 el \u00a0presidente del Conaculta.<\/li>\n<li>El nuevo esquema dispone de 120 millones de pesos, para apoyar industrias creativas con cr\u00e9ditos hasta por 4 millones de pesos para la realizaci\u00f3n de sus proyectos<\/li>\n<li>El Fonca aumenta en 55 millones de pesos su presupuesto para respaldar proyectos art\u00edsticos<\/li>\n<\/ul>\n<p align=\"justify\">Como un nuevo paso en beneficio de las empresas del sector cultura, que se sumar\u00e1 a las tareas del Fondo Nacional para la Cultura y las Artes (Fonca) en el \u00a0respaldo a proyectos art\u00edsticos de excelencia, defini\u00f3 Rafael Tovar y de Teresa, presidente del Conaculta el Programa Nacional de Fomento y Est\u00edmulo a las Industrias Creativas y a Empresas Culturales, presentado este lunes 8 de julio en el Museo Tamayo Arte Contempor\u00e1neo.<\/p>\n<p>\u201cEste programa surge dentro de la din\u00e1mica que en el gobierno del presidente Enrique Pe\u00f1a ha resultado en el apoyo a las peque\u00f1as y medianas empresas (Pymes), aunado a los objetivos que tiene el Instituto Nacional del Emprendedor y las nuevas directrices de Nacional Financiera y su relaci\u00f3n con la Asociaci\u00f3n Mexicana de Bancos, para canalizar recursos que favorezcan el financiamiento de proyectos culturales\u201d, expres\u00f3 Rafael Tovar.<\/p>\n<p>El presidente del Conaculta explic\u00f3 que el prop\u00f3sito del programa es \u00a0poner a disposici\u00f3n de iniciativas que puedan convertirse en peque\u00f1as o medianas industrias vinculadas a la tarea cultural, un esquema de respaldo financiero, apoyando de manera muy especial a las nuevas tecnolog\u00edas vinculadas a la cultura.<\/p>\n<p>\u201cLa idea es que los creadores \u2013detall\u00f3\u2013 tengan recursos para arrancar con sus iniciativas, porque muchas veces \u00a0la ausencia de apoyos es \u00a0lo que las detiene. Este es un nuevo paso en la acci\u00f3n del Conaculta para el est\u00edmulo a la creatividad y para reconocer en t\u00e9rminos concretos y materiales que lo que se necesita para esto son recursos que est\u00e9n a la disposici\u00f3n de las mejores iniciativas para el desarrollo cultural de nuestro pa\u00eds\u201d.<\/p>\n<p>En el Auditorio del Museo Rufino Tamayo estuvieron tambi\u00e9n presentes Irma Caire, directora del Fonca; Jacques Rogozinski, director general de Nacional Financiera; Roberto Galarza, coordinador del Comit\u00e9 de Cr\u00e9dito a Pymes de la Asociaci\u00f3n de Bancos de M\u00e9xico, as\u00ed como Alejandro Gonz\u00e1lez Hern\u00e1ndez, coordinador general de Planeaci\u00f3n Estrat\u00e9gica, Evaluaci\u00f3n y Seguimiento del Instituto Nacional del Emprendedor (Inadem).<\/p>\n<p>Rafael Tovar y de Teresa record\u00f3 que el Fonca se cre\u00f3 en 1989 con el prop\u00f3sito de crear una serie de fondos, subfondos y acciones muy espec\u00edficas que permitieran que los recursos fueran asignados a proyectos que entraran por convocatoria p\u00fablica.<\/p>\n<p>\u201cEsto, en pocas palabras, era para terminar con muchos clientelismos pol\u00edticos, que sin obedecer a ninguna l\u00ednea general de trabajo, sin ir a ning\u00fan objetivo general de pol\u00edtica cultural, se otorgaban en el corto plazo\u201d, destac\u00f3 el presidente del Conaculta.<\/p>\n<p>Anunci\u00f3 que con la participaci\u00f3n de los miembros del Consejo Directivo del Sistema Nacional de Creadores se ha emprendido una revisi\u00f3n de cu\u00e1les son los aspectos que tienen que corregirse y profundizarse, as\u00ed como de las buenas experiencias que han surgido para dar nuevos par\u00e1metros a la entrega de recursos a los proyectos de calidad.<\/p>\n<p>\u201cEl principal criterio en el que estuvimos total y absolutamente de acuerdo, que debe de guiar a estas convocatorias, tiene que ser el de la excelencia. El Fonca no es un mecanismo asistencial ni debe regirse bajo el concepto de que sus recursos deben alcanzar un poquito para todos. Lo que aqu\u00ed se reconoce es la excelencia y ser\u00e1 \u00e9sta la que distinga los proyectos que surjan y se conviertan en una realidad cultural para la vida art\u00edstica de M\u00e9xico\u00bb, precis\u00f3 Rafael Tovar.<\/p>\n<p>El presidente del Conaculta asegur\u00f3 que una buena parte de los proyectos que en los \u00faltimos 20 a\u00f1os han construido las realidades culturales de nuestro pa\u00eds son producto de estos est\u00edmulos.<\/p>\n<p>\u201cHemos luchado porque estos proyectos se vinculen a la realidad cultural, no nada m\u00e1s que se trate de apoyar la autor\u00eda de un libro, la preparaci\u00f3n de una exposici\u00f3n, la composici\u00f3n de una obra musical, una obra de teatro sino que todo ello se vincule a la tarea cultural del pa\u00eds, \u00a0de tal manera que la sinergia proyecte una nueva oferta cultural y que la obra de todos los creadores se convierta en una realidad\u201d.<\/p>\n<p>Irma Caire, directora del Fondo Nacional para la Cultura y las Artes, se\u00f1al\u00f3 que con el apoyo del sector financiero se lograr\u00e1 un esquema m\u00e1s amplio de apoyo para las industrias creativas y anunci\u00f3 que el Fonca aumenta en 55 millones de pesos su presupuesto para respaldar proyectos art\u00edsticos.<\/p>\n<p>\u00abNuestro papel en el Fonca para este nuevo programa ser\u00e1 la evaluaci\u00f3n de los proyectos para garantizar la excelencia de los mismos. Los recursos de nuestra instituci\u00f3n se homologar\u00e1n a un monto de 15 salarios m\u00ednimos y se otorgar\u00e1n hasta 100 est\u00edmulos a los creadores\u201d.<\/p>\n<p>Jacques Rogozinski, director general de Nacional Financiera, expuso que por tradici\u00f3n el fin de su instituci\u00f3n es apoyar a las industrias productivas m\u00e1s importantes del pa\u00eds y por ello la cultura representa hoy uno de los terrenos m\u00e1s valiosos de inversi\u00f3n.<\/p>\n<p>\u201cEstamos lanzando, para comenzar a delinear este programa, un esquema de apoyo por 120 millones de pesos, con el fin de que las industrias creativas tengan la oportunidad de obtener cr\u00e9ditos hasta por 4 millones de pesos para la realizaci\u00f3n de sus proyectos.\u201d<\/p>\n<p>El director general de Nacional Financiera explic\u00f3 que este programa es un instrumento profesional bien estructurado para que m\u00e1s empresas del sector cultura tengan acceso a apoyo financiero y puedan llevar a cabo proyectos art\u00edsticos que refuercen la presencia de las industrias culturales en M\u00e9xico.<\/p>\n<p>\u201cReiteramos nuestra satisfacci\u00f3n de que Nacional Financiera incursiones de forma directa en el sector empresarial de la cultura que hoy es sin duda uno de los terrenos de mayor vitalidad de nuestra naci\u00f3n\u201d.<\/p>\n<p>Roberto Galarza, coordinador del Comit\u00e9 de Cr\u00e9dito a Pymes de la Asociaci\u00f3n de Bancos de M\u00e9xico, indic\u00f3 que este programa de financiamiento constituye una de las oportunidades m\u00e1s innovadoras de los \u00faltimos a\u00f1os para empresas de la cultura as\u00ed como los creadores que buscan posicionar sus proyectos en un esquema profesional.<\/p>\n<p>\u00abCon esto se reconoce la gesti\u00f3n de los proyectos de las Pymes culturales, as\u00ed como a los creadores que las impulsan. Hoy existen cerca de 16 bancos con alrededor de 50 productos pensados en la peque\u00f1a y mediana empresas, por ello nuestro objetivo es llevar los beneficios de los productos financieros al sector de la cultura, asegurando que nuestras instituciones sigan siendo aliadas en los proyectos que contribuyan al progreso de M\u00e9xico\u201d.<\/p>\n<p>Alejandro Gonz\u00e1lez Hern\u00e1ndez, coordinador general de Planeaci\u00f3n Estrat\u00e9gica, Evaluaci\u00f3n y Seguimiento del Instituto Nacional del Emprendedor, expres\u00f3 que una de las riquezas m\u00e1s grandes de nuestro pa\u00eds se encuentra en su patrimonio cultural, representando una gran oportunidad de negocio al hacerlo part\u00edcipe de una base empresarial.<\/p>\n<p>En este sentido, extern\u00f3, el Inadem contribuye tambi\u00e9n a este programa con un apoyo inmediato de 20 millones de pesos, cifra que en su opini\u00f3n aportar\u00e1 grandes beneficios retroactivos para el impulso de las empresas culturales.<\/p>\n<p>\u201cPara lograr esto \u2013expuso\u2013 el principal instrumento es el Sistema Nacional de Garant\u00edas al cual se destinan hasta el 40 por ciento de los recursos del fondo Pyme, por ello buscamos mejores condiciones de cr\u00e9dito y tazas de inter\u00e9s competitivas para fortalecer a este programa que atender\u00e1 directamente a las empresas culturales cuya mayor riqueza es el capital intelectual de sus creadores, quienes generan al menos 3.3 por ciento de los empleos internos del pa\u00eds\u201d.<\/p>\n<p>Agreg\u00f3 que \u201cen cuanto a su participaci\u00f3n en el PIB, las industrias culturales contribuyen con el 7 por ciento a la generaci\u00f3n de riqueza del pa\u00eds, por ello lo que necesitamos es incrementar los apoyos a m\u00e1s empresas culturales sobre plataformas de financiamiento que sean acordes a los artistas de este sector, haciendo de sus proyectos esquemas rentables que fortalezcan de manera directa la cultura en nuestro pa\u00eds\u201d.<\/p>\n<p style=\"text-align: center;\" align=\"justify\"><a href=\"http:\/\/www.eloriente.net\/home\/wp-content\/uploads\/2013\/07\/anuncio_programa_nacional_de_fomento_y_estimulo_a_las_industrias_creativas_y_a_empresas_culturales_alr_3265b.jpg\"><img loading=\"lazy\" decoding=\"async\" class=\"aligncenter  wp-image-14307\" title=\"anuncio_programa_nacional_de_fomento_y_estimulo_a_las_industrias_creativas_y_a_empresas_culturales_alr_3265b\" src=\"http:\/\/www.eloriente.net\/home\/wp-content\/uploads\/2013\/07\/anuncio_programa_nacional_de_fomento_y_estimulo_a_las_industrias_creativas_y_a_empresas_culturales_alr_3265b.jpg\" alt=\"\" width=\"480\" height=\"318\" srcset=\"http:\/\/www.eloriente.net\/home\/wp-content\/uploads\/2013\/07\/anuncio_programa_nacional_de_fomento_y_estimulo_a_las_industrias_creativas_y_a_empresas_culturales_alr_3265b.jpg 1000w, http:\/\/www.eloriente.net\/home\/wp-content\/uploads\/2013\/07\/anuncio_programa_nacional_de_fomento_y_estimulo_a_las_industrias_creativas_y_a_empresas_culturales_alr_3265b-300x199.jpg 300w\" sizes=\"(max-width: 480px) 100vw, 480px\" \/><\/a><\/p>\n<p style=\"text-align: center;\" align=\"justify\">Foto:<a href=\"http:\/\/www.conaculta.gob.mx\/\" target=\"_blank\"> Conaculta<\/a><\/p>\n<p align=\"justify\">*Comunicado<\/p>\n\n\t\t\t  <div \n\t\t\t  \tclass = \"fb-comments\" \n\t\t\t  \tdata-href = \"http:\/\/www.eloriente.net\/home\/2013\/07\/09\/presentan-programa-nacional-de-fomento-y-estimulo-a-industrias-creativas-y-a-empresas-culturales\/\"\n\t\t\t  \tdata-numposts = \"10\"\n\t\t\t\tdata-colorscheme = \"dark\"\n\t\t\t\tdata-order-by = \"social\"\n\t\t\t\tdata-mobile=true>\n\t\t\t  <\/div>\n\t\t  <style>\n\t\t\t.fb_iframe_widget_fluid_desktop iframe {\n\t\t\t    width: 100% !important;\n\t\t\t}\n\t\t  <\/style>\n\t\t  ","protected":false},"excerpt":{"rendered":"<p>eloriente.net\/ Conaculta 9 de julio de 2013 El criterio que debe guiar el apoyo a la creaci\u00f3n art\u00edstica es \u00a0la excelencia, destac\u00f3 el \u00a0presidente del Conaculta. El nuevo esquema dispone de 120 millones de pesos, para apoyar industrias creativas con cr\u00e9ditos hasta por 4 millones de pesos para la realizaci\u00f3n de sus proyectos El Fonca [&hellip;]<\/p>\n","protected":false},"author":1,"featured_media":14307,"comment_status":"open","ping_status":"open","sticky":false,"template":"","format":"standard","meta":{"_jetpack_memberships_contains_paid_content":false,"footnotes":""},"categories":[18,32,10,24,31],"tags":[],"class_list":["post-14306","post","type-post","status-publish","format-standard","has-post-thumbnail","hentry","category-educacion-y-cultura","category-entradas","category-lo-mas-reciente","category-mexico-y-el-mundo","category-principal"],"jetpack_featured_media_url":"http:\/\/www.eloriente.net\/home\/wp-content\/uploads\/2013\/07\/anuncio_programa_nacional_de_fomento_y_estimulo_a_las_industrias_creativas_y_a_empresas_culturales_alr_3265b.jpg","jetpack_sharing_enabled":true,"_links":{"self":[{"href":"http:\/\/www.eloriente.net\/home\/wp-json\/wp\/v2\/posts\/14306"}],"collection":[{"href":"http:\/\/www.eloriente.net\/home\/wp-json\/wp\/v2\/posts"}],"about":[{"href":"http:\/\/www.eloriente.net\/home\/wp-json\/wp\/v2\/types\/post"}],"author":[{"embeddable":true,"href":"http:\/\/www.eloriente.net\/home\/wp-json\/wp\/v2\/users\/1"}],"replies":[{"embeddable":true,"href":"http:\/\/www.eloriente.net\/home\/wp-json\/wp\/v2\/comments?post=14306"}],"version-history":[{"count":3,"href":"http:\/\/www.eloriente.net\/home\/wp-json\/wp\/v2\/posts\/14306\/revisions"}],"predecessor-version":[{"id":14339,"href":"http:\/\/www.eloriente.net\/home\/wp-json\/wp\/v2\/posts\/14306\/revisions\/14339"}],"wp:featuredmedia":[{"embeddable":true,"href":"http:\/\/www.eloriente.net\/home\/wp-json\/wp\/v2\/media\/14307"}],"wp:attachment":[{"href":"http:\/\/www.eloriente.net\/home\/wp-json\/wp\/v2\/media?parent=14306"}],"wp:term":[{"taxonomy":"category","embeddable":true,"href":"http:\/\/www.eloriente.net\/home\/wp-json\/wp\/v2\/categories?post=14306"},{"taxonomy":"post_tag","embeddable":true,"href":"http:\/\/www.eloriente.net\/home\/wp-json\/wp\/v2\/tags?post=14306"}],"curies":[{"name":"wp","href":"https:\/\/api.w.org\/{rel}","templated":true}]}}