{"id":14312,"date":"2013-07-09T08:59:07","date_gmt":"2013-07-09T14:59:07","guid":{"rendered":"http:\/\/www.eloriente.net\/home\/?p=14312"},"modified":"2013-07-09T08:59:07","modified_gmt":"2013-07-09T14:59:07","slug":"museo-del-palacio-exhibe-muestra-de-trajes-regionales-de-oaxaca","status":"publish","type":"post","link":"http:\/\/www.eloriente.net\/home\/2013\/07\/09\/museo-del-palacio-exhibe-muestra-de-trajes-regionales-de-oaxaca\/","title":{"rendered":"Museo del Palacio exhibe muestra de trajes regionales de Oaxaca"},"content":{"rendered":"<p>eloriente.net\/ G<a href=\"http:\/\/www.oaxaca.gob.mx\/\" target=\"_blank\">obierno del Estado de Oaxaca<\/a><\/p>\n<p>9 de julio de 2013<\/p>\n<ul>\n<li><strong>Inauguran \u201cXaba Lul\u00e1a Retrospectiva 1940 a 2000\u201d, exposici\u00f3n de trajes regionales de Oaxaca, en el Museo del Palacio.<\/strong><\/li>\n<\/ul>\n<p>Dentro de las actividades que engalanan las festividades de la Guelaguetza 2013, la noche del pasado viernes fue inaugurada la exposici\u00f3n de trajes regionales \u201cXaba Lul\u00e1a Restrospectiva 1940 a 2000\u201d, en el Museo del Palacio, la cual durante el mes de julio recibir\u00e1 a visitantes nacionales e internacionales, para admirar y conocer m\u00e1s de 30 atuendos de identidad y tradici\u00f3n de las ocho regiones de Oaxaca.<\/p>\n<p>Para cortar el list\u00f3n inaugural estuvieron presentes el director del Museo de Palacio Jes\u00fas Mart\u00ednez Arvizu y el Subsecretario de Promoci\u00f3n Tur\u00edstica, Gabriel Antonio Pedro Reyes.<\/p>\n<p>Durante esta muestra de trajes utilizados en diferentes etapas de la historia de Oaxaca, especialmente del periodo que comprende de 1940 al 2000, los asistentes apreciaron la riqueza pluri\u00e9tnica con que cuenta la entidad, destacando que \u00e9sta se destaca a nivel nacional por contar con la mayor diversidad y estilos de trajes regionales, mismos que a trav\u00e9s del tiempo han cautivado a los visitantes por cada bordado hecho a mano y sus diferentes tonalidades obtenidas de la grana cochinilla.<\/p>\n<p>Dicha exposici\u00f3n se realiza gracias a la experiencia de los coleccionistas de atuendos tradicionales Ren\u00e9 Calder\u00f3n Gonz\u00e1lez, Alberto Javier Gonz\u00e1lez P\u00e9rez y Adriana Ram\u00f3n Guzm\u00e1n, quienes por iniciativa propia decidieron fusionar su experiencia y compartirla a prop\u00f3sito de la m\u00e1xima fiesta de los oaxaque\u00f1os, a fin de preservar una de las riquezas culturales que Oaxaca ofrece al mundo.<\/p>\n<p>Cabe decir que esta es la segunda ocasi\u00f3n que se presenta esta exposici\u00f3n en el Museo del Palacio, permitiendo al p\u00fablico un acercamiento no solo a la belleza de los trajes, sino tambi\u00e9n de las principales razones del orgullo que representa portarlas.<\/p>\n<p>Cada una de estas vestimentas fueron elaboradas a la manera tradicional, la mayor\u00eda hechos con materiales naturales y tintes de caracol p\u00farpura, a\u00f1il y grana cochinilla.<\/p>\n<p><a href=\"http:\/\/www.eloriente.net\/home\/wp-content\/uploads\/2013\/07\/Captura-de-pantalla-2013-07-09-a-las-09.54.31.png\"><img loading=\"lazy\" decoding=\"async\" class=\"aligncenter size-medium wp-image-14313\" title=\"Captura de pantalla 2013-07-09 a la(s) 09.54.31\" src=\"http:\/\/www.eloriente.net\/home\/wp-content\/uploads\/2013\/07\/Captura-de-pantalla-2013-07-09-a-las-09.54.31-300x224.png\" alt=\"\" width=\"300\" height=\"224\" srcset=\"http:\/\/www.eloriente.net\/home\/wp-content\/uploads\/2013\/07\/Captura-de-pantalla-2013-07-09-a-las-09.54.31-300x224.png 300w, http:\/\/www.eloriente.net\/home\/wp-content\/uploads\/2013\/07\/Captura-de-pantalla-2013-07-09-a-las-09.54.31.png 642w\" sizes=\"(max-width: 300px) 100vw, 300px\" \/><\/a>Foto: <a href=\"http:\/\/www.oaxaca.gob.mx\" target=\"_blank\">Gobierno del Estado de Oaxaca<\/a><br \/>\n<a href=\"http:\/\/www.oaxaca.gob.mx\" target=\"_blank\"> \u00a0<\/a><br \/>\nEs as\u00ed que el p\u00fablico en general podr\u00e1 visitar esta exposici\u00f3n hasta el 31 de julio y conocer como han vestido los oaxaque\u00f1os durante d\u00e9cadas.<\/p>\n\n\t\t\t  <div \n\t\t\t  \tclass = \"fb-comments\" \n\t\t\t  \tdata-href = \"http:\/\/www.eloriente.net\/home\/2013\/07\/09\/museo-del-palacio-exhibe-muestra-de-trajes-regionales-de-oaxaca\/\"\n\t\t\t  \tdata-numposts = \"10\"\n\t\t\t\tdata-colorscheme = \"dark\"\n\t\t\t\tdata-order-by = \"social\"\n\t\t\t\tdata-mobile=true>\n\t\t\t  <\/div>\n\t\t  <style>\n\t\t\t.fb_iframe_widget_fluid_desktop iframe {\n\t\t\t    width: 100% !important;\n\t\t\t}\n\t\t  <\/style>\n\t\t  ","protected":false},"excerpt":{"rendered":"<p>eloriente.net\/ Gobierno del Estado de Oaxaca 9 de julio de 2013 Inauguran \u201cXaba Lul\u00e1a Retrospectiva 1940 a 2000\u201d, exposici\u00f3n de trajes regionales de Oaxaca, en el Museo del Palacio. Dentro de las actividades que engalanan las festividades de la Guelaguetza 2013, la noche del pasado viernes fue inaugurada la exposici\u00f3n de trajes regionales \u201cXaba Lul\u00e1a [&hellip;]<\/p>\n","protected":false},"author":1,"featured_media":14313,"comment_status":"open","ping_status":"open","sticky":false,"template":"","format":"standard","meta":{"_jetpack_memberships_contains_paid_content":false,"footnotes":""},"categories":[29,18,32,10],"tags":[],"class_list":["post-14312","post","type-post","status-publish","format-standard","has-post-thumbnail","hentry","category-capital","category-educacion-y-cultura","category-entradas","category-lo-mas-reciente"],"jetpack_featured_media_url":"http:\/\/www.eloriente.net\/home\/wp-content\/uploads\/2013\/07\/Captura-de-pantalla-2013-07-09-a-las-09.54.31.png","jetpack_sharing_enabled":true,"_links":{"self":[{"href":"http:\/\/www.eloriente.net\/home\/wp-json\/wp\/v2\/posts\/14312"}],"collection":[{"href":"http:\/\/www.eloriente.net\/home\/wp-json\/wp\/v2\/posts"}],"about":[{"href":"http:\/\/www.eloriente.net\/home\/wp-json\/wp\/v2\/types\/post"}],"author":[{"embeddable":true,"href":"http:\/\/www.eloriente.net\/home\/wp-json\/wp\/v2\/users\/1"}],"replies":[{"embeddable":true,"href":"http:\/\/www.eloriente.net\/home\/wp-json\/wp\/v2\/comments?post=14312"}],"version-history":[{"count":2,"href":"http:\/\/www.eloriente.net\/home\/wp-json\/wp\/v2\/posts\/14312\/revisions"}],"predecessor-version":[{"id":14315,"href":"http:\/\/www.eloriente.net\/home\/wp-json\/wp\/v2\/posts\/14312\/revisions\/14315"}],"wp:featuredmedia":[{"embeddable":true,"href":"http:\/\/www.eloriente.net\/home\/wp-json\/wp\/v2\/media\/14313"}],"wp:attachment":[{"href":"http:\/\/www.eloriente.net\/home\/wp-json\/wp\/v2\/media?parent=14312"}],"wp:term":[{"taxonomy":"category","embeddable":true,"href":"http:\/\/www.eloriente.net\/home\/wp-json\/wp\/v2\/categories?post=14312"},{"taxonomy":"post_tag","embeddable":true,"href":"http:\/\/www.eloriente.net\/home\/wp-json\/wp\/v2\/tags?post=14312"}],"curies":[{"name":"wp","href":"https:\/\/api.w.org\/{rel}","templated":true}]}}