{"id":14316,"date":"2013-07-09T09:07:55","date_gmt":"2013-07-09T15:07:55","guid":{"rendered":"http:\/\/www.eloriente.net\/home\/?p=14316"},"modified":"2013-07-09T09:07:55","modified_gmt":"2013-07-09T15:07:55","slug":"inicia-operativo-de-verano-para-seguridad-integral-de-turistas-2013","status":"publish","type":"post","link":"http:\/\/www.eloriente.net\/home\/2013\/07\/09\/inicia-operativo-de-verano-para-seguridad-integral-de-turistas-2013\/","title":{"rendered":"Inicia Operativo de Verano para Seguridad Integral de Turistas 2013"},"content":{"rendered":"<p>eloriente.net\/ <a href=\"http:\/\/www.sectur.gob.mx\" target=\"_blank\">SECTUR<\/a><\/p>\n<p>9 de julio de 2013<\/p>\n<ul>\n<li><strong>Estar\u00e1 vigente del 8 de julio al 18 de agosto, con el prop\u00f3sito de garantizar la tranquilidad de los paseantes<\/strong><strong><\/strong><\/li>\n<li><strong>Se llevar\u00e1 a cabo en carreteras, casetas, aeropuertos, centrales de autobuses, puntos fronterizos y destinos tur\u00edsticos<\/strong><strong><\/strong><\/li>\n<li><strong>Participan 12 dependencias federales, 19 organismos paraestatales, la Cruz Roja y el sector privado<\/strong><strong><\/strong><\/li>\n<li><strong>La titular de SECTUR dio el banderazo a 45 nuevas radio patrullas de \u00c1ngeles Verdes<\/strong><\/li>\n<\/ul>\n<div><\/div>\n<div>La Secretaria de Turismo del Gobierno de la Rep\u00fablica, Claudia Ruiz Massieu, ayer puso en marcha, y hasta el 18 de agosto, el Operativo de Verano para la Seguridad Integral de los Turistas 2013, con el prop\u00f3sito de garantizar la protecci\u00f3n y la tranquilidad de los paseantes de los destinos tur\u00edsticos, as\u00ed como brindarles orientaci\u00f3n, asistencia vial y atenci\u00f3n en casos de emergencia.<\/div>\n<div>\n<div><\/div>\n<div>En este operativo participan 12 dependencias federales y 19 organismos paraestatales, as\u00ed como la Cruz Roja, la C\u00e1mara Nacional de Aerotransportes y la C\u00e1mara Nacional de Autotransporte de Pasaje y Turismo, para atender a los alrededor de 30 millones de turistas que se esperan en este periodo vacacional.<\/div>\n<div><\/div>\n<div>Ruiz Massieu dio el banderazo de salida a 45 nuevas radio patrullas de \u00c1ngeles Verdes, que cuentan con equipos de la m\u00e1s alta tecnolog\u00eda y \u00a0recorrer\u00e1n los diferentes tramos carreteros del pa\u00eds.<\/div>\n<div><\/div>\n<div>Bajo el lema En estas vacaciones trabajamos para que te diviertas, el operativo se llevar\u00e1 a cabo en carreteras y casetas de peaje, aeropuertos, centrales de autobuses, \u00a0puntos fronterizos y en los destinos tur\u00edsticos, y se fundamenta en acciones de seguridad y protecci\u00f3n, de tr\u00e1nsito y facilitaci\u00f3n, y de protecci\u00f3n al consumo.<\/div>\n<div><\/div>\n<div>En el rubro de seguridad y protecci\u00f3n, las acciones van encaminadas a la prevenci\u00f3n y correcci\u00f3n en los puntos de mayor afluencia tur\u00edstica; atenci\u00f3n de infraestructura a flujos tur\u00edsticos con patrullas, ambulancias, helic\u00f3pteros, hospitales m\u00f3viles, motocicletas, embarcaciones, unidades m\u00f3viles en carreteras y campamentos en destinos tur\u00edsticos.<\/div>\n<div><\/div>\n<div>Se realizar\u00e1 tambi\u00e9n, monitoreo a la calidad del agua en playas, verificaci\u00f3n de embarcaciones de recreo e informaci\u00f3n para el fomento de la cultura sanitaria.<\/div>\n<div><\/div>\n<div>Para el rubro de tr\u00e1nsito y facilitaci\u00f3n, el operativo contempla m\u00f3dulos de atenci\u00f3n al turista en terminales, fronteras, puntos carreteros y destinos tur\u00edsticos; control de importaci\u00f3n e internaci\u00f3n temporal de veh\u00edculos a M\u00e9xico; auxilio en carreteras libres y de peaje; agilizaci\u00f3n de entrada en puntos de internaci\u00f3n, as\u00ed como unidades m\u00e9dicas para la detecci\u00f3n de injerencia de alcohol.<\/div>\n<div><\/div>\n<div>Se pondr\u00e1 \u00e9nfasis en facilitar el arribo de turistas a los diferentes aeropuertos del pa\u00eds.<\/div>\n<\/div>\n<div><\/div>\n<div>\n<div>De igual forma, ampliaci\u00f3n de horarios en zonas arqueol\u00f3gicas, incremento de corridas de autobuses y de frecuencia de vuelos hacia destinos de mayor afluencia; aumento de la franquicia del SAT de 75 a 300 d\u00f3lares para turistas nacionales y atenci\u00f3n ampliada en expedici\u00f3n de visas.<\/div>\n<div><\/div>\n<div>Respecto a las acciones que se emprender\u00e1n en materia de protecci\u00f3n al consumo, se pondr\u00e1 \u00e9nfasis en la verificaci\u00f3n de establecimientos comerciales; supervisi\u00f3n en el cumplimiento de paquetes, ofertas y descuentos, e instalaci\u00f3n de m\u00f3dulos en aeropuertos, terminales de autobuses y destinos tur\u00edsticos para atender quejas y denuncias.<\/div>\n<div><\/div>\n<div>Adem\u00e1s, se efectuar\u00e1n \u00a0visitas preventivas y correctivas a prestadores de servicios tur\u00edsticos para supervisar \u00a0la adecuada operaci\u00f3n, y vigilancia del comercio ambulante en playas, as\u00ed como la difusi\u00f3n del sistema de emergencias ambientales.<\/div>\n<div><\/div>\n<div>Se pondr\u00e1 en operaci\u00f3n la l\u00ednea telef\u00f3nica 088, que tendr\u00e1 vinculaci\u00f3n con las l\u00edneas de atenci\u00f3n de la Procuradur\u00eda Federal del Consumidor (Profeco) y la Procuradur\u00eda Federal de Protecci\u00f3n al Ambiente (Profepa), con el fin de canalizar, a trav\u00e9s de un solo n\u00famero, todo tipo de reportes.<\/div>\n<div><\/div>\n<div>Para el Operativo de Verano para la Seguridad Integral de los Turistas 2013, la corporaci\u00f3n \u00c1ngeles Verdes instalar\u00e1 79 campamentos de auxilio tur\u00edstico que dar\u00e1n atenci\u00f3n, de viernes a domingo, las 24 horas en los m\u00e1s de 260 tramos carreteros, y 69 m\u00f3dulos de atenci\u00f3n tur\u00edstica en aeropuertos, casetas de peaje y centrales de autobuses de las 32 entidades del pa\u00eds.<\/div>\n<div><\/div>\n<div>La Polic\u00eda Federal instalar\u00e1 m\u00f3dulos de atenci\u00f3n al turista en centrales de autobuses y aeropuertos orientados a fortalecer temas de seguridad y proporcionar orientaci\u00f3n.<\/div>\n<div><\/div>\n<div>De igual forma, la corporaci\u00f3n federal operar\u00e1 el Programas Cuadrantes Carreteros, para atenci\u00f3n a puntos de mayor incidencia delictiva y siniestralidad, que se aplicar\u00e1 en 136 cuadrantes, y brindar\u00e1 auxilio al ciudadano en incidentes mec\u00e1nicos y orientaci\u00f3n; apoyo en los m\u00f3dulos de revisi\u00f3n m\u00e9dica, en respaldo a la SCT, y seguridad a los usuarios de autobuses.<\/div>\n<div><\/div>\n<div>Caminos y Puentes colocar\u00e1 cabinas m\u00f3viles en plazas de cobro, desplegar\u00e1 personal de apoyo para agilizar el flujo de veh\u00edculos en las casetas de peaje adelantado, contar\u00e1 con guardia de t\u00e9cnicos de las empresas proveedoras de equipos de control de peaje, telepeaje y medios electr\u00f3nicos, asegurar\u00e1 la apertura total de los carriles disponibles, y tendr\u00e1 video supervisi\u00f3n y monitoreo desde el Centro Nacional de Control.<\/div>\n<div><\/div>\n<div>Por su parte, la Secretar\u00eda de Marina establecer\u00e1 estaciones de socorro y rescate con personal de sanidad naval y salvavidas en las costas del pa\u00eds, implementado servicios de patrullas mar\u00edtimas, en coordinaci\u00f3n con autoridades estatales y municipales.<\/div>\n<div><\/div>\n<div>El Instituto Nacional de Migraci\u00f3n contar\u00e1 con 902 voluntarios de la sociedad civil que fungir\u00e1n como observadores en 171 m\u00f3dulos fijos; 184 puntos de observaci\u00f3n en 155 ciudades y 200 municipios de todos los estados del pa\u00eds.<\/div>\n<div><\/div>\n<div>La Comisi\u00f3n Nacional Forestal (Conafor) coordinar\u00e1 acciones de prevenci\u00f3n, combate y control especializado de incendios forestales en carreteras, zonas de campamentos y \u00e1reas cr\u00edticas espec\u00edficas, aunque para esta temporada no se espera un n\u00famero de incendios significativos.<\/div>\n<div><\/div>\n<div>El Consejo Nacional de la Cultura y las Artes (Conaculta) dispondr\u00e1 de personal para atender a los visitantes, con el fin de ofrecer un servicio \u00f3ptimo, y pondr\u00e1 en marcha los protocolos necesarios de seguridad, servicios m\u00e9dicos y personal de protecci\u00f3n civil.<\/div>\n<div><\/div>\n<div>La Secretar\u00eda de Hacienda y Cr\u00e9dito P\u00fablico, adem\u00e1s de incrementar la franquicia a pasajeros mexicanos provenientes del extranjero, implementa un nuevo esquema de despacho aduanero en 12 aeropuertos del pa\u00eds para pasajeros internacionales, con el objeto de agilizar la revisi\u00f3n del equipaje.<\/div>\n<div><\/div>\n<div>Por su parte, Protecci\u00f3n Civil en coordinaci\u00f3n con las unidades estatales, atender\u00e1 a la poblaci\u00f3n ante peligros antropog\u00e9nicos y naturales que pongan en riesgo la integridad f\u00edsica.<\/div>\n<div><\/div>\n<div>El Consejo Nacional Para la Prevenci\u00f3n de Accidentes (Conapra) contar\u00e1 con presencia de apoyo pre-hospitalario y recursos para la asistencia m\u00e9dica.<\/div>\n<div><\/div>\n<div>La Procuradur\u00eda Federal del Consumidor (Profeco) instalar\u00e1 2 m\u00f3dulos temporales, ubicados en las \u00faltimas salas del Aeropuerto Internacional de la Ciudad de M\u00e9xico (AICM), y un m\u00f3dulo en cada una de las 4 centrales camioneras del Distrito Federal, con horarios de atenci\u00f3n de 6:00 a 22:00 horas, de lunes a domingo.<\/div>\n<div><\/div>\n<div>Realizar\u00e1, tambi\u00e9n, verificaciones en giros comerciales, \u00a0destinos de playa y ciudades coloniales, agencias de viajes, l\u00edneas a\u00e9reas, camioneras, hoteles, tiempos compartidos, restaurantes, bares y todo aquel prestador de servicios tur\u00edsticos para evitar abusos o enga\u00f1os a los paseantes.<\/div>\n<div><\/div>\n<div>En el operativo participan las secretar\u00edas de Turismo, Comunicaciones y Transportes, Hacienda y Cr\u00e9dito P\u00fablico, \u00a0Econom\u00eda, \u00a0Gobernaci\u00f3n, Marina, Medio Ambiente y Recursos Naturales, Educaci\u00f3n P\u00fablica, Relaciones Exteriores, Defensa Nacional, Salud y la Procuradur\u00eda General de la Rep\u00fablica.<\/div>\n<div><\/div>\n<div>Adem\u00e1s, la corporaci\u00f3n \u00c1ngeles Verdes, el Consejo de Promoci\u00f3n Tur\u00edstica de M\u00e9xico (CPTM), el Fondo Nacional del Fomento al Turismo (Fonatur), Caminos y Puentes Federales de Ingresos y Servicios Conexos (Capufe), Aeropuerto Internacional de la Ciudad de M\u00e9xico (AICM), Aeropuertos y Servicios Auxiliares (ASA), Puertos y Marina Mercante.<\/div>\n<div><\/div>\n<div>De igual forma, la Administraci\u00f3n General de Aduanas (AGA), Polic\u00eda Federal, Protecci\u00f3n Civil, Instituto Nacional de Migraci\u00f3n (INM), \u00a0Centro de Atenci\u00f3n del Comisionado de la Segob, Comisi\u00f3n Nacional de \u00c1reas Naturales Protegidas (Conanp), Comisi\u00f3n Nacional Forestal (Conafor), Consejo Nacional para la Cultura y las Artes (Conaculta), Instituto Nacional de Antropolog\u00eda e Historia (INAH), Instituto Nacional de Bellas Artes (INBA), el Consejo Nacional para la Prevenci\u00f3n de Accidentes (Conapra), y la Comisi\u00f3n Federal para la Protecci\u00f3n contra Riesgos Sanitarios (Cofepris).<\/div>\n<div><\/div>\n<div>*Comunicado<\/div>\n<div><\/div>\n<div><a href=\"http:\/\/www.eloriente.net\/home\/wp-content\/uploads\/2013\/07\/SECTUR-operativo-de-verano.jpg\"><img loading=\"lazy\" decoding=\"async\" class=\"aligncenter size-medium wp-image-14317\" title=\"SECTUR-operativo de verano\" src=\"http:\/\/www.eloriente.net\/home\/wp-content\/uploads\/2013\/07\/SECTUR-operativo-de-verano-300x200.jpg\" alt=\"\" width=\"300\" height=\"200\" srcset=\"http:\/\/www.eloriente.net\/home\/wp-content\/uploads\/2013\/07\/SECTUR-operativo-de-verano-300x200.jpg 300w, http:\/\/www.eloriente.net\/home\/wp-content\/uploads\/2013\/07\/SECTUR-operativo-de-verano.jpg 750w\" sizes=\"(max-width: 300px) 100vw, 300px\" \/><\/a>Foto: SECTUR<\/div>\n<div><\/div>\n<\/div>\n<p>&nbsp;<\/p>\n\n\t\t\t  <div \n\t\t\t  \tclass = \"fb-comments\" \n\t\t\t  \tdata-href = \"http:\/\/www.eloriente.net\/home\/2013\/07\/09\/inicia-operativo-de-verano-para-seguridad-integral-de-turistas-2013\/\"\n\t\t\t  \tdata-numposts = \"10\"\n\t\t\t\tdata-colorscheme = \"dark\"\n\t\t\t\tdata-order-by = \"social\"\n\t\t\t\tdata-mobile=true>\n\t\t\t  <\/div>\n\t\t  <style>\n\t\t\t.fb_iframe_widget_fluid_desktop iframe {\n\t\t\t    width: 100% !important;\n\t\t\t}\n\t\t  <\/style>\n\t\t  ","protected":false},"excerpt":{"rendered":"<p>eloriente.net\/ SECTUR 9 de julio de 2013 Estar\u00e1 vigente del 8 de julio al 18 de agosto, con el prop\u00f3sito de garantizar la tranquilidad de los paseantes Se llevar\u00e1 a cabo en carreteras, casetas, aeropuertos, centrales de autobuses, puntos fronterizos y destinos tur\u00edsticos Participan 12 dependencias federales, 19 organismos paraestatales, la Cruz Roja y el [&hellip;]<\/p>\n","protected":false},"author":1,"featured_media":14317,"comment_status":"open","ping_status":"open","sticky":false,"template":"","format":"standard","meta":{"_jetpack_memberships_contains_paid_content":false,"footnotes":""},"categories":[32,10,24,19],"tags":[],"class_list":["post-14316","post","type-post","status-publish","format-standard","has-post-thumbnail","hentry","category-entradas","category-lo-mas-reciente","category-mexico-y-el-mundo","category-turismo-y-negocios"],"jetpack_featured_media_url":"http:\/\/www.eloriente.net\/home\/wp-content\/uploads\/2013\/07\/SECTUR-operativo-de-verano.jpg","jetpack_sharing_enabled":true,"_links":{"self":[{"href":"http:\/\/www.eloriente.net\/home\/wp-json\/wp\/v2\/posts\/14316"}],"collection":[{"href":"http:\/\/www.eloriente.net\/home\/wp-json\/wp\/v2\/posts"}],"about":[{"href":"http:\/\/www.eloriente.net\/home\/wp-json\/wp\/v2\/types\/post"}],"author":[{"embeddable":true,"href":"http:\/\/www.eloriente.net\/home\/wp-json\/wp\/v2\/users\/1"}],"replies":[{"embeddable":true,"href":"http:\/\/www.eloriente.net\/home\/wp-json\/wp\/v2\/comments?post=14316"}],"version-history":[{"count":2,"href":"http:\/\/www.eloriente.net\/home\/wp-json\/wp\/v2\/posts\/14316\/revisions"}],"predecessor-version":[{"id":14319,"href":"http:\/\/www.eloriente.net\/home\/wp-json\/wp\/v2\/posts\/14316\/revisions\/14319"}],"wp:featuredmedia":[{"embeddable":true,"href":"http:\/\/www.eloriente.net\/home\/wp-json\/wp\/v2\/media\/14317"}],"wp:attachment":[{"href":"http:\/\/www.eloriente.net\/home\/wp-json\/wp\/v2\/media?parent=14316"}],"wp:term":[{"taxonomy":"category","embeddable":true,"href":"http:\/\/www.eloriente.net\/home\/wp-json\/wp\/v2\/categories?post=14316"},{"taxonomy":"post_tag","embeddable":true,"href":"http:\/\/www.eloriente.net\/home\/wp-json\/wp\/v2\/tags?post=14316"}],"curies":[{"name":"wp","href":"https:\/\/api.w.org\/{rel}","templated":true}]}}