{"id":14395,"date":"2013-07-10T12:19:59","date_gmt":"2013-07-10T18:19:59","guid":{"rendered":"http:\/\/www.eloriente.net\/home\/?p=14395"},"modified":"2013-07-11T21:18:12","modified_gmt":"2013-07-12T03:18:12","slug":"catedral-del-estado-de-oaxaca-templo-mas-importante-de-la-ciudad","status":"publish","type":"post","link":"http:\/\/www.eloriente.net\/home\/2013\/07\/10\/catedral-del-estado-de-oaxaca-templo-mas-importante-de-la-ciudad\/","title":{"rendered":"Catedral de Oaxaca, templo m\u00e1s importante de la Ciudad"},"content":{"rendered":"<p>eloriente.net<\/p>\n<p>10 de julio de 2013<\/p>\n<p style=\"text-align: right;\"><em><strong><span style=\"color: #888888;\">\u00abEs necesario que los gobernantes sean competentes y que tengan una visi\u00f3n inteligente del patrimonio. <\/span><\/strong><\/em><\/p>\n<p style=\"text-align: right;\"><em><strong><span style=\"color: #888888;\">\u00c9ste es, sin duda, uno de los retos m\u00e1s grandes que existen en nuestra ciudad en estos tiempos\u00bb.<\/span><\/strong><\/em><\/p>\n<p style=\"text-align: right;\"><span style=\"color: #888888;\"><em>475 A\u00f1os de la Fundaci\u00f3n de Oaxaca. I. Fundaci\u00f3n y Colonia<\/em><\/span><\/p>\n<p>La Catedral de Nuestra Se\u00f1ora de la Asunci\u00f3n de la Ciudad de Oaxaca, es considerada por la Arquidi\u00f3cesis de Antequera como el templo m\u00e1s importante de la Ciudad. Se ubica a un costado Alameda de Le\u00f3n, en el Centro Hist\u00f3rico. La primera etapa de su construcci\u00f3n en cantera de tonalidades verdes se inici\u00f3 en 1535, como sede del Obispado, y fue concluida en 1574.<\/p>\n<p>La fachada muestra la \u00abAsunci\u00f3n de Mar\u00eda\u00bb. Debido a la intensa actividad s\u00edsmica del estado, las torres y c\u00fapulas de este monumento arquitect\u00f3nico son compactas y de altura moderada. En su interior se encuentran 14 capillas y una impresionante colecci\u00f3n de pinturas de los siglos XVI y XVII.<\/p>\n<p>De acuerdo a informaci\u00f3n del <a href=\"http:\/\/www.colegiodearquitectosdeoaxaca.com\/\" target=\"_blank\">Colegio de Arquitectos del Estado de Oaxaca<\/a>, el edificio se comenz\u00f3 a levantar hacia 1535. La construcci\u00f3n era muy austera y contaba con tres naves y techumbre de paja. Durante la construcci\u00f3n del templo,\u00a0 las funciones catedralicias fueron asumidas por el templo de San Juan de Dios. La catedral empez\u00f3 a actuar como tal en 1640.<\/p>\n<p>En la segunda etapa que inici\u00f3 en 1667 y concluy\u00f3 en 1678, las autoridades eclesi\u00e1sticas autorizaron la construcci\u00f3n de las tres b\u00f3vedas de las naves, la sacrist\u00eda y la sala capitular.<\/p>\n<p>Las capillas laterales y las b\u00f3vedas de las naves fueron agregadas al edificio a finales del siglo XVII, en la tercera etapa de construcci\u00f3n que inici\u00f3 en 1682 y termin\u00f3 en 1694. Sin embargo, en 1714 un terremoto da\u00f1o seriamente la catedral, por lo que 10 a\u00f1os m\u00e1s tarde, se le encomiendan las obras de reconstrucci\u00f3n al arquitecto Miguel de Sanabria. El edificio fue terminado en 1733.<\/p>\n<p>Finalmente, la \u00faltima construcci\u00f3n se inici\u00f3 en 1740, fecha en que se le pusieron canceles tra\u00eddos de Europa y candiles florentinos. En 1782 la portada principal fue conclu\u00edda. En el siglo XIX no se realizaron remodelaciones o construcciones importantes, salvo la sustituci\u00f3n del remate de la fachada principal por una torre con campanario, por el a\u00f1o de 1890.<\/p>\n<p>La capilla m\u00e1s representativa de la Catedral es la del Se\u00f1or del Rayo. Seg\u00fan el portal <a href=\"http:\/\/www.viveoaxaca.org\" target=\"_blank\">Viveoaxaca.org<\/a>, \u00abla leyenda cuenta que la imagen del cristo fue tra\u00eddo por los espa\u00f1oles en el siglo XV y colocado en la capilla, pero un d\u00eda lleno de sol un rayo cay\u00f3 sobre de esta ocasionando un incendio que devast\u00f3 por completo el santuario. El milagro se debe a que a pesar de quedar destruida la capilla, la piel del cristo se volvi\u00f3 morena\u00bb.<\/p>\n<p>Como nos damos cuenta, la construcci\u00f3n de este maravilloso templo no fue nada sencilla; la importancia cultural e hist\u00f3rica de la Catedral es invaluable. En @El_Oriente te proponemos maravillarte de cada detalle de este edificio, valorarlo, hacerlo tuyo y contribuir a su cuidado y preservaci\u00f3n.<\/p>\n<p><a href=\"http:\/\/www.eloriente.net\/home\/wp-content\/uploads\/2013\/07\/Algunos-derechos-reservados-por-CMVH-catedral-de-oaxaca.jpg\"><img loading=\"lazy\" decoding=\"async\" class=\"aligncenter size-medium wp-image-14400\" title=\"Algunos derechos reservados por CMVH-catedral de oaxaca\" src=\"http:\/\/www.eloriente.net\/home\/wp-content\/uploads\/2013\/07\/Algunos-derechos-reservados-por-CMVH-catedral-de-oaxaca-300x199.jpg\" alt=\"\" width=\"300\" height=\"199\" srcset=\"http:\/\/www.eloriente.net\/home\/wp-content\/uploads\/2013\/07\/Algunos-derechos-reservados-por-CMVH-catedral-de-oaxaca-300x199.jpg 300w, http:\/\/www.eloriente.net\/home\/wp-content\/uploads\/2013\/07\/Algunos-derechos-reservados-por-CMVH-catedral-de-oaxaca.jpg 1024w\" sizes=\"(max-width: 300px) 100vw, 300px\" \/><\/a><\/p>\n<p>Foto:\u00a0 <a href=\"http:\/\/www.flickr.com\/photos\/14869106@N07\/\">CMVH<\/a>,\u00a0<a title=\"Attribution-ShareAlike License\" href=\"http:\/\/creativecommons.org\/licenses\/by-sa\/2.0\/\">Algunos derechos reservados<\/a><\/p>\n<p>&nbsp;<\/p>\n<p>&nbsp;<\/p>\n\n\t\t\t  <div \n\t\t\t  \tclass = \"fb-comments\" \n\t\t\t  \tdata-href = \"http:\/\/www.eloriente.net\/home\/2013\/07\/10\/catedral-del-estado-de-oaxaca-templo-mas-importante-de-la-ciudad\/\"\n\t\t\t  \tdata-numposts = \"10\"\n\t\t\t\tdata-colorscheme = \"dark\"\n\t\t\t\tdata-order-by = \"social\"\n\t\t\t\tdata-mobile=true>\n\t\t\t  <\/div>\n\t\t  <style>\n\t\t\t.fb_iframe_widget_fluid_desktop iframe {\n\t\t\t    width: 100% !important;\n\t\t\t}\n\t\t  <\/style>\n\t\t  ","protected":false},"excerpt":{"rendered":"<p>eloriente.net 10 de julio de 2013 \u00abEs necesario que los gobernantes sean competentes y que tengan una visi\u00f3n inteligente del patrimonio. \u00c9ste es, sin duda, uno de los retos m\u00e1s grandes que existen en nuestra ciudad en estos tiempos\u00bb. 475 A\u00f1os de la Fundaci\u00f3n de Oaxaca. I. Fundaci\u00f3n y Colonia La Catedral de Nuestra Se\u00f1ora [&hellip;]<\/p>\n","protected":false},"author":1,"featured_media":14400,"comment_status":"open","ping_status":"open","sticky":false,"template":"","format":"standard","meta":{"_jetpack_memberships_contains_paid_content":false,"footnotes":""},"categories":[18,32,13,23,19],"tags":[],"class_list":["post-14395","post","type-post","status-publish","format-standard","has-post-thumbnail","hentry","category-educacion-y-cultura","category-entradas","category-especiales","category-municipios","category-turismo-y-negocios"],"jetpack_featured_media_url":"http:\/\/www.eloriente.net\/home\/wp-content\/uploads\/2013\/07\/Algunos-derechos-reservados-por-CMVH-catedral-de-oaxaca.jpg","jetpack_sharing_enabled":true,"_links":{"self":[{"href":"http:\/\/www.eloriente.net\/home\/wp-json\/wp\/v2\/posts\/14395"}],"collection":[{"href":"http:\/\/www.eloriente.net\/home\/wp-json\/wp\/v2\/posts"}],"about":[{"href":"http:\/\/www.eloriente.net\/home\/wp-json\/wp\/v2\/types\/post"}],"author":[{"embeddable":true,"href":"http:\/\/www.eloriente.net\/home\/wp-json\/wp\/v2\/users\/1"}],"replies":[{"embeddable":true,"href":"http:\/\/www.eloriente.net\/home\/wp-json\/wp\/v2\/comments?post=14395"}],"version-history":[{"count":6,"href":"http:\/\/www.eloriente.net\/home\/wp-json\/wp\/v2\/posts\/14395\/revisions"}],"predecessor-version":[{"id":14402,"href":"http:\/\/www.eloriente.net\/home\/wp-json\/wp\/v2\/posts\/14395\/revisions\/14402"}],"wp:featuredmedia":[{"embeddable":true,"href":"http:\/\/www.eloriente.net\/home\/wp-json\/wp\/v2\/media\/14400"}],"wp:attachment":[{"href":"http:\/\/www.eloriente.net\/home\/wp-json\/wp\/v2\/media?parent=14395"}],"wp:term":[{"taxonomy":"category","embeddable":true,"href":"http:\/\/www.eloriente.net\/home\/wp-json\/wp\/v2\/categories?post=14395"},{"taxonomy":"post_tag","embeddable":true,"href":"http:\/\/www.eloriente.net\/home\/wp-json\/wp\/v2\/tags?post=14395"}],"curies":[{"name":"wp","href":"https:\/\/api.w.org\/{rel}","templated":true}]}}