{"id":14408,"date":"2013-07-10T12:34:51","date_gmt":"2013-07-10T18:34:51","guid":{"rendered":"http:\/\/www.eloriente.net\/home\/?p=14408"},"modified":"2013-07-10T12:34:51","modified_gmt":"2013-07-10T18:34:51","slug":"10jul13-1400-hrs-en-vivo-sesion-extraordinaria-del-ife","status":"publish","type":"post","link":"http:\/\/www.eloriente.net\/home\/2013\/07\/10\/10jul13-1400-hrs-en-vivo-sesion-extraordinaria-del-ife\/","title":{"rendered":"10\/jul\/13 14:00 hrs: EN VIVO Sesi\u00f3n Extraordinaria del IFE"},"content":{"rendered":"<p>eloriente.net<\/p>\n<p>10 de julio de 2013<\/p>\n<p>@El_Oriente te comparte la transmisi\u00f3n de la Sesi\u00f3n extraordinaria del Consejo General del Instituto Federal Electoral (IFE), celebrada en el sal\u00f3n de sesiones del propio Instituto.<\/p>\n<p>La orden de d\u00eda tiene como punto \u00fanico el Dictamen Consolidado que presenta a consideraci\u00f3n del Consejo General del IFE, la Unidad de Fiscalizaci\u00f3n de los Recursos de los Partidos Pol\u00edticos y Proyecto de Resoluci\u00f3n del Consejo General respecto de las irregularidades encontradas en el Dictamen Consolidado de la revisi\u00f3n de los Informes de Ingresos y Gastos de Campa\u00f1a de los candidatos de los Partidos Pol\u00edticos y Coaliciones correspondientes al Proceso Electoral Federal 2011-2012.<\/p>\n<p><iframe loading=\"lazy\" src=\"\/\/www.youtube.com\/embed\/pe1JksByBWQ\" frameborder=\"0\" width=\"560\" height=\"315\"><\/iframe><\/p>\n\n\t\t\t  <div \n\t\t\t  \tclass = \"fb-comments\" \n\t\t\t  \tdata-href = \"http:\/\/www.eloriente.net\/home\/2013\/07\/10\/10jul13-1400-hrs-en-vivo-sesion-extraordinaria-del-ife\/\"\n\t\t\t  \tdata-numposts = \"10\"\n\t\t\t\tdata-colorscheme = \"dark\"\n\t\t\t\tdata-order-by = \"social\"\n\t\t\t\tdata-mobile=true>\n\t\t\t  <\/div>\n\t\t  <style>\n\t\t\t.fb_iframe_widget_fluid_desktop iframe {\n\t\t\t    width: 100% !important;\n\t\t\t}\n\t\t  <\/style>\n\t\t  ","protected":false},"excerpt":{"rendered":"<p>eloriente.net 10 de julio de 2013 @El_Oriente te comparte la transmisi\u00f3n de la Sesi\u00f3n extraordinaria del Consejo General del Instituto Federal Electoral (IFE), celebrada en el sal\u00f3n de sesiones del propio Instituto. La orden de d\u00eda tiene como punto \u00fanico el Dictamen Consolidado que presenta a consideraci\u00f3n del Consejo General del IFE, la Unidad de [&hellip;]<\/p>\n","protected":false},"author":1,"featured_media":5866,"comment_status":"open","ping_status":"open","sticky":false,"template":"","format":"standard","meta":{"_jetpack_memberships_contains_paid_content":false,"footnotes":""},"categories":[4,32,10],"tags":[],"class_list":["post-14408","post","type-post","status-publish","format-standard","has-post-thumbnail","hentry","category-canal-2-en-vivo","category-entradas","category-lo-mas-reciente"],"jetpack_featured_media_url":"http:\/\/www.eloriente.net\/home\/wp-content\/uploads\/2012\/12\/@ife.jpg","jetpack_sharing_enabled":true,"_links":{"self":[{"href":"http:\/\/www.eloriente.net\/home\/wp-json\/wp\/v2\/posts\/14408"}],"collection":[{"href":"http:\/\/www.eloriente.net\/home\/wp-json\/wp\/v2\/posts"}],"about":[{"href":"http:\/\/www.eloriente.net\/home\/wp-json\/wp\/v2\/types\/post"}],"author":[{"embeddable":true,"href":"http:\/\/www.eloriente.net\/home\/wp-json\/wp\/v2\/users\/1"}],"replies":[{"embeddable":true,"href":"http:\/\/www.eloriente.net\/home\/wp-json\/wp\/v2\/comments?post=14408"}],"version-history":[{"count":1,"href":"http:\/\/www.eloriente.net\/home\/wp-json\/wp\/v2\/posts\/14408\/revisions"}],"predecessor-version":[{"id":14409,"href":"http:\/\/www.eloriente.net\/home\/wp-json\/wp\/v2\/posts\/14408\/revisions\/14409"}],"wp:featuredmedia":[{"embeddable":true,"href":"http:\/\/www.eloriente.net\/home\/wp-json\/wp\/v2\/media\/5866"}],"wp:attachment":[{"href":"http:\/\/www.eloriente.net\/home\/wp-json\/wp\/v2\/media?parent=14408"}],"wp:term":[{"taxonomy":"category","embeddable":true,"href":"http:\/\/www.eloriente.net\/home\/wp-json\/wp\/v2\/categories?post=14408"},{"taxonomy":"post_tag","embeddable":true,"href":"http:\/\/www.eloriente.net\/home\/wp-json\/wp\/v2\/tags?post=14408"}],"curies":[{"name":"wp","href":"https:\/\/api.w.org\/{rel}","templated":true}]}}