{"id":14525,"date":"2013-07-12T16:53:58","date_gmt":"2013-07-12T22:53:58","guid":{"rendered":"http:\/\/www.eloriente.net\/home\/?p=14525"},"modified":"2013-07-12T16:56:12","modified_gmt":"2013-07-12T22:56:12","slug":"proyectos-que-buscan-transformar-comunidades-caso-delegaccion-iztapalapa","status":"publish","type":"post","link":"http:\/\/www.eloriente.net\/home\/2013\/07\/12\/proyectos-que-buscan-transformar-comunidades-caso-delegaccion-iztapalapa\/","title":{"rendered":"Proyectos que buscan transformar comunidades: Caso \u00abDelegACCI\u00d3N Iztapalapa\u00bb"},"content":{"rendered":"<p>eloriente.net\/ <a href=\"http:\/\/www.cdcs.com.mx\" target=\"_blank\">CDCS<\/a><\/p>\n<p>12 de julio de 2013<\/p>\n<p>eloriente.net (Oaxaca, Oax.) 12 de julio de 2013.- En septiembre de 2012, un equipo de estudiantes de la Universidad Cristobal Col\u00f3n, de Veracruz, obtuvo el primer lugar de la segunda edici\u00f3n del Premio Cemex-TEC Transformando Comunidades, con el proyecto \u00abDelegACCI\u00d3N Iztapalapa: Sembremos el cambio, cosechemos acciones, recolectemos resultados\u00bb, el cual propone acciones para mejores las condiciones ambientales de la zona, generar empleos, mejorar la infraestructura urbana y trabajar en el fortalecimiento del arraigo de los residentes que contribuya a la recomposici\u00f3n del tejido social.<\/p>\n<p>El Equipo integrado por Grissell Fentanes Silva, Jos\u00e9 Ad\u00e1n Rivera Zambrano, Yadira Lizbeth ALfaro S\u00e1nchez, Marco Antonio Rosas Candelario, Orlando Navarrete Contreras<strong>, <\/strong>con la asesor\u00eda de la profesora Arq. Susana L\u00f3pez Gonz\u00e1lez, tuvo acceso a un fondo de 400 mil pesos, como capital semilla para iniciar la implementaci\u00f3n del proyecto.<\/p>\n<p>Mediante la concientizaci\u00f3n de la poblaci\u00f3n con respecto a la no contaminaci\u00f3n y los l\u00edmites de acceso a la reserva natural, los estudiantes pretenden mejorar las condiciones ambientales de la zona. \u00abEl beneficio de estas actividades se ver\u00e1 reflejado en la conservaci\u00f3n de la flora y fauna nativa, las cuales se han visto afectadas no s\u00f3lo por el descuido directo de la poblaci\u00f3n sino tambi\u00e9n por las jaur\u00edas de perros salvajes, producto del abandono de sus due\u00f1os\u00bb, indica el proyecto.<\/p>\n<p>De igual forma se plantea la generaci\u00f3n de empleos en la zona que beneficie la econom\u00eda de las familias que habitan dicha delegaci\u00f3n y que disminuya la delincuencia, ya que al no estar tanto tiempo ausentes de sus casas, las viviendas dejar\u00e1n de ser blanco f\u00e1cil para los asaltantes.<\/p>\n<p>El 4 de julio de este a\u00f1o, el Premio CEMEX-TEC a trav\u00e9s de su cuenta de facebook inform\u00f3 sobre los avances de este proyecto. El Premio en conjunto con la Delegacci\u00f3n Iztapalapa y el equipo de estudiantes ganadores de la Edici\u00f3n 2012 ya se encuentran trabajando en la implementaci\u00f3n del mismo. De acuerdo a la informaci\u00f3n difundida, la primera fase que consta de un piloto de Huertos urbanos en las calles de la Delegaci\u00f3n, quedar\u00e1 lista para presentar los resultados en la Ceremonia del Premio CEMEX- TEC 2013 que se llevar\u00e1 a cabo en septiembre.<\/p>\n<p>Fundado en 2010, el\u00a0<strong>Premio CEMEX\u2013Tecnol\u00f3gico de Monterrey<\/strong>, es un reconocimiento anual al desarrollo de propuestas y proyectos de alto impacto en materia de desarrollo sostenible que fomenten el crecimiento econ\u00f3mico, la transferencia tecnol\u00f3gica, el involucramiento social de las comunidades y la preservaci\u00f3n de los recursos naturales en M\u00e9xico.<\/p>\n<p>En la edici\u00f3n 2012, el Premio se enfoc\u00f3 en proyectos de urbanismo inclusivo. Este considera el desarrollo integral de las familias e individuos que forman la comunidad, incluyendo aspectos de responsabilidad social, la soluci\u00f3n a problemas sist\u00e9micos de infraestructura y servicios, el fomento a la participaci\u00f3n ciudadana, el crecimiento econ\u00f3mico y el respeto ambiental.<\/p>\n<p>Puedes consultar m\u00e1s sobre los proyectos ganadores de este Premio <a href=\"http:\/\/www.cdcs.com.mx\">AQU\u00cd.<\/a><\/p>\n<p>@El_Oriente te comparte tambi\u00e9n una entrevista en la que los estudiantes y la profesora hablan sobre su proyecto.<\/p>\n<p><iframe loading=\"lazy\" src=\"\/\/www.youtube.com\/embed\/KKxFVBAza-o?list=UURsBugmUbxS1VPVAQ6eTgtg\" frameborder=\"0\" width=\"560\" height=\"315\"><\/iframe><\/p>\n<p>&nbsp;<\/p>\n<p><a href=\"http:\/\/www.eloriente.net\/home\/wp-content\/uploads\/2013\/07\/DelegACCION-Iztapalapa1.jpg\"><img loading=\"lazy\" decoding=\"async\" class=\"aligncenter size-medium wp-image-14528\" title=\"DelegACCION Iztapalapa1\" src=\"http:\/\/www.eloriente.net\/home\/wp-content\/uploads\/2013\/07\/DelegACCION-Iztapalapa1-300x200.jpg\" alt=\"\" width=\"300\" height=\"200\" srcset=\"http:\/\/www.eloriente.net\/home\/wp-content\/uploads\/2013\/07\/DelegACCION-Iztapalapa1-300x200.jpg 300w, http:\/\/www.eloriente.net\/home\/wp-content\/uploads\/2013\/07\/DelegACCION-Iztapalapa1.jpg 960w\" sizes=\"(max-width: 300px) 100vw, 300px\" \/><\/a><\/p>\n<p>Fotos: <a href=\"https:\/\/www.facebook.com\/pages\/Premio-CEMEX-TEC\/307764165930197\" target=\"_blank\">@Premio CEMEX-TEC<\/a><\/p>\n\n\t\t\t  <div \n\t\t\t  \tclass = \"fb-comments\" \n\t\t\t  \tdata-href = \"http:\/\/www.eloriente.net\/home\/2013\/07\/12\/proyectos-que-buscan-transformar-comunidades-caso-delegaccion-iztapalapa\/\"\n\t\t\t  \tdata-numposts = \"10\"\n\t\t\t\tdata-colorscheme = \"dark\"\n\t\t\t\tdata-order-by = \"social\"\n\t\t\t\tdata-mobile=true>\n\t\t\t  <\/div>\n\t\t  <style>\n\t\t\t.fb_iframe_widget_fluid_desktop iframe {\n\t\t\t    width: 100% !important;\n\t\t\t}\n\t\t  <\/style>\n\t\t  ","protected":false},"excerpt":{"rendered":"<p>eloriente.net\/ CDCS 12 de julio de 2013 eloriente.net (Oaxaca, Oax.) 12 de julio de 2013.- En septiembre de 2012, un equipo de estudiantes de la Universidad Cristobal Col\u00f3n, de Veracruz, obtuvo el primer lugar de la segunda edici\u00f3n del Premio Cemex-TEC Transformando Comunidades, con el proyecto \u00abDelegACCI\u00d3N Iztapalapa: Sembremos el cambio, cosechemos acciones, recolectemos resultados\u00bb, [&hellip;]<\/p>\n","protected":false},"author":1,"featured_media":14528,"comment_status":"open","ping_status":"open","sticky":false,"template":"","format":"standard","meta":{"_jetpack_memberships_contains_paid_content":false,"footnotes":""},"categories":[32,13,24],"tags":[],"class_list":["post-14525","post","type-post","status-publish","format-standard","has-post-thumbnail","hentry","category-entradas","category-especiales","category-mexico-y-el-mundo"],"jetpack_featured_media_url":"http:\/\/www.eloriente.net\/home\/wp-content\/uploads\/2013\/07\/DelegACCION-Iztapalapa1.jpg","jetpack_sharing_enabled":true,"_links":{"self":[{"href":"http:\/\/www.eloriente.net\/home\/wp-json\/wp\/v2\/posts\/14525"}],"collection":[{"href":"http:\/\/www.eloriente.net\/home\/wp-json\/wp\/v2\/posts"}],"about":[{"href":"http:\/\/www.eloriente.net\/home\/wp-json\/wp\/v2\/types\/post"}],"author":[{"embeddable":true,"href":"http:\/\/www.eloriente.net\/home\/wp-json\/wp\/v2\/users\/1"}],"replies":[{"embeddable":true,"href":"http:\/\/www.eloriente.net\/home\/wp-json\/wp\/v2\/comments?post=14525"}],"version-history":[{"count":3,"href":"http:\/\/www.eloriente.net\/home\/wp-json\/wp\/v2\/posts\/14525\/revisions"}],"predecessor-version":[{"id":14530,"href":"http:\/\/www.eloriente.net\/home\/wp-json\/wp\/v2\/posts\/14525\/revisions\/14530"}],"wp:featuredmedia":[{"embeddable":true,"href":"http:\/\/www.eloriente.net\/home\/wp-json\/wp\/v2\/media\/14528"}],"wp:attachment":[{"href":"http:\/\/www.eloriente.net\/home\/wp-json\/wp\/v2\/media?parent=14525"}],"wp:term":[{"taxonomy":"category","embeddable":true,"href":"http:\/\/www.eloriente.net\/home\/wp-json\/wp\/v2\/categories?post=14525"},{"taxonomy":"post_tag","embeddable":true,"href":"http:\/\/www.eloriente.net\/home\/wp-json\/wp\/v2\/tags?post=14525"}],"curies":[{"name":"wp","href":"https:\/\/api.w.org\/{rel}","templated":true}]}}