{"id":14636,"date":"2013-07-16T09:40:51","date_gmt":"2013-07-16T15:40:51","guid":{"rendered":"http:\/\/www.eloriente.net\/home\/?p=14636"},"modified":"2013-07-17T07:58:52","modified_gmt":"2013-07-17T13:58:52","slug":"aprobado-el-estadio-benito-juarez-para-entrada-de-aficion-en-debut-de-alebrijes-de-oaxaca","status":"publish","type":"post","link":"http:\/\/www.eloriente.net\/home\/2013\/07\/16\/aprobado-el-estadio-benito-juarez-para-entrada-de-aficion-en-debut-de-alebrijes-de-oaxaca\/","title":{"rendered":"Aprobado el Estadio Benito Ju\u00e1rez para entrada de afici\u00f3n en debut de \u00abAlebrijes de Oaxaca\u00bb"},"content":{"rendered":"<p>eloriente.net<\/p>\n<p>16 de julio de 2013<\/p>\n<p>eloriente.net (Oaxaca, Oax.) 16 de julio de 2013.- El equipo de f\u00fatbol oaxaque\u00f1o \u00abAlebrijes de Oaxaca\u00bb, dio a conocer de manera oficial que fue aprobado el Estadio Benito Ju\u00e1rez para la entrada de la afici\u00f3n al primer partido del Torneo de Apertura 2013, este s\u00e1bado 20 de julio a las 20:00 hrs., en el que enfrentar\u00e1 al Atl\u00e9tico de San Luis.<\/p>\n<p>\u00abLa afici\u00f3n es lo m\u00e1s importante para Alebrijes y todos podr\u00e1n ver el debut de su equipo en Liga de Ascenso MX\u00bb, se\u00f1ala el equipo. Bajo el lema de\u00a0 \u00abTallados por la misma pasi\u00f3n\u00bb, el conjunto zapoteca invit\u00f3 tambi\u00e9n a los oaxaque\u00f1os a la presentaci\u00f3n del uniforme Alebrije, este martes a las 19:00 horas, a un lado de la Iglesia de Santo Domingo de Guzm\u00e1n, en el Centro Hist\u00f3rico de la Ciudad.<\/p>\n<p>Ayer, se llev\u00f3 a cabo la presentaci\u00f3n de la escuadra oaxaque\u00f1a ante el Gobernador del Estado de Oaxaca en el hist\u00f3rico Palacio de Gobierno, con la presencia del Presidente del equipo, Javier San Rom\u00e1n.<\/p>\n<p>Gabino Cu\u00e9 Monteagudo agradeci\u00f3 a San Rom\u00e1n su impulso en la Liga de Ascenso MX y se puso la camisa de la oncena oaxaque\u00f1a. Por su parte, los jugadores de \u00abAlebrijes de Oaxaca\u00bb agradecieron el recibimiento y se tomaron fotograf\u00edas en este importante espacio.<\/p>\n<p>Cabe mencionar que los boletos para el partido del s\u00e1bado estar\u00e1n a la venta en la taquilla del estadio Benito Ju\u00e1rez a partir del mi\u00e9rcoles 17 de julio.<\/p>\n<p>Sigue las actividades de los Alebrijes en su cuenta oficial de <a href=\"https:\/\/www.facebook.com\/pages\/Alebrijes-Oaxaca\/152136688281522\" target=\"_blank\">Facebook<\/a> o en <a href=\"https:\/\/twitter.com\/AlebrijesOaxaca\" target=\"_blank\">Twitter<\/a>.<\/p>\n<p>@El_Oriente te comparte una entrevista que nuestro colaborador Alfredo Woolrich realiz\u00f3 a Javier San Rom\u00e1n a inicios de a\u00f1o.<\/p>\n<p><iframe loading=\"lazy\" src=\"\/\/www.youtube.com\/embed\/JYAvj3IvbzI\" frameborder=\"0\" width=\"560\" height=\"315\"><\/iframe><\/p>\n<p>&nbsp;<\/p>\n<p>&nbsp;<\/p>\n<p><a href=\"http:\/\/www.eloriente.net\/home\/wp-content\/uploads\/2013\/07\/Alebrijes-de-Oaxaca-equipo-futbol.jpg\"><img loading=\"lazy\" decoding=\"async\" class=\"aligncenter size-medium wp-image-14643\" title=\"Alebrijes de Oaxaca-equipo futbol\" src=\"http:\/\/www.eloriente.net\/home\/wp-content\/uploads\/2013\/07\/Alebrijes-de-Oaxaca-equipo-futbol-300x180.jpg\" alt=\"\" width=\"300\" height=\"180\" srcset=\"http:\/\/www.eloriente.net\/home\/wp-content\/uploads\/2013\/07\/Alebrijes-de-Oaxaca-equipo-futbol-300x180.jpg 300w, http:\/\/www.eloriente.net\/home\/wp-content\/uploads\/2013\/07\/Alebrijes-de-Oaxaca-equipo-futbol.jpg 960w\" sizes=\"(max-width: 300px) 100vw, 300px\" \/><\/a><\/p>\n<p>Foto: <a href=\"https:\/\/www.facebook.com\/pages\/Alebrijes-Oaxaca\/152136688281522\" target=\"_blank\">Alebrijes de Oaxaca<\/a><\/p>\n<p>&nbsp;<\/p>\n\n\t\t\t  <div \n\t\t\t  \tclass = \"fb-comments\" \n\t\t\t  \tdata-href = \"http:\/\/www.eloriente.net\/home\/2013\/07\/16\/aprobado-el-estadio-benito-juarez-para-entrada-de-aficion-en-debut-de-alebrijes-de-oaxaca\/\"\n\t\t\t  \tdata-numposts = \"10\"\n\t\t\t\tdata-colorscheme = \"dark\"\n\t\t\t\tdata-order-by = \"social\"\n\t\t\t\tdata-mobile=true>\n\t\t\t  <\/div>\n\t\t  <style>\n\t\t\t.fb_iframe_widget_fluid_desktop iframe {\n\t\t\t    width: 100% !important;\n\t\t\t}\n\t\t  <\/style>\n\t\t  ","protected":false},"excerpt":{"rendered":"<p>eloriente.net 16 de julio de 2013 eloriente.net (Oaxaca, Oax.) 16 de julio de 2013.- El equipo de f\u00fatbol oaxaque\u00f1o \u00abAlebrijes de Oaxaca\u00bb, dio a conocer de manera oficial que fue aprobado el Estadio Benito Ju\u00e1rez para la entrada de la afici\u00f3n al primer partido del Torneo de Apertura 2013, este s\u00e1bado 20 de julio a [&hellip;]<\/p>\n","protected":false},"author":1,"featured_media":14643,"comment_status":"open","ping_status":"open","sticky":false,"template":"","format":"standard","meta":{"_jetpack_memberships_contains_paid_content":false,"footnotes":""},"categories":[29,15,32,13,31],"tags":[],"class_list":["post-14636","post","type-post","status-publish","format-standard","has-post-thumbnail","hentry","category-capital","category-deportes","category-entradas","category-especiales","category-principal"],"jetpack_featured_media_url":"http:\/\/www.eloriente.net\/home\/wp-content\/uploads\/2013\/07\/Alebrijes-de-Oaxaca-equipo-futbol.jpg","jetpack_sharing_enabled":true,"_links":{"self":[{"href":"http:\/\/www.eloriente.net\/home\/wp-json\/wp\/v2\/posts\/14636"}],"collection":[{"href":"http:\/\/www.eloriente.net\/home\/wp-json\/wp\/v2\/posts"}],"about":[{"href":"http:\/\/www.eloriente.net\/home\/wp-json\/wp\/v2\/types\/post"}],"author":[{"embeddable":true,"href":"http:\/\/www.eloriente.net\/home\/wp-json\/wp\/v2\/users\/1"}],"replies":[{"embeddable":true,"href":"http:\/\/www.eloriente.net\/home\/wp-json\/wp\/v2\/comments?post=14636"}],"version-history":[{"count":9,"href":"http:\/\/www.eloriente.net\/home\/wp-json\/wp\/v2\/posts\/14636\/revisions"}],"predecessor-version":[{"id":14670,"href":"http:\/\/www.eloriente.net\/home\/wp-json\/wp\/v2\/posts\/14636\/revisions\/14670"}],"wp:featuredmedia":[{"embeddable":true,"href":"http:\/\/www.eloriente.net\/home\/wp-json\/wp\/v2\/media\/14643"}],"wp:attachment":[{"href":"http:\/\/www.eloriente.net\/home\/wp-json\/wp\/v2\/media?parent=14636"}],"wp:term":[{"taxonomy":"category","embeddable":true,"href":"http:\/\/www.eloriente.net\/home\/wp-json\/wp\/v2\/categories?post=14636"},{"taxonomy":"post_tag","embeddable":true,"href":"http:\/\/www.eloriente.net\/home\/wp-json\/wp\/v2\/tags?post=14636"}],"curies":[{"name":"wp","href":"https:\/\/api.w.org\/{rel}","templated":true}]}}