{"id":14712,"date":"2013-07-17T12:52:09","date_gmt":"2013-07-17T18:52:09","guid":{"rendered":"http:\/\/www.eloriente.net\/home\/?p=14712"},"modified":"2013-07-18T15:01:08","modified_gmt":"2013-07-18T21:01:08","slug":"calendario-de-actividades-en-el-marco-de-la-guelaguetza","status":"publish","type":"post","link":"http:\/\/www.eloriente.net\/home\/2013\/07\/17\/calendario-de-actividades-en-el-marco-de-la-guelaguetza\/","title":{"rendered":"Calendario de Actividades en el marco de la Guelaguetza"},"content":{"rendered":"<p>todooaxacaradio.com<\/p>\n<p>17 de julio de 2013<\/p>\n<p>En el marco de la fiesta m\u00e1s grande en Oaxaca, la \u00abGuelaguetza\u00bb, te compartimos las actividades que se tienen planeadas para estas semanas.<\/p>\n<p><strong>Jueves 18 de julio<\/strong><\/p>\n<p><strong>17:00 hrs:<\/strong> Primera etapa del Certamen de la \u00abDiosa Cent\u00e9otl\u00bb\/\/ Lugar: Alameda de Le\u00f3n\/\/ Evento Gratuito<\/p>\n<p>&nbsp;<\/p>\n<p><strong>Viernes 19 de julio<\/strong><\/p>\n<p><strong>17:00 hrs:<\/strong> Estapa final del Certamen de la \u00abDiosa Cent\u00e9otl\u00bb\/\/ Lugar: Alameda de Le\u00f3n \/\/Evento Gratuito<\/p>\n<p>&nbsp;<\/p>\n<p><strong>S\u00e1bado 20 de julio<\/strong><\/p>\n<p><strong>12:00 hrs:<\/strong> Inauguraci\u00f3n de la Feria del Mezcal \/\/ Lugar: Paseo Ju\u00e1rez \u00abEl llano\u00bb \/\/ Costo de entrada: $40.00<\/p>\n<p><strong>18:00 hrs:<\/strong> Desfile de Delegaciones Regionales \/\/ Lugar: Salida de la Cruz de Piedra\/\/ Evento Gratuito<\/p>\n<p><strong>20:00 hrs:<\/strong> Guelaguetza en el Teatro Macedonio Alcal\u00e1. Representaci\u00f3n de los bailes de las 8 regiones del estado por la Compa\u00f1\u00eda Estatal de Danza Costumbrista\/\/ Lugar: Teatro Macedonio Alcal\u00e1.\/\/ Donativo: $100.00<\/p>\n<p><strong>20:00 hrs:<\/strong> Susana Harp en Concierto\/\/ Lugar: Jard\u00edn \u00abEl Pa\u00f1uelito\u00bb\/\/ Evento Gratuito<\/p>\n<p><strong>20:00 hrs:<\/strong> Alondra de la Parra en Concierto con la Banda Sinf\u00f3nica Infantil \u00abBenito Ju\u00e1rez\u00bb \/\/ Lugar: Plaza de la Danza\/\/ Evento Gratuito<\/p>\n<p>&nbsp;<\/p>\n<p><strong>Domingo 21 de julio<\/strong><\/p>\n<p><strong>12:00 hrs:<\/strong> \u00abSandunga\u00bb. Representaci\u00f3n de las Fiestas Patronales de Tehuantepec, por la Compa\u00f1\u00eda Estatal de Danza Costumbrista\/\/ Lugar: Teatro Macedonio Alcal\u00e1\/\/ Donativo: $100.00<\/p>\n<p><strong>17:00 hrs:<\/strong> \u00abAs\u00ed baila la Costa: Sones y Chilenas\u00bb\/\/ Lugar: Jard\u00edn \u00abEl Pa\u00f1uelito\u00bb\/\/ Evento Gratuito<\/p>\n<p><strong>20:00 hrs:<\/strong> Noche de Tr\u00edos de la Costa \/\/ Lugar: Jard\u00edn \u00abEl Pa\u00f1uelito\u00bb\/\/ Evento Gratuito<\/p>\n<p><strong>20:30 hrs:<\/strong> \u00abDonaj\u00ed&#8230;La leyenda\u00bb. Espect\u00e1culo danc\u00edstico teatral \/\/ Lugar: Auditorio Guelaguetza\/\/ Donativo $100.00 para palcos A y B.<\/p>\n<p>&nbsp;<\/p>\n<p><strong>Lunes 22 de julio<\/strong><\/p>\n<p><strong>17:00 hrs:<\/strong> Recorriendo las Tradiciones \u00abDanzas y Sones del Istmo\u00bb. Delegaciones de San Blas, Tehuantepec y El Espinal\/\/ Lugar: Jard\u00edn \u00abEl Pa\u00f1uelito\u00bb\/\/ Evento Gratuito<\/p>\n<p><strong>17:00 hrs:<\/strong> Recorriendo las Tradiciones \u00abBanda Princesa Donaj\u00ed\u00bb. Con Mar\u00eda Luisa Leyo, Natalia Cruz y Milagros de Jes\u00fas\/\/ Lugar: Jard\u00edn \u00abEl Pa\u00f1uelito\u00bb\/\/ Evento Gratuito<\/p>\n<p><strong>20:00 hrs:<\/strong> Concierto \u00abLa magia de la m\u00fasica oaxaque\u00f1a\u00bb Tenor Edilberto Regalado Ordo\u00f1ez\/\/ Lugar: Plaza de la Danza\/\/ Evento Gratuito<\/p>\n<p>&nbsp;<\/p>\n<p><strong>Martes 23 de julio<\/strong><\/p>\n<p><strong>17:00 hrs:<\/strong> Sierra Sur: \u00abSones y Chilenas\u00bb. Delegaciones de Miahuatl\u00e1n, Sola de Vega, Ejutla y San Vicente Coatl\u00e1n \/\/ Lugar: Jard\u00edn \u00abEl Pa\u00f1uelito\u00bb\/\/ Evento Gratuito.<\/p>\n<p><strong>18:00 hrs:<\/strong> \u00abConcierto para la convivencia\u00bb. 6o bandas, 2013 m\u00fasicos dirigidos a una sola batuta. Cantantes Oaxaque\u00f1as invitadas: Ana D\u00edaz, Natalia Cruz, Geo Meneses, Susana Harp y Patricia Trujano. \/\/ Lugar: Auditorio Guelaguetza\/\/ Evento Gratuito<\/p>\n<p><strong>19:30 hrs:<\/strong> \u00abResplandor del Istmo\u00bb. Espect\u00e1culo multidisciplinario que conjuga poes\u00eda, danza y m\u00fasica en un marco coreogr\u00e1fico con vestimenta istme\u00f1a\/\/ Lugar: Teatro Macedonio Alcal\u00e1\/\/ Donativo: $100.00<\/p>\n<p><strong>20:00 hrs:<\/strong> Ensamble Neot\u00edpico: Patricia Santiago y Carlos Salom\u00f3n\/\/ Lugar: Jard\u00edn \u00abEl Pa\u00f1uelito\u00bb\/\/ Evento Gratuito<\/p>\n<p>&nbsp;<\/p>\n<p><strong>Mi\u00e9rcoles 24 de julio<\/strong><\/p>\n<p><strong>10:00 hrs:<\/strong> \u00ab8a Feria del Tejate y el Tamal\u00bb \/\/ Lugar: Plaza de la Danza\/\/ Evento Gratuito.<\/p>\n<p><strong>17:00 hrs:<\/strong> \u00abLas tradiciones en Oaxaca: Bodas y mayordom\u00edas en los Valles Centrales\u00bb. Delegaciones de Santa Ana Tlapacoyan, Tlacochahuaya y Villa de Mitla \/\/ Lugar: Jard\u00edn \u00abEl Pa\u00f1uelito\u00bb\/\/ Evento Gratuito<\/p>\n<p><strong>20:o0 hrs:<\/strong> \u00abMemo Porras e invitados: M\u00fasica y algo m\u00e1s&#8230;\u00bb\/\/ Lugar: Jard\u00edn \u00abEl Pa\u00f1uelito\u00bb\/\/ Evento Gratuito<\/p>\n<p>&nbsp;<\/p>\n<p><strong>Jueves 25 de julio<\/strong><\/p>\n<p><strong>10:00 hrs:<\/strong> \u00ab8a Feria del Tejate y el Tamal\u00bb \/\/ Lugar: Plaza de la Danza\/\/ Evento Gratuito<\/p>\n<p><strong>17:00 hrs:<\/strong> \u00abOh, Tierra del sol&#8230; danza y m\u00fasica de la Mixteca\u00bb. Delegaciones de Teposcolula, Tecomaxtlahuaca y Tlaxiaco \/\/ Lugar: Jard\u00edn \u00abEl Pa\u00f1uelito\u00bb\/\/ Evento Gratuito<\/p>\n<p><strong><\/strong><strong>19:30 hrs:<\/strong> \u00abResplandor del Istmo\u00bb. Espect\u00e1culo multidisciplinario que conjuga poes\u00eda, danza y m\u00fasica en un marco coreogr\u00e1fico con vestimenta istme\u00f1a\/\/ Lugar: Teatro Macedonio Alcal\u00e1\/\/ Donativo: $100.00<\/p>\n<p><strong>20:00 hrs:<\/strong> Orquesta Pasatono y Lourdes Ambris: M\u00fasica tradicional de la Mixteca \/\/ Lugar: Jard\u00edn \u00abEl Pa\u00f1uelito\u00bb\/\/ Evento Gratuito<\/p>\n<p>&nbsp;<\/p>\n<p><strong>Viernes 26 de julio<\/strong><\/p>\n<p><strong>17:00 hrs:<\/strong> \u00abLas tradiciones en el sotavento de Oaxaca\u00bb. Delegaciones de Valle Nacional y San Felipe Usila \/\/ Lugar: Jard\u00edn \u00abEl Pa\u00f1uelito\u00bb\/\/ Evento Gratuito<\/p>\n<p><strong>17:00 hrs:<\/strong> \u00abQue viva y reviva el son: Jaraneros, poetas, versadores repentistas del Papaloapan\u00bb \/\/ Lugar: Jard\u00edn \u00abEl Pa\u00f1uelito\u00bb\/\/ Evento Gratuito<\/p>\n<p><strong><\/strong><strong>18:00 hrs:<\/strong> \u00abAlegor\u00edas de Oaxaca: Danzas, tradiciones y algo de Papaloapan\u00bb. Delegaciones de la Danza de la Pluma, de Flor de Pi\u00f1a y Chinas Oaxaque\u00f1as. \/\/ Lugar: Plaza de la Danza\/\/ Evento Gratuito<\/p>\n<p><strong>19:30 hrs:<\/strong> Lila Downs en Concierto \u00abPecados y Milagros\u00bb \/\/ Lugar: Auditorio Guelaguetza\/\/ Evento Gratuito<\/p>\n<p>&nbsp;<\/p>\n<p><strong>S\u00e1bado 27 de julio<\/strong><\/p>\n<p><strong>18:00 hrs:<\/strong> Campamentos de verano, rinc\u00f3n de la marimba. Capul\u00e1lpam de M\u00e9ndez \/\/ Lugar: Jard\u00edn \u00abEl Pa\u00f1uelito\u00bb\/\/ Evento Gratuito<\/p>\n<p><strong>18:00 hrs:<\/strong> Desfile de Delegaciones Regionales \/\/ Lugar: Salida de la Cruz de Piedra\/\/ Evento Gratuito<\/p>\n<p><strong>19:00 hrs:<\/strong> Cuarteto de marimba \u00abNueva generaci\u00f3n\u00bb \/\/ Lugar: Jard\u00edn \u00abEl Pa\u00f1uelito\u00bb\/\/ Evento Gratuito<\/p>\n<p><strong><\/strong><strong>20:00 hrs:<\/strong> \u00abLeyendas y bailes de la Mixteca\u00bb. Coreograf\u00edas y espect\u00e1culo de danza-teatro \/\/ Lugar: Plaza de la Danza\/\/ Evento Gratuito<\/p>\n<p><strong>21:00 hrs:<\/strong> Javier Nandayapa en Concierto \u00abDe lo tradicional a lo contempor\u00e1neo\u00bb\/\/ Lugar: Jard\u00edn \u00abEl Pa\u00f1uelito\u00bb\/\/ Evento Gratuito<\/p>\n<p>&nbsp;<\/p>\n<p>&nbsp;<\/p>\n<p><strong>Domingo 28 de julio<\/strong><\/p>\n<p><strong>17:00 hrs:<\/strong> N\u00facleo de Banda Sinf\u00f3nica de la Sierra Ju\u00e1rez. Director: Mtro. Ismael M\u00e9ndez \/\/ Lugar: Jard\u00edn \u00abEl Pa\u00f1uelito\u00bb\/\/ Evento Gratuito<\/p>\n<p><strong>18:00 hrs:<\/strong> N\u00facleo de Banda Sinf\u00f3nica de Valles Centrales. Director: Mtro. C\u00e9sar Delgado\/\/ Lugar: Jard\u00edn \u00abEl Pa\u00f1uelito\u00bb\/\/ Evento Gratuito<\/p>\n<p><strong><\/strong><strong>20:30 hrs:<\/strong> Emilio Cordero acompa\u00f1ado de la Banda Sinf\u00f3nica Juvenil del CIMO\/\/ Lugar: Plaza de la Danza\/\/ Evento Gratuito<\/p>\n<p><strong>20:30 hrs:<\/strong> \u00abDonaj\u00ed&#8230;La leyenda\u00bb. Espect\u00e1culo danc\u00edstico teatral \/\/ Lugar: Auditorio Guelaguetza\/\/ Donativo $100.00 para palcos A y B<\/p>\n<p>&nbsp;<\/p>\n<p>&nbsp;<\/p>\n<p><strong>Lunes 29 de julio<\/strong><\/p>\n<p><strong>20:00 hrs:<\/strong> Orquesta Sinf\u00f3nica de Oaxaca \u00abGuelaguetza Sinf\u00f3nica\u00bb. Director: Mtro. Javier Garc\u00eda Vigil \/\/ Lugar: Jard\u00edn \u00abEl Pa\u00f1uelito\u00bb\/\/ Evento Gratuito<\/p>\n<p>&nbsp;<\/p>\n<p style=\"text-align: center;\"><a href=\"http:\/\/www.eloriente.net\/home\/wp-content\/uploads\/2013\/07\/Actividades-Guelaguetza.png\"><img loading=\"lazy\" decoding=\"async\" class=\"aligncenter  wp-image-14713\" title=\"Actividades Guelaguetza\" src=\"http:\/\/www.eloriente.net\/home\/wp-content\/uploads\/2013\/07\/Actividades-Guelaguetza.png\" alt=\"\" width=\"630\" height=\"443\" srcset=\"http:\/\/www.eloriente.net\/home\/wp-content\/uploads\/2013\/07\/Actividades-Guelaguetza.png 900w, http:\/\/www.eloriente.net\/home\/wp-content\/uploads\/2013\/07\/Actividades-Guelaguetza-300x211.png 300w\" sizes=\"(max-width: 630px) 100vw, 630px\" \/><\/a><\/p>\n<p style=\"text-align: center;\"><a href=\"http:\/\/www.eloriente.net\/home\/wp-content\/uploads\/2013\/07\/principales-actividades-guelaguetza.jpg\"><img loading=\"lazy\" decoding=\"async\" class=\"aligncenter  wp-image-14714\" title=\"principales actividades guelaguetza\" src=\"http:\/\/www.eloriente.net\/home\/wp-content\/uploads\/2013\/07\/principales-actividades-guelaguetza.jpg\" alt=\"\" width=\"699\" height=\"530\" srcset=\"http:\/\/www.eloriente.net\/home\/wp-content\/uploads\/2013\/07\/principales-actividades-guelaguetza.jpg 999w, http:\/\/www.eloriente.net\/home\/wp-content\/uploads\/2013\/07\/principales-actividades-guelaguetza-300x227.jpg 300w\" sizes=\"(max-width: 699px) 100vw, 699px\" \/><\/a><\/p>\n<p style=\"text-align: center;\">\n\n\t\t\t  <div \n\t\t\t  \tclass = \"fb-comments\" \n\t\t\t  \tdata-href = \"http:\/\/www.eloriente.net\/home\/2013\/07\/17\/calendario-de-actividades-en-el-marco-de-la-guelaguetza\/\"\n\t\t\t  \tdata-numposts = \"10\"\n\t\t\t\tdata-colorscheme = \"dark\"\n\t\t\t\tdata-order-by = \"social\"\n\t\t\t\tdata-mobile=true>\n\t\t\t  <\/div>\n\t\t  <style>\n\t\t\t.fb_iframe_widget_fluid_desktop iframe {\n\t\t\t    width: 100% !important;\n\t\t\t}\n\t\t  <\/style>\n\t\t  ","protected":false},"excerpt":{"rendered":"<p>todooaxacaradio.com 17 de julio de 2013 En el marco de la fiesta m\u00e1s grande en Oaxaca, la \u00abGuelaguetza\u00bb, te compartimos las actividades que se tienen planeadas para estas semanas. Jueves 18 de julio 17:00 hrs: Primera etapa del Certamen de la \u00abDiosa Cent\u00e9otl\u00bb\/\/ Lugar: Alameda de Le\u00f3n\/\/ Evento Gratuito &nbsp; Viernes 19 de julio 17:00 [&hellip;]<\/p>\n","protected":false},"author":1,"featured_media":14792,"comment_status":"open","ping_status":"open","sticky":false,"template":"","format":"standard","meta":{"_jetpack_memberships_contains_paid_content":false,"footnotes":""},"categories":[8,18,32,10],"tags":[],"class_list":["post-14712","post","type-post","status-publish","format-standard","has-post-thumbnail","hentry","category-agenda","category-educacion-y-cultura","category-entradas","category-lo-mas-reciente"],"jetpack_featured_media_url":"http:\/\/www.eloriente.net\/home\/wp-content\/uploads\/2013\/07\/guelaguetza-2013.jpg","jetpack_sharing_enabled":true,"_links":{"self":[{"href":"http:\/\/www.eloriente.net\/home\/wp-json\/wp\/v2\/posts\/14712"}],"collection":[{"href":"http:\/\/www.eloriente.net\/home\/wp-json\/wp\/v2\/posts"}],"about":[{"href":"http:\/\/www.eloriente.net\/home\/wp-json\/wp\/v2\/types\/post"}],"author":[{"embeddable":true,"href":"http:\/\/www.eloriente.net\/home\/wp-json\/wp\/v2\/users\/1"}],"replies":[{"embeddable":true,"href":"http:\/\/www.eloriente.net\/home\/wp-json\/wp\/v2\/comments?post=14712"}],"version-history":[{"count":5,"href":"http:\/\/www.eloriente.net\/home\/wp-json\/wp\/v2\/posts\/14712\/revisions"}],"predecessor-version":[{"id":14791,"href":"http:\/\/www.eloriente.net\/home\/wp-json\/wp\/v2\/posts\/14712\/revisions\/14791"}],"wp:featuredmedia":[{"embeddable":true,"href":"http:\/\/www.eloriente.net\/home\/wp-json\/wp\/v2\/media\/14792"}],"wp:attachment":[{"href":"http:\/\/www.eloriente.net\/home\/wp-json\/wp\/v2\/media?parent=14712"}],"wp:term":[{"taxonomy":"category","embeddable":true,"href":"http:\/\/www.eloriente.net\/home\/wp-json\/wp\/v2\/categories?post=14712"},{"taxonomy":"post_tag","embeddable":true,"href":"http:\/\/www.eloriente.net\/home\/wp-json\/wp\/v2\/tags?post=14712"}],"curies":[{"name":"wp","href":"https:\/\/api.w.org\/{rel}","templated":true}]}}