{"id":14725,"date":"2013-07-18T08:09:45","date_gmt":"2013-07-18T14:09:45","guid":{"rendered":"http:\/\/www.eloriente.net\/home\/?p=14725"},"modified":"2013-07-18T08:12:36","modified_gmt":"2013-07-18T14:12:36","slug":"francisco-toledo-artista-plastico-vivo-contemporaneo-mas-importante-de-mexico","status":"publish","type":"post","link":"http:\/\/www.eloriente.net\/home\/2013\/07\/18\/francisco-toledo-artista-plastico-vivo-contemporaneo-mas-importante-de-mexico\/","title":{"rendered":"Francisco Toledo, artista pl\u00e1stico vivo contempor\u00e1neo m\u00e1s importante de M\u00e9xico"},"content":{"rendered":"<p>eloriente.net\/ <a href=\"http:\/\/www.conaculta.gob.mx\" target=\"_blank\">Conaculta<\/a><\/p>\n<p>18 de julio de 2013<\/p>\n<ul>\n<li>\n<div align=\"justify\">Un personaje dif\u00edcil, complejo, lo menos complaciente incluso con \u00e9l mismo: Ang\u00e9lica Abelleyra<\/div>\n<\/li>\n<li>\n<div align=\"justify\">El artista pl\u00e1stico vivo contempor\u00e1neo, considerado el m\u00e1s importante de M\u00e9xico, cumple 73 a\u00f1os este 17 de julio<\/div>\n<\/li>\n<\/ul>\n<p align=\"justify\">\u201cEl pintor Francisco Toledo est\u00e1 colmado de referencias locales, regionales y de conocimientos del arte internacional. Es un exc\u00e9ntrico, el primitivo que funda instituciones culturales, el pintor cultivado que se asume como parte del fluir de la naturaleza. [\u2026] Le ha dado su nombre a una manera de recrear y transfigurar la realidad y, sin quererlo, ha originado una escuela o una cauda de im\u00e1genes que en las suyas se inspiran en vano\u201d, escribi\u00f3 el cronista Carlos Monsiv\u00e1is sobre el artista oaxaque\u00f1o en la introducci\u00f3n del libro, <em>Obra gr\u00e1fica para Arvil 1974-2001<\/em> (2001).<\/p>\n<p>Hace 73 a\u00f1os, el 17 de julio de 1940, naci\u00f3 Francisco Benjam\u00edn L\u00f3pez Toledo, el cuarto de siete hijos de Francisco L\u00f3pez Orozco y Florencia Toledo Nolasco. Lagartos, grillos, chapulines, armadillos, coyotes, peces, tortugas, iguanas, culebras, conejos y cocodrilos son los interlocutores de Francisco Toledo en su obra, la cual a trav\u00e9s del pincel, la pluma y el l\u00e1piz los reinventa y vuelve m\u00edticos.<\/p>\n<p>El pintor, grabador y ceramista se\u00f1al\u00f3 en entrevista a Ang\u00e9lica Abelleyra que los insectos son para \u00e9l un inter\u00e9s formal. \u201cCuando uno dibuja, hace estilizaciones del ser humano, de los cuerpos y todo eso lleva hacia el insecto. Estamos hechos como ellos\u2026 nada m\u00e1s hay que ver las patas y la cabeza, un mismo orden, estructura, la cercan\u00eda de la forma. Pero en realidad no s\u00e9 muchas cosas de los insectos. No me he puesto a estudiarlos ni a coleccionarlos. Sucede simplemente que es una forma de vida que algunas veces me ha afectado\u201d.<\/p>\n<p>Francisco Toledo es considerado el artista pl\u00e1stico vivo contempor\u00e1neo m\u00e1s importante de M\u00e9xico. Para Carmen G\u00f3mez del Campo, investigadora del Centro Nacional de Investigaci\u00f3n, Documentaci\u00f3n e Informaci\u00f3n de Artes Pl\u00e1sticas (Cenidiap), la obra de Francisco Toledo resulta fascinante, conmovedora y sacudidora en todas sus muestras polifac\u00e9ticas.<\/p>\n<p>\u201cAlgo que siempre me apasion\u00f3 de Toledo fue su obra. Esa parte tan primitiva, tan moderna, coloc\u00e1ndose dentro de un arte regional en el que recuper\u00f3 sus ra\u00edces oaxaque\u00f1as. Pero \u00e9l va m\u00e1s all\u00e1, es un artista universal\u201d, expres\u00f3 Carmen G\u00f3mez del Campo.<\/p>\n<p>El artista, impredecible y polifac\u00e9tico, maneja varios oficios: pintor en diferentes t\u00e9cnicas, collage, enc\u00e1ustica, fresco, acuarela y gouache; cer\u00e1mica; tapiz y modelado.<\/p>\n<p>Carmen G\u00f3mez del Campo se\u00f1ala en entrevista para Conaculta, que cada t\u00e9cnica le permite a Francisco Toledo sacar modalidades distintas. \u201cCreo que los materiales le permiten expresarse. Por ejemplo, con la cer\u00e1mica recupera vol\u00famenes, formas, le da vida a sus figuras. Sabemos que es un gran lector de literatura, sino fuera por el grabado seguramente esta expresi\u00f3n no podr\u00eda darse. No hay una modalidad que se sobreponga a otra o sea mejor, cada una le permite expresar cosas distintas y eso que expresa se convierte en algo \u00fanico\u201d.<\/p>\n<p>Expuso que Toledo presenta una maestr\u00eda y pureza en el manejo de la t\u00e9cnica con la que es capaz de acercarnos y poner en las formas contempor\u00e1neas todo lo primitivo que tiene la condici\u00f3n humana.<\/p>\n<p>\u201cAqu\u00ed y en cualquier parte del mundo esa trascendencia y universalidad le da ese car\u00e1cter. Me parece que en parte es por recuperar esa condici\u00f3n de primitivo, que es lo que lo coloca como uno de los artistas mexicanos contempor\u00e1neos m\u00e1s destacados, sin lugar a duda\u201d, afirm\u00f3.<\/p>\n<p>La autora del libro <em>Miradas a Francisco Toledo<\/em> coment\u00f3 que el artista comprometido con sus ra\u00edces ind\u00edgenas construye su trabajo siempre en un borde, un umbral, el cual toca un mundo que nos es dado a la mirada. \u201cSu obra es humana. \u00c9l hurga en ese mundo al que los normales no tenemos acceso, simplemente se sumerge en el submundo en algunas de sus obras en \u00f3leo, lo trae como lo hace con el grabado o la cer\u00e1mica, para que lo toquemos, lo veamos, transmiti\u00e9ndolo de alguna manera\u201d.<\/p>\n<p>Al presentar el libro hace dos a\u00f1os, la coordinadora de la Academia de Fronteras del Cenidiap coment\u00f3 que la obra de Francisco Toledo abre una rendija a leer la condici\u00f3n humana, atravesada por una convivencia animal. \u201cPor ese erotismo desgarrador y por ese elemento que definir\u00eda al arte contempor\u00e1neo. Nos hace tocar de cerca lo m\u00e1s primitivo original y nos lo pone al alcance de la mirada\u201d.<\/p>\n<p>Francisco Toledo comparti\u00f3 con la periodista Ang\u00e9lica Abelleyra, quien realiz\u00f3 un retrato biogr\u00e1fico del pintor presentado en el libro <em>Se busca un alma<\/em>, que sus padres viv\u00edan en Minatitl\u00e1n, Oaxaca, y que \u00e9l naci\u00f3 en la Ciudad de M\u00e9xico. \u201cNunca tuve una liga con ese lugar, uno es de donde se siente\u201d.<\/p>\n<p>En la publicaci\u00f3n se explica que Toledo no quiso radicar en la colonia Del Valle del Distrito Federal ni ir a Acayucan, lugar donde radic\u00f3 su padre, sino estar en Ixtepec porque all\u00ed viv\u00edan unas t\u00edas que lo cuidaban y ah\u00ed hab\u00edan vivido sus padres. Posteriormente se interes\u00f3 en Juchit\u00e1n por ser un lugar con m\u00e1s tradici\u00f3n y tambi\u00e9n el sitio de donde surg\u00edan todas las historias que hab\u00eda escuchado. \u201cSinti\u00f3 que \u00e9se era el lugar, por la riqueza de la lengua y de la cultura zapoteca\u201d.<\/p>\n<p><strong>Su formaci\u00f3n<br \/>\n<\/strong><br \/>\nEl artista mexicano, a los 11 a\u00f1os viv\u00eda en Oaxaca, donde curs\u00f3 la secundaria y estudi\u00f3 grabado con Arturo Garc\u00eda Bustos y Rina Lazo; a los 17 viaj\u00f3 a la Ciudad de M\u00e9xico, pero el periodo de inscripciones en las escuelas de San Carlos y la Esmeralda hab\u00edan cerrado, qued\u00e1ndole la opci\u00f3n de ingresar a la Escuela de Dise\u00f1os y Artesan\u00edas, donde los pintores Castelar, Dosamantes y Silva Santamar\u00eda ser\u00edan m\u00e1s que sus maestros.<\/p>\n<p>Francisco Toledo se asumi\u00f3 pintor desde sus muy tempranos inicios, pero le interesaba dominar t\u00e9cnicas de grabado sobre lin\u00f3leo, madera y metal, y de relieve como la litograf\u00eda, que adem\u00e1s de multiplicar la imagen, implicaran tal rigor, que s\u00f3lo su total dominio permitiera el lujo de introducir el azar como una voluntad propia de la forma.<\/p>\n<p>En 1960, con 20 a\u00f1os de edad, el artista viaj\u00f3 a Par\u00eds para ingresar al taller de S.W Hayter. All\u00e1 conoci\u00f3 a Rufino Tamayo y Octavio Paz. Estableci\u00f3 estrecho contacto con los talleres de grabado Murlot y Bramsen &amp; Clot. Permaneci\u00f3 ah\u00ed cinco a\u00f1os en los cuales frecuent\u00f3 galer\u00edas y museos y diversific\u00f3 su cultura pl\u00e1stica. Despu\u00e9s viaj\u00f3 a Nueva York para exponer obra gr\u00e1fica realizada en el taller de Kahlil. Luego en M\u00e9xico, trabaj\u00f3 en el taller de Mario Reyes.<\/p>\n<p>A su regreso a nuestro pa\u00eds afirm\u00f3 su necesidad de vincularse m\u00e1s org\u00e1nicamente a su primera cultura en viajes frecuentes a Juchit\u00e1n y Oaxaca. Regres\u00f3 con una t\u00e9cnica pict\u00f3rica depurada que no dejar\u00eda de enriquecer, as\u00ed como con la influencia de ideas pl\u00e1sticas de artistas de distintas escuelas europeas, como Alberto Durero, Paul Klee o Marc Chagall.<\/p>\n<p>Francisco Toledo recuper\u00f3 t\u00e9cnicas antiguas e investig\u00f3 otras nuevas, tanto en la pintura como en la escultura y la cer\u00e1mica. Dise\u00f1\u00f3 tapices que realiza con los artesanos de Teotitl\u00e1n del Valle.<\/p>\n<p>Su trabajo fue cada vez m\u00e1s reconocido y valorado. Realiz\u00f3 exposiciones en \u00a0galer\u00edas y museos, como la retrospectiva de 1980 en el Museo de Arte Moderno que reuni\u00f3 cerca de 500 piezas.<\/p>\n<p>De Francisco Toledo se han observado dibujos y tintas reunidos en los <em>Cuadernos del insomne<\/em>, <em>Cuadernos de la mierda<\/em> y<em> Cuadernos de los insectos<\/em>; los (anti) homenajes a Benito Ju\u00e1rez en <em>collage <\/em>y mixtas sobre f\u00f3sil; su manual de \u00a0zoolog\u00eda fant\u00e1stica en acuarela y gr\u00e1fica; su insectario en tinta y acuarela; sus platos, vasijas y murales en cer\u00e1mica, dando vida a cangrejos y tortugas; sus series gr\u00e1ficas sobre la muerte; autorretratos en fotograf\u00eda, \u00f3leo al temple y xilograf\u00eda; las bicicletas, m\u00e1quinas de coser y escenas de lucha libre transportados al \u00f3leo sobre papel; los mapas y planos juchitecos en papel amate, papiro y acuarela; los animales hechos en caparazones de tortuga, hojas de coco, pistaches, huevos de avestruz y cera.<\/p>\n<p><em><strong>Se busca un alma<\/strong><\/em><\/p>\n<p>Ang\u00e9lica Abelleyra se\u00f1ala en su libro editado, por Plaza y Janes (2001), que Francisco Toledo es un hombre dedicado a su obra. \u201cUna obra en constante movimiento, contempor\u00e1nea, arcaica, que en sus manos nace y se transforma, y en nuestros ojos permanece. Que de la misma manera y con la misma intensidad construye y destruye, pero siempre envuelto en un acto de creaci\u00f3n, cuyo gusto por las im\u00e1genes y las historias de aventuras le surgi\u00f3 desde peque\u00f1o\u201d.<\/p>\n<p>La periodista comparti\u00f3 a Conaculta que a partir de tantos silencios y preguntas sin respuesta en una entrevista realizada al artista en 1995, le surgi\u00f3 la idea de hacer un libro sobre su vida y obra. \u201cSe lo coment\u00e9, me dijo que estaba loquita\u201d.<\/p>\n<p>Ang\u00e9lica Abelleyra explic\u00f3 que Francisco Toledo es un personaje con una val\u00eda no s\u00f3lo art\u00edstica en el panorama pict\u00f3rico y art\u00edstico de M\u00e9xico y m\u00e1s all\u00e1, sino tambi\u00e9n por su convicci\u00f3n pol\u00edtica, su participaci\u00f3n c\u00edvica en Oaxaca y en otros lados.<\/p>\n<p>\u201cEs un personaje que ahora habla un poco m\u00e1s pero que en aquel entonces, hablaba much\u00edsimo menos y que a m\u00ed me atra\u00eda por todas estas caras, aristas que es posible ver de Francisco.<\/p>\n<p>\u201cTuve el gran privilegio de que \u00e9l aceptara, con muchas negaciones de verme, con muchos rega\u00f1os, diario me dec\u00eda que me fuera de ah\u00ed, que no quer\u00eda hablar conmigo, fue una labor de persistencia. Creo que el libro es un buen retrato porque m\u00e1s all\u00e1 de platicar con \u00e9l, de admitir muchas condicionantes, como no usar grabadora, ni siquiera escribir en el momento. Se conform\u00f3 un buen libro al hablar con sus familiares, con su gente cercana, hijos, ex mujeres, mujer actual, cr\u00edticos, galeristas, colegas y detractores\u201d.<\/p>\n<p>Ang\u00e9lica Abelleyra se\u00f1al\u00f3 que Francisco Toledo es un artista asediado desde muchos lados. \u201cMucha gente le pide una opini\u00f3n, ayuda, solidaridad, de todo tipo, de todos los partidos pol\u00edticos, de todas las asociaciones civiles. Es un hombre al que, en ese entonces, le costaba trabajo decir que no a muchas cosas, es un hombre solidario y aunque parece de principio muy distante, s\u00ed se involucra en muchas cosas\u201d.<\/p>\n<p>\u201cEs un personaje dif\u00edcil, complejo, lo menos complaciente que conozco incluso con \u00e9l mismo. Creo que uno de los principales retos que tiene todo ser creativo es evitar la complacencia y repetici\u00f3n, Francisco es muy cr\u00edtico de s\u00ed mismo, a disgusto de su trabajo, destruye much\u00edsimas cosas, lo que alcanzamos a ver es una parte muy selectiva de su propio trabajo\u201d, detall\u00f3.<\/p>\n<p>La periodista especializada en artes visuales coment\u00f3 que la obra de Toledo ha cambiado a lo largo de los a\u00f1os. \u201cTienen una etapa fundamental en sus primeros a\u00f1os, en los a\u00f1os setenta y ochenta se modific\u00f3. \u00c9l ha buscado otras t\u00e9cnicas, materiales y me parece que es donde est\u00e1 la magia\u201d.<\/p>\n<p>Francisco Toledo, a la reportera Ana Cruz, en una entrevista para <em>La Jornada<\/em> en 1999, le dijo ser un pintor viejo al que le preocupaba repetirse. \u201cSiento que no salgo de los chapulines, los cangrejos, de las ranas. Por eso cambio de t\u00e9cnicas. Me voy a la cer\u00e1mica o a la escultura. Tambi\u00e9n por eso cambio de materiales. Espero hacer cosas diferentes muy pronto, aunque pinto a los animales y los sue\u00f1os de mi infancia, y esos ya no pueden cambiar. Habr\u00e1 que insistir para que vengan nuevas im\u00e1genes, nuevas ideas, nuevos sue\u00f1os\u201d.<\/p>\n<p>Ang\u00e9lica Abelleyra dijo que Francisco Toledo es un artista inconforme. \u201cCreo que eso le ayuda a no estar en la complacencia. Es muy cr\u00edtico de s\u00ed mismo, de los dem\u00e1s, casi no le gusta nada y si le gusta no te lo dice, creo que eso es muy rico para s\u00ed mismo y su propio crecimiento\u201d.<\/p>\n<p>El pintor galardonado con el Premio Nacional de Ciencias y Artes en \u00e1rea de Bellas Artes el 15 de diciembre de 1998, ha expresado no considerarse un artista internacional. \u201cS\u00f3lo Frida Kahlo, Diego Rivera y Rufino Tamayo se podr\u00edan ubicar como mexicanos con cierta internacionalizaci\u00f3n\u201d.<\/p>\n<p>En ese sentido Carmen G\u00f3mez del Campo apunt\u00f3 que Francisco Toledo en Francia e Inglaterra tiene un lugar y reconocimiento. \u201cYo no lo medir\u00eda por \u00e9xito de mercado. Me preguntar\u00eda que tanto \u00e9l no ha querido moverse en el circuito internacional. Que se haya mantenido al margen de este mundo o haya optado por esta otra faceta de luchador social, hasta en un sentido podr\u00eda ser contradictorio estar en una u en otra\u201d.<\/p>\n<p><em>Labor social<br \/>\n<\/em><br \/>\nAdem\u00e1s de su obra pl\u00e1stica, Francisco Toledo es conocido por su labor altruista y compromiso social. Es observador, cr\u00edtico y ecologista, su obra tambi\u00e9n hace una denuncia de la deforestaci\u00f3n y la destrucci\u00f3n de la naturaleza.<\/p>\n<p>Fund\u00f3 el Instituto de Artes Gr\u00e1ficas de Oaxaca, promovi\u00f3 la creaci\u00f3n del Museo de Arte Contempor\u00e1neo de Oaxaca (MACO) inaugurado en 1992; del Centro Fotogr\u00e1fico Manuel \u00c1lvarez Bravo y del Museo de los Pintores.<\/p>\n<p>Impuls\u00f3 la restauraci\u00f3n del monasterio agustino donde funciona ahora el Centro Cultural Santo Domingo. Cre\u00f3 en Etla, cerca de la ciudad de Oaxaca, un taller de papel de materiales org\u00e1nicos que da trabajo a la poblaci\u00f3n, y rescat\u00f3 parte de una factor\u00eda de hilados.<\/p>\n<p>Impulsa el mundo cultural y las posibilidades art\u00edsticas de los invidentes con bibliotecas, exposiciones palpables o escuelas de arte y fotograf\u00eda. Fund\u00f3 el Patronato para la Defensa y Conservaci\u00f3n del Patrimonio Cultural y Natural de Oaxaca, A.C (Pro-Oax).<\/p>\n<p>\u201cA Francisco Toledo es imposible desligarlo de toda su labor social y c\u00edvica. Ahora est\u00e1 haciendo una escuela de arte para ni\u00f1os. Es un hombre atento a las necesidades art\u00edsticas y sociales de Oaxaca, esto tambi\u00e9n le da una gran relevancia\u201d, se\u00f1al\u00f3 Ang\u00e9lica Abelleyra.<\/p>\n<p>El Centro Nacional de las Artes albergar\u00e1 una peque\u00f1a muestra integrada por 10 piezas de de obra reciente de Francisco Toledo, la cual ser\u00e1 inaugurada \u00a0el pr\u00f3ximo 28 de agosto en la Galer\u00eda Juan Soriano de la Biblioteca de las Artes, la exposici\u00f3n estar\u00e1 abierta al p\u00fablico hasta el mes de diciembre.<\/p>\n<p><iframe loading=\"lazy\" src=\"\/\/www.youtube.com\/embed\/vQtLlMbFKbY\" frameborder=\"0\" width=\"480\" height=\"360\"><\/iframe><\/p>\n<p><iframe loading=\"lazy\" src=\"\/\/www.youtube.com\/embed\/SwchIoLh0fg\" frameborder=\"0\" width=\"560\" height=\"315\"><\/iframe><\/p>\n<p style=\"text-align: center;\" align=\"justify\"><a href=\"http:\/\/www.eloriente.net\/home\/wp-content\/uploads\/2013\/07\/toledo_3_1.jpg\"><img loading=\"lazy\" decoding=\"async\" class=\"aligncenter  wp-image-14726\" title=\"toledo_3_1\" src=\"http:\/\/www.eloriente.net\/home\/wp-content\/uploads\/2013\/07\/toledo_3_1.jpg\" alt=\"\" width=\"576\" height=\"189\" srcset=\"http:\/\/www.eloriente.net\/home\/wp-content\/uploads\/2013\/07\/toledo_3_1.jpg 960w, http:\/\/www.eloriente.net\/home\/wp-content\/uploads\/2013\/07\/toledo_3_1-300x98.jpg 300w\" sizes=\"(max-width: 576px) 100vw, 576px\" \/><\/a><\/p>\n<p style=\"text-align: center;\" align=\"justify\">Imagen: <a href=\"http:\/\/www.conaculta.gob.mx\" target=\"_blank\">Conaculta<\/a><\/p>\n<p align=\"justify\">*Comunicado<\/p>\n\n\t\t\t  <div \n\t\t\t  \tclass = \"fb-comments\" \n\t\t\t  \tdata-href = \"http:\/\/www.eloriente.net\/home\/2013\/07\/18\/francisco-toledo-artista-plastico-vivo-contemporaneo-mas-importante-de-mexico\/\"\n\t\t\t  \tdata-numposts = \"10\"\n\t\t\t\tdata-colorscheme = \"dark\"\n\t\t\t\tdata-order-by = \"social\"\n\t\t\t\tdata-mobile=true>\n\t\t\t  <\/div>\n\t\t  <style>\n\t\t\t.fb_iframe_widget_fluid_desktop iframe {\n\t\t\t    width: 100% !important;\n\t\t\t}\n\t\t  <\/style>\n\t\t  ","protected":false},"excerpt":{"rendered":"<p>eloriente.net\/ Conaculta 18 de julio de 2013 Un personaje dif\u00edcil, complejo, lo menos complaciente incluso con \u00e9l mismo: Ang\u00e9lica Abelleyra El artista pl\u00e1stico vivo contempor\u00e1neo, considerado el m\u00e1s importante de M\u00e9xico, cumple 73 a\u00f1os este 17 de julio \u201cEl pintor Francisco Toledo est\u00e1 colmado de referencias locales, regionales y de conocimientos del arte internacional. Es [&hellip;]<\/p>\n","protected":false},"author":1,"featured_media":14726,"comment_status":"open","ping_status":"open","sticky":false,"template":"","format":"standard","meta":{"_jetpack_memberships_contains_paid_content":false,"footnotes":""},"categories":[18,32,10],"tags":[],"class_list":["post-14725","post","type-post","status-publish","format-standard","has-post-thumbnail","hentry","category-educacion-y-cultura","category-entradas","category-lo-mas-reciente"],"jetpack_featured_media_url":"http:\/\/www.eloriente.net\/home\/wp-content\/uploads\/2013\/07\/toledo_3_1.jpg","jetpack_sharing_enabled":true,"_links":{"self":[{"href":"http:\/\/www.eloriente.net\/home\/wp-json\/wp\/v2\/posts\/14725"}],"collection":[{"href":"http:\/\/www.eloriente.net\/home\/wp-json\/wp\/v2\/posts"}],"about":[{"href":"http:\/\/www.eloriente.net\/home\/wp-json\/wp\/v2\/types\/post"}],"author":[{"embeddable":true,"href":"http:\/\/www.eloriente.net\/home\/wp-json\/wp\/v2\/users\/1"}],"replies":[{"embeddable":true,"href":"http:\/\/www.eloriente.net\/home\/wp-json\/wp\/v2\/comments?post=14725"}],"version-history":[{"count":3,"href":"http:\/\/www.eloriente.net\/home\/wp-json\/wp\/v2\/posts\/14725\/revisions"}],"predecessor-version":[{"id":14728,"href":"http:\/\/www.eloriente.net\/home\/wp-json\/wp\/v2\/posts\/14725\/revisions\/14728"}],"wp:featuredmedia":[{"embeddable":true,"href":"http:\/\/www.eloriente.net\/home\/wp-json\/wp\/v2\/media\/14726"}],"wp:attachment":[{"href":"http:\/\/www.eloriente.net\/home\/wp-json\/wp\/v2\/media?parent=14725"}],"wp:term":[{"taxonomy":"category","embeddable":true,"href":"http:\/\/www.eloriente.net\/home\/wp-json\/wp\/v2\/categories?post=14725"},{"taxonomy":"post_tag","embeddable":true,"href":"http:\/\/www.eloriente.net\/home\/wp-json\/wp\/v2\/tags?post=14725"}],"curies":[{"name":"wp","href":"https:\/\/api.w.org\/{rel}","templated":true}]}}