{"id":14733,"date":"2013-07-18T08:37:07","date_gmt":"2013-07-18T14:37:07","guid":{"rendered":"http:\/\/www.eloriente.net\/home\/?p=14733"},"modified":"2013-07-18T14:49:18","modified_gmt":"2013-07-18T20:49:18","slug":"celebra-onu-dia-internacional-de-nelson-mandela","status":"publish","type":"post","link":"http:\/\/www.eloriente.net\/home\/2013\/07\/18\/celebra-onu-dia-internacional-de-nelson-mandela\/","title":{"rendered":"\u00abMovil\u00edzate, suscita el cambio\u00bb en D\u00eda Internacional de Nelson Mandela"},"content":{"rendered":"<p>eloriente.net\/ <a href=\"http:\/\/www.un.org\/es\/events\/mandeladay\/\" target=\"_blank\">Mandela Day<\/a>\/ <a href=\"http:\/\/www.cinu.mx\" target=\"_blank\">CINU <\/a><\/p>\n<p>18 de julio de 2013<\/p>\n<p>eloriente.net (Oaxaca, Oax.) 18 de julio de 2013.- Millones de personas celebran en todo el mundo el \u00abD\u00eda Internacional de Nelson Mandela\u00bb este jueves 18 de julio\u2013fecha de nacimiento de &#8216;Madiba, como se le conoce al expresidente Sudafricano\u2013, con el tema \u00abMovil\u00edzate, suscita el cambio\u00bb, el cual hace un llamado a las personas a que dediquen 67 minutos de su tiempo para ayudar a los dem\u00e1s.<\/p>\n<p>Durante 67 a\u00f1os Nelson Mandela dedic\u00f3 su vida al servicio de la humanidad, como abogado defensor de los derechos humanos, como preso de conciencia, trabajando por la paz y como primer presidente elegido democr\u00e1ticamente de una Sud\u00e1frica libre.<\/p>\n<p>El Secretario General de la ONU, Ban Ki-moon, dio un mensaje a la comunidad internacional con motivo de esta celebraci\u00f3n:<\/p>\n<p>\u00abLa conmemoraci\u00f3n de este a\u00f1o del D\u00eda Internacional de Nelson Mandela llega en un momento de profunda reflexi\u00f3n sobre la vida y la labor de Madiba, ya que el l\u00edder universalmente venerado sigue en el hospital. Al expresar nuestros mejores deseos al Presidente Mandela por su 95\u00ba cumplea\u00f1os, demos tambi\u00e9n un significado tangible a nuestros sentimientos de preocupaci\u00f3n emprendiendo acciones en nombre de los dem\u00e1s.<\/p>\n<p>Nelson Mandela dedic\u00f3 67 a\u00f1os de su vida a la lucha por los derechos humanos y la justicia social. En la conmemoraci\u00f3n de este D\u00eda, las Naciones Unidas se unen a la Fundaci\u00f3n Mandela al pedir a personas de todo el mundo que el 18 de julio dediquen al menos 67 minutos de su tiempo a prestar servicios a la comunidad.<\/p>\n<p>La base del D\u00eda Internacional de Nelson Mandela es buenas obras para las personas y el planeta. Su tema \u00abmovil\u00edzate, suscita el cambio\u00bb tiene por objeto movilizar a la familia humana para que haga m\u00e1s a fin de construir un mundo pac\u00edfico, sostenible y equitativo. Este es el mejor homenaje que podemos rendir a un hombre extraordinario que encarna los valores m\u00e1s altos de la humanidad.<\/p>\n<p>En estos dif\u00edciles momentos, nuestros pensamientos y nuestras oraciones est\u00e1n con el Sr. Mandela, su familia y con todo el pueblo de Sud\u00e1frica. Nos une la admiraci\u00f3n por un gigante de nuestros tiempos\u00bb.<\/p>\n<p><strong>Informaci\u00f3n Adicional:<\/strong><\/p>\n<p>En noviembre de 2009, la Asamblea General de las Naciones Unidas proclam\u00f3 el 18 de julio <strong>\u00abD\u00eda Internacional de Nelson Mandela\u00bb<\/strong> en reconocimiento de la contribuci\u00f3n aportada por el ex Presidente de Sud\u00e1frica a la cultura de la paz y la libertad.<\/p>\n<p>En la <a href=\"http:\/\/www.un.org\/es\/comun\/docs\/?symbol=A\/RES\/64\/13\">resoluci\u00f3n 64\/13<\/a> <img loading=\"lazy\" decoding=\"async\" title=\"Documento PDF\" src=\"http:\/\/www.un.org\/common\/images\/icons\/ico_pdf.gif\" alt=\"Documento PDF\" width=\"14\" height=\"14\" \/> de la Asamblea General se reconocen los valores de Nelson Mandela y su dedicaci\u00f3n al servicio de la humanidad a trav\u00e9s de su labor humanitaria en los \u00e1mbitos de la soluci\u00f3n de conflictos, las relaciones interraciales, la promoci\u00f3n y protecci\u00f3n de los derechos humanos, la reconciliaci\u00f3n, la igualdad entre los g\u00e9neros, los derechos de los ni\u00f1os y otros grupos vulnerables, y la defensa de las comunidades pobres y subdesarrolladas. Se reconoce tambi\u00e9n su contribuci\u00f3n a la lucha por la democracia a nivel internacional y a la promoci\u00f3n de una cultura de paz en todo el mundo.<\/p>\n<p>Puedes consultar m\u00e1s informaci\u00f3n sobre esta conmemoraci\u00f3n <a href=\"http:\/\/www.un.org\/es\/events\/mandeladay\/\" target=\"_blank\">AQU\u00cd.<\/a><\/p>\n<p>\u00bfTiene <strong>67 minutos <\/strong>de su tiempo para ayudar a los dem\u00e1s?\u00a0 Ejemplos de c\u00f3mo puede <strong>movilizarse y suscitar el cambio:<\/strong><\/p>\n<ul>\n<ul>\n<li>Haga una nueva amistad. Conozca a alguien nuevo de una cultura diferente. Solamente comprendi\u00e9ndonos podemos eliminar de nuestras comunidades la intolerancia y la xenofobia.<\/li>\n<li>L\u00e9ale al que no puede. Visite una casa para ciegos y \u00e1brale las puertas de un mundo nuevo a otra persona.<\/li>\n<li>Ayude en el refugio para animales de su comunidad. Los perros que no tienen hogar necesitan tambi\u00e9n que los caminen y un poco de amor.<\/li>\n<li>Ayude a alguien a encontrar trabajo, ay\u00fadele imprimiendo su curriculum vitae, o entren\u00e1ndole para entrevistas.<\/li>\n<li>Muchas personas enfermas de muerte no tienen a nadie con quien hablar. T\u00f3mese el tiempo de conversar con ellas y llevarles un poco de alegr\u00eda.<\/li>\n<li>H\u00e1gase la prueba del VIH y anime a su compa\u00f1ero(a) que tambi\u00e9n se la haga.<\/li>\n<li>Lleve a alguien que conozca y no pueda pagar a examinarse la vista y los dientes.<\/li>\n<li>Regale una silla de ruedas o un perro gu\u00eda a alguien que lo necesite.<\/li>\n<li>Compre unas cuantas cobijas o agarre algunas suyas que ya no necesite y reg\u00e1leselas a un necesitado.<\/li>\n<\/ul>\n<\/ul>\n<p><iframe loading=\"lazy\" src=\"\/\/www.youtube.com\/embed\/E80Af5TTOYY\" frameborder=\"0\" width=\"560\" height=\"315\"><\/iframe><\/p>\n<p><iframe loading=\"lazy\" src=\"\/\/www.youtube.com\/embed\/B5FQCQPTGME\" frameborder=\"0\" width=\"560\" height=\"315\"><\/iframe><\/p>\n<p>&nbsp;<\/p>\n<p>&nbsp;<\/p>\n<p style=\"text-align: center;\"><a href=\"http:\/\/www.eloriente.net\/home\/wp-content\/uploads\/2013\/03\/nelson-mandela-1918-to-2007-human-rights-302205_730_800.jpg\"><img loading=\"lazy\" decoding=\"async\" class=\"aligncenter  wp-image-10234\" title=\"nelson-mandela-1918-to-2007-human-rights-302205_730_800\" src=\"http:\/\/www.eloriente.net\/home\/wp-content\/uploads\/2013\/03\/nelson-mandela-1918-to-2007-human-rights-302205_730_800.jpg\" alt=\"\" width=\"438\" height=\"480\" srcset=\"http:\/\/www.eloriente.net\/home\/wp-content\/uploads\/2013\/03\/nelson-mandela-1918-to-2007-human-rights-302205_730_800.jpg 730w, http:\/\/www.eloriente.net\/home\/wp-content\/uploads\/2013\/03\/nelson-mandela-1918-to-2007-human-rights-302205_730_800-273x300.jpg 273w\" sizes=\"(max-width: 438px) 100vw, 438px\" \/><\/a><\/p>\n<p style=\"text-align: center;\">Foto: <a href=\"http:\/\/www.humanrights.com\" target=\"_blank\">Human rights<\/a><\/p>\n\n\t\t\t  <div \n\t\t\t  \tclass = \"fb-comments\" \n\t\t\t  \tdata-href = \"http:\/\/www.eloriente.net\/home\/2013\/07\/18\/celebra-onu-dia-internacional-de-nelson-mandela\/\"\n\t\t\t  \tdata-numposts = \"10\"\n\t\t\t\tdata-colorscheme = \"dark\"\n\t\t\t\tdata-order-by = \"social\"\n\t\t\t\tdata-mobile=true>\n\t\t\t  <\/div>\n\t\t  <style>\n\t\t\t.fb_iframe_widget_fluid_desktop iframe {\n\t\t\t    width: 100% !important;\n\t\t\t}\n\t\t  <\/style>\n\t\t  ","protected":false},"excerpt":{"rendered":"<p>eloriente.net\/ Mandela Day\/ CINU 18 de julio de 2013 eloriente.net (Oaxaca, Oax.) 18 de julio de 2013.- Millones de personas celebran en todo el mundo el \u00abD\u00eda Internacional de Nelson Mandela\u00bb este jueves 18 de julio\u2013fecha de nacimiento de &#8216;Madiba, como se le conoce al expresidente Sudafricano\u2013, con el tema \u00abMovil\u00edzate, suscita el cambio\u00bb, el [&hellip;]<\/p>\n","protected":false},"author":1,"featured_media":10234,"comment_status":"open","ping_status":"open","sticky":false,"template":"","format":"standard","meta":{"_jetpack_memberships_contains_paid_content":false,"footnotes":""},"categories":[32,10,24,31],"tags":[],"class_list":["post-14733","post","type-post","status-publish","format-standard","has-post-thumbnail","hentry","category-entradas","category-lo-mas-reciente","category-mexico-y-el-mundo","category-principal"],"jetpack_featured_media_url":"http:\/\/www.eloriente.net\/home\/wp-content\/uploads\/2013\/03\/nelson-mandela-1918-to-2007-human-rights-302205_730_800.jpg","jetpack_sharing_enabled":true,"_links":{"self":[{"href":"http:\/\/www.eloriente.net\/home\/wp-json\/wp\/v2\/posts\/14733"}],"collection":[{"href":"http:\/\/www.eloriente.net\/home\/wp-json\/wp\/v2\/posts"}],"about":[{"href":"http:\/\/www.eloriente.net\/home\/wp-json\/wp\/v2\/types\/post"}],"author":[{"embeddable":true,"href":"http:\/\/www.eloriente.net\/home\/wp-json\/wp\/v2\/users\/1"}],"replies":[{"embeddable":true,"href":"http:\/\/www.eloriente.net\/home\/wp-json\/wp\/v2\/comments?post=14733"}],"version-history":[{"count":4,"href":"http:\/\/www.eloriente.net\/home\/wp-json\/wp\/v2\/posts\/14733\/revisions"}],"predecessor-version":[{"id":14736,"href":"http:\/\/www.eloriente.net\/home\/wp-json\/wp\/v2\/posts\/14733\/revisions\/14736"}],"wp:featuredmedia":[{"embeddable":true,"href":"http:\/\/www.eloriente.net\/home\/wp-json\/wp\/v2\/media\/10234"}],"wp:attachment":[{"href":"http:\/\/www.eloriente.net\/home\/wp-json\/wp\/v2\/media?parent=14733"}],"wp:term":[{"taxonomy":"category","embeddable":true,"href":"http:\/\/www.eloriente.net\/home\/wp-json\/wp\/v2\/categories?post=14733"},{"taxonomy":"post_tag","embeddable":true,"href":"http:\/\/www.eloriente.net\/home\/wp-json\/wp\/v2\/tags?post=14733"}],"curies":[{"name":"wp","href":"https:\/\/api.w.org\/{rel}","templated":true}]}}