{"id":14746,"date":"2013-07-18T09:14:22","date_gmt":"2013-07-18T15:14:22","guid":{"rendered":"http:\/\/www.eloriente.net\/home\/?p=14746"},"modified":"2013-07-18T13:09:24","modified_gmt":"2013-07-18T19:09:24","slug":"como-beneficia-a-la-sociedad-la-inclusion-de-personas-con-discapacidad","status":"publish","type":"post","link":"http:\/\/www.eloriente.net\/home\/2013\/07\/18\/como-beneficia-a-la-sociedad-la-inclusion-de-personas-con-discapacidad\/","title":{"rendered":"\u00bfC\u00f3mo beneficia a la sociedad la inclusi\u00f3n de personas con discapacidad?"},"content":{"rendered":"<p style=\"text-align: right\">Por: Alejandra Silva Soriano<\/p>\n<p>Mucho se habla de la importancia que tiene para las personas con discapacidad el hecho de ser incluidas socialmente, pero tambi\u00e9n es importante ver el otro lado de la moneda. Es por ello que en este art\u00edculo, analizar\u00e9 brevemente c\u00f3mo resulta beneficiada la sociedad al incluir a las personas con discapacidad.<\/p>\n<p>A mi parecer, la inclusi\u00f3n social se basa en algo muy simple: DEJAR DE VER LA DISCAPACIDAD Y LIMITACIONES DE LA PERSONA, PARA CONCENTRARSE EN LAS CAPACIDADES Y POTENCIAL QUE TIENEN, ya que cuando la gente ve la discapacidad antes que a la persona, no s\u00f3lo la est\u00e1 discriminando, si no tambi\u00e9n, se est\u00e1 privando de ver y recibir todo lo que esa persona con discapacidad puede lograr y aportar, ya que la p\u00e9rdida o ganancia de una persona con discapacidad, ser\u00e1 en beneficio o perjuicio de la sociedad.<\/p>\n<p>Cuando las PcD (Personas con Discapacidad) son estimuladas y se les brinda la atenci\u00f3n que necesitan y merecen, pueden desempe\u00f1ar funciones sociales que contribuir\u00e1n al desarrollo de la comunidad, estado y pa\u00eds. Ah\u00ed radica la importancia de las instituciones dedicadas a realizar actividades para fortalecer y desarrollar las capacidades de este sector de la poblaci\u00f3n, porque no s\u00f3lo est\u00e1n haciendo frente a la discriminaci\u00f3n al apoyar a las PcD, est\u00e1n apoyando indirectamente a toda la sociedad.<\/p>\n<p>Actualmente, pocas instituciones de gobierno son las que disponen de sensibilidad y de una orientaci\u00f3n fiable en el \u00e1rea de discapacidad, lo que limita la asignaci\u00f3n de recursos a fin de apoyar a las personas con discapacidad y sus familias, propiciando la exclusi\u00f3n social<\/p>\n<p>Se\u00f1ala un informe de UNICEF en 2013, que la exclusi\u00f3n social inicia desde los primeros a\u00f1os de una PcD, debido a que los ni\u00f1os con discapacidad se encuentran m\u00e1s vulnerables a la violencia, el abuso, la explotaci\u00f3n y el abandono, sobre todo si se les oculta o se les ingresa en instituciones, algo que ocurre con frecuencia debido al estigma social y el costo econ\u00f3mico que supone su crianza.<\/p>\n<p>Partiendo de lo anterior, podemos concluir que, las acciones que hagamos de inclusi\u00f3n o exclusi\u00f3n hacia una persona con discapacidad, tendr\u00e1n repercusiones directas o indirectas sobre toda la sociedad. Hay que recordar que todos avanzamos hacia una misma meta, que es lograr construir un mejor lugar para vivir, en donde impere el desarrollo y la paz, e indudablemente, las personas con discapacidad tienen mucho que aportar para lograr esa tarea.<\/p>\n<p>Me despido, no sin antes agradecer infinitamente el tiempo que dedican a leer esta columna. Que pasen una bonita semana y que Dios nos bendiga mucho mucho.<\/p>\n<p><a href=\"http:\/\/www.eloriente.net\/home\/wp-content\/uploads\/2013\/07\/Una-luz-mas-en-oaxaca.jpg\"><img loading=\"lazy\" decoding=\"async\" class=\"alignnone size-medium wp-image-14750\" src=\"http:\/\/www.eloriente.net\/home\/wp-content\/uploads\/2013\/07\/Una-luz-mas-en-oaxaca-300x199.jpg\" alt=\"\" width=\"300\" height=\"199\" srcset=\"http:\/\/www.eloriente.net\/home\/wp-content\/uploads\/2013\/07\/Una-luz-mas-en-oaxaca-300x199.jpg 300w, http:\/\/www.eloriente.net\/home\/wp-content\/uploads\/2013\/07\/Una-luz-mas-en-oaxaca.jpg 800w\" sizes=\"(max-width: 300px) 100vw, 300px\" \/><\/a><\/p>\n<p>Foto: <a href=\"https:\/\/www.facebook.com\/una.luz.mas.en.oaxaca\" target=\"_blank\">@Una Luz m\u00e1s en Oaxaca<\/a><\/p>\n<p>&nbsp;<\/p>\n\n\t\t\t  <div \n\t\t\t  \tclass = \"fb-comments\" \n\t\t\t  \tdata-href = \"http:\/\/www.eloriente.net\/home\/2013\/07\/18\/como-beneficia-a-la-sociedad-la-inclusion-de-personas-con-discapacidad\/\"\n\t\t\t  \tdata-numposts = \"10\"\n\t\t\t\tdata-colorscheme = \"dark\"\n\t\t\t\tdata-order-by = \"social\"\n\t\t\t\tdata-mobile=true>\n\t\t\t  <\/div>\n\t\t  <style>\n\t\t\t.fb_iframe_widget_fluid_desktop iframe {\n\t\t\t    width: 100% !important;\n\t\t\t}\n\t\t  <\/style>\n\t\t  ","protected":false},"excerpt":{"rendered":"<p>Por: Alejandra Silva Soriano Mucho se habla de la importancia que tiene para las personas con discapacidad el hecho de ser incluidas socialmente, pero tambi\u00e9n es importante ver el otro lado de la moneda. Es por ello que en este art\u00edculo, analizar\u00e9 brevemente c\u00f3mo resulta beneficiada la sociedad al incluir a las personas con discapacidad. [&hellip;]<\/p>\n","protected":false},"author":20,"featured_media":14750,"comment_status":"open","ping_status":"open","sticky":false,"template":"","format":"standard","meta":{"_jetpack_memberships_contains_paid_content":false,"footnotes":""},"categories":[72,22,32,10],"tags":[],"class_list":["post-14746","post","type-post","status-publish","format-standard","has-post-thumbnail","hentry","category-alejandra-silva-soriano","category-derechos-humanos","category-entradas","category-lo-mas-reciente"],"jetpack_featured_media_url":"http:\/\/www.eloriente.net\/home\/wp-content\/uploads\/2013\/07\/Una-luz-mas-en-oaxaca.jpg","jetpack_sharing_enabled":true,"_links":{"self":[{"href":"http:\/\/www.eloriente.net\/home\/wp-json\/wp\/v2\/posts\/14746"}],"collection":[{"href":"http:\/\/www.eloriente.net\/home\/wp-json\/wp\/v2\/posts"}],"about":[{"href":"http:\/\/www.eloriente.net\/home\/wp-json\/wp\/v2\/types\/post"}],"author":[{"embeddable":true,"href":"http:\/\/www.eloriente.net\/home\/wp-json\/wp\/v2\/users\/20"}],"replies":[{"embeddable":true,"href":"http:\/\/www.eloriente.net\/home\/wp-json\/wp\/v2\/comments?post=14746"}],"version-history":[{"count":4,"href":"http:\/\/www.eloriente.net\/home\/wp-json\/wp\/v2\/posts\/14746\/revisions"}],"predecessor-version":[{"id":14794,"href":"http:\/\/www.eloriente.net\/home\/wp-json\/wp\/v2\/posts\/14746\/revisions\/14794"}],"wp:featuredmedia":[{"embeddable":true,"href":"http:\/\/www.eloriente.net\/home\/wp-json\/wp\/v2\/media\/14750"}],"wp:attachment":[{"href":"http:\/\/www.eloriente.net\/home\/wp-json\/wp\/v2\/media?parent=14746"}],"wp:term":[{"taxonomy":"category","embeddable":true,"href":"http:\/\/www.eloriente.net\/home\/wp-json\/wp\/v2\/categories?post=14746"},{"taxonomy":"post_tag","embeddable":true,"href":"http:\/\/www.eloriente.net\/home\/wp-json\/wp\/v2\/tags?post=14746"}],"curies":[{"name":"wp","href":"https:\/\/api.w.org\/{rel}","templated":true}]}}