{"id":14764,"date":"2013-07-18T11:00:34","date_gmt":"2013-07-18T17:00:34","guid":{"rendered":"http:\/\/www.eloriente.net\/home\/?p=14764"},"modified":"2023-01-13T16:41:50","modified_gmt":"2023-01-13T22:41:50","slug":"conoce-a-san-juan-tepeuxila-oaxaca-el-municipio-mas-pobre-de-mexico","status":"publish","type":"post","link":"http:\/\/www.eloriente.net\/home\/2013\/07\/18\/conoce-a-san-juan-tepeuxila-oaxaca-el-municipio-mas-pobre-de-mexico\/","title":{"rendered":"Conoce a San Juan Tepeuxila, Oaxaca; el municipio m\u00e1s pobre de M\u00e9xico seg\u00fan Coneval"},"content":{"rendered":"<p><script src=\"\/\/pagead2.googlesyndication.com\/pagead\/js\/adsbygoogle.js\" async=\"\"><\/script><!-- BANNER ELORIENTE INCRUSTADO NOTAS --> <ins class=\"adsbygoogle\" style=\"display: inline-block; width: 300px; height: 250px;\" data-ad-client=\"ca-pub-1136171134853753\" data-ad-slot=\"7974633627\"><\/ins><script>\/\/ <![CDATA[ (adsbygoogle = window.adsbygoogle || []).push({}); \/\/ ]]><\/script><br \/>\neloriente.net\/ <a href=\"http:\/\/www.coneval.gob.mx\" target=\"_blank\" rel=\"noopener\">Coneval<\/a>\/ <a href=\"http:\/\/www.snim.rami.gob.mx\/\" target=\"_blank\" rel=\"noopener\">SINM<\/a><\/p>\n<p>18 de julio de 2013<\/p>\n<p>eloriente.net (Oaxaca, Oax.) 18 de julio de 2013.- El Consejo Nacional de Evaluaci\u00f3n de la Pol\u00edtica de Desarrollo Social (Coneval), con base en cifras de 2010, dio a conocer a principios de este a\u00f1o la situaci\u00f3n de los municipios m\u00e1s pobres y m\u00e1s ricos de M\u00e9xico.<\/p>\n<p>De acuerdo al reporte presentado, los 10 municipios m\u00e1s pobres del pa\u00eds se encuentran en Chiapas, Oaxaca y\u00a0 Veracruz. Cabe recordar que en el ranking de los municipios menos pobres tambi\u00e9n figuraron localidades de la entidad oaxaque\u00f1a: San Sebasti\u00e1n Tutla y San Pablo Etla.<\/p>\n<p>Seg\u00fan el\u00a0Informe de Evaluaci\u00f3n de la Pol\u00edtica de Desarrollo Social del Coneval, el Municipio de San Juan Tepeuxila\u2013 \u00abLugar del colibr\u00ed o cerro de colibr\u00ed\u00bb\u2013, en Oaxaca, result\u00f3 ser el m\u00e1s pobre del pa\u00eds al tener al 97.7% de su poblaci\u00f3n en situaci\u00f3n de pobreza y al 73.2% en pobreza extrema.<\/p>\n<p style=\"text-align: center;\"><a href=\"http:\/\/www.eloriente.net\/home\/wp-content\/uploads\/2013\/07\/Coneval-San-Juan-Tepeuxila.png\"><img loading=\"lazy\" decoding=\"async\" class=\"aligncenter wp-image-14770\" title=\"Coneval San Juan Tepeuxila\" src=\"http:\/\/www.eloriente.net\/home\/wp-content\/uploads\/2013\/07\/Coneval-San-Juan-Tepeuxila.png\" alt=\"\" width=\"529\" height=\"500\" srcset=\"http:\/\/www.eloriente.net\/home\/wp-content\/uploads\/2013\/07\/Coneval-San-Juan-Tepeuxila.png 755w, http:\/\/www.eloriente.net\/home\/wp-content\/uploads\/2013\/07\/Coneval-San-Juan-Tepeuxila-300x284.png 300w\" sizes=\"(max-width: 529px) 100vw, 529px\" \/><\/a><\/p>\n<p>Situado en la regi\u00f3n de La Ca\u00f1ada, Tepeuxila se encuentra a casi 90 kil\u00f3metros de la capital del estado.<\/p>\n<p>Datos del Censo de Poblaci\u00f3n y Vivienda 2010, indican que este municipio contaba en dicho a\u00f1o con 2,773 habitantes, 1,429 hombres y 1,344 mujeres.<\/p>\n<p>La mayor\u00eda de sus pobladores hablan una lengua ind\u00edgena, siendo el cuicateco la que m\u00e1s se habla. Sus habitantes se dedican a la agricultura; siembran frijol, chile, ma\u00edz y una fruta conocida como granadilla<\/p>\n<p><a href=\"http:\/\/www.eloriente.net\/home\/wp-content\/uploads\/2013\/07\/Poblacion-San-Juan-Tepeuxila.png\"><img loading=\"lazy\" decoding=\"async\" class=\"aligncenter size-full wp-image-14766\" title=\"Poblacion San Juan Tepeuxila\" src=\"http:\/\/www.eloriente.net\/home\/wp-content\/uploads\/2013\/07\/Poblacion-San-Juan-Tepeuxila.png\" alt=\"\" width=\"510\" height=\"251\" srcset=\"http:\/\/www.eloriente.net\/home\/wp-content\/uploads\/2013\/07\/Poblacion-San-Juan-Tepeuxila.png 510w, http:\/\/www.eloriente.net\/home\/wp-content\/uploads\/2013\/07\/Poblacion-San-Juan-Tepeuxila-300x147.png 300w\" sizes=\"(max-width: 510px) 100vw, 510px\" \/><\/a><\/p>\n<p><a href=\"http:\/\/www.eloriente.net\/home\/wp-content\/uploads\/2013\/07\/Lenguas-indigenas-San-Juan-Tepeuxila.png\"><img loading=\"lazy\" decoding=\"async\" class=\"aligncenter size-full wp-image-14767\" title=\"Lenguas indigenas San Juan Tepeuxila\" src=\"http:\/\/www.eloriente.net\/home\/wp-content\/uploads\/2013\/07\/Lenguas-indigenas-San-Juan-Tepeuxila.png\" alt=\"\" width=\"516\" height=\"285\" srcset=\"http:\/\/www.eloriente.net\/home\/wp-content\/uploads\/2013\/07\/Lenguas-indigenas-San-Juan-Tepeuxila.png 516w, http:\/\/www.eloriente.net\/home\/wp-content\/uploads\/2013\/07\/Lenguas-indigenas-San-Juan-Tepeuxila-300x165.png 300w\" sizes=\"(max-width: 516px) 100vw, 516px\" \/><\/a><\/p>\n<p>Informaci\u00f3n del Instituto Nacional para el Federalismo y el Desarrollo Municipal indica que en Tepeuxila existi\u00f3 uno de los m\u00e1s grandes se\u00f1or\u00edos de la regi\u00f3n. La primera mujer que tuvo un cargo p\u00fablico y se convirti\u00f3 despu\u00e9s en cacique, se llam\u00f3 Martha de Monjaras.<\/p>\n<p>La fauna representativa de esta localidad est\u00e1 integrada por el Venado cola blanca, pumas, serpiente, \u00e1guilas, leones, temasate, tigrillos, coyotes, tejones, zorros, tlacoaches, tepexcuintle, conejos, ardillas, vacas, cerdos, gallinas, guajolotes.<\/p>\n<p>Entre su gastronom\u00eda se encuentra el Mole de guajolote, los tamales y el tepache de ca\u00f1a.<\/p>\n<p><iframe loading=\"lazy\" title=\"YouTube video player\" src=\"https:\/\/www.youtube.com\/embed\/jVMgrNkgpk4\" width=\"560\" height=\"315\" frameborder=\"0\" allowfullscreen=\"allowfullscreen\"><\/iframe><\/p>\n<p>Puedes consultar el Informe de Evaluaci\u00f3n de la Pol\u00edtica de Desarrollo Social del Coneval <a href=\"http:\/\/www.coneval.gob.mx\/Informes\/Evaluacion\/IEPDS2012\/Pages-IEPDSMex2012-12nov-VFinal_lowres6.pdf\" target=\"_blank\" rel=\"noopener\">AQU\u00cd.<\/a><\/p>\n<p><script async src=\"https:\/\/pagead2.googlesyndication.com\/pagead\/js\/adsbygoogle.js\"><\/script><br \/>\n<ins class=\"adsbygoogle\" style=\"display: block;\" data-ad-format=\"autorelaxed\" data-ad-client=\"ca-pub-1136171134853753\" data-ad-slot=\"4595267748\"><\/ins><br \/>\n<script>\n     (adsbygoogle = window.adsbygoogle || []).push({});\n<\/script><\/p>\n\n\t\t\t  <div \n\t\t\t  \tclass = \"fb-comments\" \n\t\t\t  \tdata-href = \"http:\/\/www.eloriente.net\/home\/2013\/07\/18\/conoce-a-san-juan-tepeuxila-oaxaca-el-municipio-mas-pobre-de-mexico\/\"\n\t\t\t  \tdata-numposts = \"10\"\n\t\t\t\tdata-colorscheme = \"dark\"\n\t\t\t\tdata-order-by = \"social\"\n\t\t\t\tdata-mobile=true>\n\t\t\t  <\/div>\n\t\t  <style>\n\t\t\t.fb_iframe_widget_fluid_desktop iframe {\n\t\t\t    width: 100% !important;\n\t\t\t}\n\t\t  <\/style>\n\t\t  ","protected":false},"excerpt":{"rendered":"<p>eloriente.net\/ Coneval\/ SINM 18 de julio de 2013 eloriente.net (Oaxaca, Oax.) 18 de julio de 2013.- El Consejo Nacional de Evaluaci\u00f3n de la Pol\u00edtica de Desarrollo Social (Coneval), con base en cifras de 2010, dio a conocer a principios de este a\u00f1o la situaci\u00f3n de los municipios m\u00e1s pobres y m\u00e1s ricos de M\u00e9xico. De [&hellip;]<\/p>\n","protected":false},"author":1,"featured_media":14775,"comment_status":"open","ping_status":"open","sticky":false,"template":"","format":"standard","meta":{"_jetpack_memberships_contains_paid_content":false,"footnotes":""},"categories":[32,13,24,23],"tags":[],"class_list":["post-14764","post","type-post","status-publish","format-standard","has-post-thumbnail","hentry","category-entradas","category-especiales","category-mexico-y-el-mundo","category-municipios"],"jetpack_featured_media_url":"http:\/\/www.eloriente.net\/home\/wp-content\/uploads\/2013\/07\/Captura-de-pantalla-2013-07-18-a-las-12.07.11.png","jetpack_sharing_enabled":true,"_links":{"self":[{"href":"http:\/\/www.eloriente.net\/home\/wp-json\/wp\/v2\/posts\/14764"}],"collection":[{"href":"http:\/\/www.eloriente.net\/home\/wp-json\/wp\/v2\/posts"}],"about":[{"href":"http:\/\/www.eloriente.net\/home\/wp-json\/wp\/v2\/types\/post"}],"author":[{"embeddable":true,"href":"http:\/\/www.eloriente.net\/home\/wp-json\/wp\/v2\/users\/1"}],"replies":[{"embeddable":true,"href":"http:\/\/www.eloriente.net\/home\/wp-json\/wp\/v2\/comments?post=14764"}],"version-history":[{"count":5,"href":"http:\/\/www.eloriente.net\/home\/wp-json\/wp\/v2\/posts\/14764\/revisions"}],"predecessor-version":[{"id":66035,"href":"http:\/\/www.eloriente.net\/home\/wp-json\/wp\/v2\/posts\/14764\/revisions\/66035"}],"wp:featuredmedia":[{"embeddable":true,"href":"http:\/\/www.eloriente.net\/home\/wp-json\/wp\/v2\/media\/14775"}],"wp:attachment":[{"href":"http:\/\/www.eloriente.net\/home\/wp-json\/wp\/v2\/media?parent=14764"}],"wp:term":[{"taxonomy":"category","embeddable":true,"href":"http:\/\/www.eloriente.net\/home\/wp-json\/wp\/v2\/categories?post=14764"},{"taxonomy":"post_tag","embeddable":true,"href":"http:\/\/www.eloriente.net\/home\/wp-json\/wp\/v2\/tags?post=14764"}],"curies":[{"name":"wp","href":"https:\/\/api.w.org\/{rel}","templated":true}]}}