{"id":14798,"date":"2013-07-18T17:13:13","date_gmt":"2013-07-18T23:13:13","guid":{"rendered":"http:\/\/www.eloriente.net\/home\/?p=14798"},"modified":"2013-07-18T18:12:27","modified_gmt":"2013-07-19T00:12:27","slug":"escucha-a-fernando-rosales-y-a-alberto-toriz-en-to-radio-programa-17jul13","status":"publish","type":"post","link":"http:\/\/www.eloriente.net\/home\/2013\/07\/18\/escucha-a-fernando-rosales-y-a-alberto-toriz-en-to-radio-programa-17jul13\/","title":{"rendered":"Escucha a Fernando Rosales y Alberto Toriz en Todo Oaxaca Radio (programa 17\/jul\/13)"},"content":{"rendered":"<p><a href=\"http:\/\/www.eloriente.net\/home\/wp-content\/uploads\/2013\/07\/programa-16-de-julio-2013.jpg\"><img loading=\"lazy\" decoding=\"async\" class=\"aligncenter size-medium wp-image-14799\" title=\"programa 16 de julio 2013\" src=\"http:\/\/www.eloriente.net\/home\/wp-content\/uploads\/2013\/07\/programa-16-de-julio-2013-300x199.jpg\" alt=\"\" width=\"300\" height=\"199\" srcset=\"http:\/\/www.eloriente.net\/home\/wp-content\/uploads\/2013\/07\/programa-16-de-julio-2013-300x199.jpg 300w, http:\/\/www.eloriente.net\/home\/wp-content\/uploads\/2013\/07\/programa-16-de-julio-2013.jpg 800w\" sizes=\"(max-width: 300px) 100vw, 300px\" \/><\/a><\/p>\n<p>En nuestro programa del martes 16 de julio de 2013 nos acompa\u00f1aron en cabina Alberto Toriz Rold\u00e1n, Director de Medio Ambiente Sustentable del Ayuntamiento y el Maestro Fernando Rosales, Director del Grupo Folkl\u00f3rico de Oaxaca y uno de los creadores del espect\u00e1culo danc\u00edstico teatral \u201cDonaj\u00ed\u2026La Leyenda\u201d.<\/p>\n<p>Toriz Rold\u00e1n nos platic\u00f3 sobre la segunda etapa del programa de reforestaci\u00f3n que est\u00e1 impulsando junto con la Direcci\u00f3n de Cultura. Nuestro invitado coment\u00f3 que la variante que ha propuesto la direcci\u00f3n a su cargo, es fomentar en la ciudadan\u00eda el inter\u00e9s por la reducci\u00f3n de la contaminaci\u00f3n de residuos s\u00f3lidos a trav\u00e9s de un intercambio: el municipio le da a la poblaci\u00f3n \u00e1rboles de flor o fruto de 2 y 3 metros de altura para que lo siembren en sus casas a cambio de botellas de PET o cajas de Tetra Pack limpias. El pr\u00f3ximo s\u00e1bado 20 de julio, este programa se realizar\u00e1 de 8:00 a 13:00 hrs., a un costado del mercado zonal en Santa Rosa.<\/p>\n<p>En las efem\u00e9rides, el maestro Rub\u00e9n Vasconcelos record\u00f3 que el 15 de julio de 1867, el Presidente de la Rep\u00fablica Lic. Benito Ju\u00e1rez Garc\u00eda, entra triunfante a la ciudad de M\u00e9xico, despu\u00e9s de derrotar en Quer\u00e9taro a las fuerzas conservadoras e intervencionistas franceses encabezadas por Miguel Miram\u00f3n, Tomas Mej\u00eda y Maximiliano de Habsburgo, respectivamente, los que fueron fusilados en el Cerro de las Campanas en el propio estado de Quer\u00e9taro. En esta fecha el general Porfirio D\u00edaz, Jefe Militar de la Plaza, espera a Ju\u00e1rez a la entrada del ahora \u201cPaseo de la Reforma\u201d entreg\u00e1ndole la bandera nacional en la Plaza de Armas para que se izara en el Palacio Nacional, a este acontecimiento se le conoce como Restauraci\u00f3n de la Rep\u00fablica.<\/p>\n<p>El segundo invitado de la tarde fue el maestro Fernando Rosales, quien nos platic\u00f3 sobre los preparativos sobre este evento que se realiza en el marco de las festividades de los Lunes del Cerro y que se presentar\u00e1 los domingos 21 y 28 de julio a las 20:30 hrs. en el Auditorio Guelaguetza. Nos habl\u00f3 de c\u00f3mo inici\u00f3 el proyecto, del proceso de selecci\u00f3n de las personas que integran el cuerpo de baile, del Certamen de la Diosa Cent\u00e9otl, entre otras experiencias.<\/p>\n<p>\u00a1Te invitamos a escuchar el programa completo!<\/p>\n<p><iframe loading=\"lazy\" src=\"http:\/\/www.ivoox.com\/player_ek_2220813_1.html\" frameborder=\"0\" scrolling=\"no\" width=\"238\" height=\"48\"><\/iframe><\/p>\n\n\t\t\t  <div \n\t\t\t  \tclass = \"fb-comments\" \n\t\t\t  \tdata-href = \"http:\/\/www.eloriente.net\/home\/2013\/07\/18\/escucha-a-fernando-rosales-y-a-alberto-toriz-en-to-radio-programa-17jul13\/\"\n\t\t\t  \tdata-numposts = \"10\"\n\t\t\t\tdata-colorscheme = \"dark\"\n\t\t\t\tdata-order-by = \"social\"\n\t\t\t\tdata-mobile=true>\n\t\t\t  <\/div>\n\t\t  <style>\n\t\t\t.fb_iframe_widget_fluid_desktop iframe {\n\t\t\t    width: 100% !important;\n\t\t\t}\n\t\t  <\/style>\n\t\t  ","protected":false},"excerpt":{"rendered":"<p>En nuestro programa del martes 16 de julio de 2013 nos acompa\u00f1aron en cabina Alberto Toriz Rold\u00e1n, Director de Medio Ambiente Sustentable del Ayuntamiento y el Maestro Fernando Rosales, Director del Grupo Folkl\u00f3rico de Oaxaca y uno de los creadores del espect\u00e1culo danc\u00edstico teatral \u201cDonaj\u00ed\u2026La Leyenda\u201d. Toriz Rold\u00e1n nos platic\u00f3 sobre la segunda etapa del [&hellip;]<\/p>\n","protected":false},"author":1,"featured_media":14799,"comment_status":"open","ping_status":"open","sticky":false,"template":"","format":"standard","meta":{"_jetpack_memberships_contains_paid_content":false,"footnotes":""},"categories":[32,10,12],"tags":[],"class_list":["post-14798","post","type-post","status-publish","format-standard","has-post-thumbnail","hentry","category-entradas","category-lo-mas-reciente","category-todo-oaxaca-radio"],"jetpack_featured_media_url":"http:\/\/www.eloriente.net\/home\/wp-content\/uploads\/2013\/07\/programa-16-de-julio-2013.jpg","jetpack_sharing_enabled":true,"_links":{"self":[{"href":"http:\/\/www.eloriente.net\/home\/wp-json\/wp\/v2\/posts\/14798"}],"collection":[{"href":"http:\/\/www.eloriente.net\/home\/wp-json\/wp\/v2\/posts"}],"about":[{"href":"http:\/\/www.eloriente.net\/home\/wp-json\/wp\/v2\/types\/post"}],"author":[{"embeddable":true,"href":"http:\/\/www.eloriente.net\/home\/wp-json\/wp\/v2\/users\/1"}],"replies":[{"embeddable":true,"href":"http:\/\/www.eloriente.net\/home\/wp-json\/wp\/v2\/comments?post=14798"}],"version-history":[{"count":4,"href":"http:\/\/www.eloriente.net\/home\/wp-json\/wp\/v2\/posts\/14798\/revisions"}],"predecessor-version":[{"id":14802,"href":"http:\/\/www.eloriente.net\/home\/wp-json\/wp\/v2\/posts\/14798\/revisions\/14802"}],"wp:featuredmedia":[{"embeddable":true,"href":"http:\/\/www.eloriente.net\/home\/wp-json\/wp\/v2\/media\/14799"}],"wp:attachment":[{"href":"http:\/\/www.eloriente.net\/home\/wp-json\/wp\/v2\/media?parent=14798"}],"wp:term":[{"taxonomy":"category","embeddable":true,"href":"http:\/\/www.eloriente.net\/home\/wp-json\/wp\/v2\/categories?post=14798"},{"taxonomy":"post_tag","embeddable":true,"href":"http:\/\/www.eloriente.net\/home\/wp-json\/wp\/v2\/tags?post=14798"}],"curies":[{"name":"wp","href":"https:\/\/api.w.org\/{rel}","templated":true}]}}