{"id":14861,"date":"2013-07-20T08:24:36","date_gmt":"2013-07-20T14:24:36","guid":{"rendered":"http:\/\/www.eloriente.net\/home\/?p=14861"},"modified":"2013-07-20T08:24:57","modified_gmt":"2013-07-20T14:24:57","slug":"exhibe-el-mam-la-muestra-proceso-abierto-una-reflexion-sobre-el-arte","status":"publish","type":"post","link":"http:\/\/www.eloriente.net\/home\/2013\/07\/20\/exhibe-el-mam-la-muestra-proceso-abierto-una-reflexion-sobre-el-arte\/","title":{"rendered":"Exhibe el MAM la muestra Proceso abierto, una reflexi\u00f3n sobre el arte"},"content":{"rendered":"<p>eloriente.net\/ <a href=\"http:\/\/www.conaculta.gob.mx\" target=\"_blank\">Conaculta<\/a><\/p>\n<p>20 de julio de 2013<\/p>\n<ul>\n<li>La exposici\u00f3n se divide en tres ejes tem\u00e1ticos: fotograf\u00eda y cuerpo; imagen y texto e instalaciones recientes de proceso abierto.<\/li>\n<li>La exhibici\u00f3n estar\u00e1 abierta a partir de este s\u00e1bado 20 de julio y permanecer\u00e1 hasta al 10 de noviembre de 2013.<\/li>\n<\/ul>\n<p align=\"justify\">Fotograf\u00eda, video, instalaci\u00f3n y libros de artista componen la muestra <em>Proceso abierto <\/em>de la fot\u00f3grafa Marianna Dellekamp, la cual adem\u00e1s de ser una revisi\u00f3n del trabajo parcial de la creativa, explora y reflexiona sobre los intereses e inquietudes del arte de nuestros d\u00edas.<\/p>\n<p>En un recorrido por la muestra, a inaugurarse este s\u00e1bado 20 de julio en el Museo de Arte Moderno de la Ciudad de M\u00e9xico, la directora del recinto, Sylvia Navarrete Bouzard, explic\u00f3 que la obra realizada por la beneficiaria del programa del Sistema Nacional de Creadores del Fondo Nacional para la Cultura y las Artes (Fonca) es un ejemplo de las t\u00e9cnicas y materiales con los que se trabaj\u00f3 en los a\u00f1os noventa.<\/p>\n<p>Graciela Kasep, curadora de la exposici\u00f3n, dijo est\u00e1 dividida en tres n\u00facleos: fotograf\u00eda y cuerpo; imagen y texto e instalaciones recientes de proceso abierto. El primero se centra en la producci\u00f3n fotogr\u00e1fica que propone exploraciones sobre el cuerpo.<\/p>\n<p>\u201cSe recupera la inquietud de usar la fotograf\u00eda como herramienta o medio que se articula con otras herramientas para realizar un proceso de investigaci\u00f3n en las obras de arte partiendo de dos elementos: la exploraci\u00f3n del cuerpo desde el exterior, a partir de c\u00f3digos y mensajes que a mediados de los noventa ten\u00edan los medios de comunicaci\u00f3n en torno al cuerpo, y una visi\u00f3n del cuerpo interior a partir del trabajo que se hizo de archivos de im\u00e1genes m\u00e9dicas\u201d.<\/p>\n<p>Indic\u00f3 que el segundo n\u00facleo es un terreno conceptual en el que se confrontan imagen, texto y lenguaje, donde la fotograf\u00eda tambi\u00e9n tiene un lugar importante. El tercer n\u00facleo, expuso, se refiere a procesos abiertos, los cuales consisten en observar y analizar qu\u00e9 inter\u00e9s tiene el artista para generar un sistema de colectividad alrededor de una investigaci\u00f3n y creaci\u00f3n de una obra, para ello se solicit\u00f3 colaboraciones a trav\u00e9s de las redes sociales.<\/p>\n<p>La muestra est\u00e1 integrada por series y piezas art\u00edsticas como: <em>Antropolog\u00eda del cuerpo humano<\/em>, <em>Museo de Geolog\u00eda,<\/em> <em>Se renta<\/em>, <em>La biblioteca de la tierra<\/em>, <em>Press, Serie de Trenes, Vivienda social 2012<\/em>, <em>25 kil\u00f3metros<\/em>, entre otras, algunas de las cuales Marianna Dellekamp detall\u00f3.<\/p>\n<p>La artista multidisciplinaria que ha explorado mediante diversos soportes la concepci\u00f3n y los usos de la imagen; indic\u00f3 que la pieza <em>Antropolog\u00eda del cuerpo humano<\/em> (1998-1999) presenta una tem\u00e1tica sobre el cuerpo para la cual convoc\u00f3 entre 15 y 20 mujeres mexicanas de distintos rangos sociales y profesiones entre ocho y 40 a\u00f1os.<\/p>\n<p>\u201cSe hizo un estudio de sus h\u00e1bitos alimenticios, se les pregunt\u00f3 c\u00f3mo ven su cuerpo, el cual se ve modificado por medios de comunicaci\u00f3n, infomerciales y espectaculares. Yo ten\u00eda cerca de 30 a\u00f1os y era una situaci\u00f3n que me importaba\u201d.<\/p>\n<p>La pieza analiza la forma en la que las mujeres perciben su cuerpo a trav\u00e9s de los c\u00f3digos con los que operan los medios de comunicaci\u00f3n partiendo de tres circunstancias: el boom de las top model como prototipos de belleza, la publicidad en torno a la moda, y la celebraci\u00f3n de los 40 a\u00f1os de la Barbie como ideal f\u00edsico y de conducta femenina que encanta a las ni\u00f1as.<\/p>\n<p>Al referirse a la instalaci\u00f3n <em>Vivienda social<\/em>, la artista decidi\u00f3 utilizar nidos para generar una met\u00e1fora de la vivienda en M\u00e9xico, misma que obedece, dijo, a las ambiciones de los constructores y no a las necesidades de quien la va a\u00a0habitar. A\u00f1adi\u00f3 que las caracter\u00edsticas que presentan los distintos \u201cnidos\u201d dicen qui\u00e9n habit\u00f3 ese espacio. \u201cSi t\u00fa analizaras ese nido es igual que si analizas una casa\u201d.<\/p>\n<p>Marianna Dellekamp subray\u00f3 que trabaj\u00f3 muchos a\u00f1os con libros, lo que la llev\u00f3 a cuestionarse sobre los libreros y los espacios donde se colocan. \u201cSi yo generara mi propio librero, \u00bflo empezar\u00eda de cero? \u00bfcu\u00e1l ser\u00eda?\u201d. De esas preguntas surgi\u00f3 la pieza <em>Biblioteca de la tierra<\/em>, integrada por 450 libros de 350 colaboradores, pues la tierra le pareci\u00f3 interesante para generar un librero.<\/p>\n<p>A trav\u00e9s de redes sociales la artista hizo la solicitud de materiales. \u201cYo ped\u00eda tierra y la gente daba sus versiones de materia org\u00e1nica, hojas, semillas. La idea es que \u00e9stos venga de un lugar que le signifique algo al colaborador a nivel pol\u00edtico, econ\u00f3mico, familiar o religioso, en realidad \u00e9l es el autor de la biblioteca\u201d.<\/p>\n<p>La creativa nacida en la ciudad de M\u00e9xico en 1968 explic\u00f3 a los presentes que los libros le dieron la posibilidad de analizar distintos temas, por lo que empez\u00f3 a reflexionar sobre el arte, lo que lo delimita y forma, por ello realiz\u00f3 las piezas <em>Artista, Coleccionista I y II, Museo\/memoria y Cr\u00edtico<\/em>.<\/p>\n<p>Sobre su obra <em>Press<\/em>, Mariana Dellekamp lanz\u00f3 una convocatoria para recolectar impresos promocionales de galer\u00edas y museos, despu\u00e9s clasific\u00f3 y reubic\u00f3 ese material en un librero instalado temporalmente en una galer\u00eda de la ciudad de M\u00e9xico. Durante el periodo de clasificaci\u00f3n salieron \u00a0a la luz datos interesantes en torno al desarrollo del medio del arte en M\u00e9xico en las \u00faltimas d\u00e9cadas<\/p>\n<p>\u201cPed\u00ed colaboraciones de cosas que tuvieran que ver con prensa escrita para conformarse un gran librero. Con el papel que se reuni\u00f3 se gener\u00f3 una bobina de papel reciclado para volver a ser un objeto validatorio\u201d, describi\u00f3.<\/p>\n<p>La directora del museo, Sylvia Navarrete, coment\u00f3 que aunque las series y obras parezcan inconexas y muestren un desorden aparente s\u00ed tienen un hilo conductor, el cual se articula en el cuerpo, el lenguaje, la memoria y el objeto mismo.<\/p>\n<p>La exposici\u00f3n Pr<em>oceso abierto <\/em>ser\u00e1 exhibida del 20 de julio al 10 de noviembre de 2013 en el Museo de Arte Moderno, Avenida Paseo de Reforma y Gandhi s\/n en el Bosque de Chapultepec. Horario: martes a domingo de 10:00 a 18:00 horas.<\/p>\n<p style=\"text-align: center;\" align=\"justify\"><a href=\"http:\/\/www.eloriente.net\/home\/wp-content\/uploads\/2013\/07\/procesoabiertode_marianna_dellekamp_fsm_0107b.jpg\"><img loading=\"lazy\" decoding=\"async\" class=\"aligncenter  wp-image-14862\" title=\"procesoabiertode_marianna_dellekamp_fsm_0107b\" src=\"http:\/\/www.eloriente.net\/home\/wp-content\/uploads\/2013\/07\/procesoabiertode_marianna_dellekamp_fsm_0107b.jpg\" alt=\"\" width=\"420\" height=\"281\" srcset=\"http:\/\/www.eloriente.net\/home\/wp-content\/uploads\/2013\/07\/procesoabiertode_marianna_dellekamp_fsm_0107b.jpg 600w, http:\/\/www.eloriente.net\/home\/wp-content\/uploads\/2013\/07\/procesoabiertode_marianna_dellekamp_fsm_0107b-300x201.jpg 300w\" sizes=\"(max-width: 420px) 100vw, 420px\" \/><\/a><\/p>\n<p style=\"text-align: left;\" align=\"justify\">*Comunicado<\/p>\n<p>&nbsp;<\/p>\n\n\t\t\t  <div \n\t\t\t  \tclass = \"fb-comments\" \n\t\t\t  \tdata-href = \"http:\/\/www.eloriente.net\/home\/2013\/07\/20\/exhibe-el-mam-la-muestra-proceso-abierto-una-reflexion-sobre-el-arte\/\"\n\t\t\t  \tdata-numposts = \"10\"\n\t\t\t\tdata-colorscheme = \"dark\"\n\t\t\t\tdata-order-by = \"social\"\n\t\t\t\tdata-mobile=true>\n\t\t\t  <\/div>\n\t\t  <style>\n\t\t\t.fb_iframe_widget_fluid_desktop iframe {\n\t\t\t    width: 100% !important;\n\t\t\t}\n\t\t  <\/style>\n\t\t  ","protected":false},"excerpt":{"rendered":"<p>eloriente.net\/ Conaculta 20 de julio de 2013 La exposici\u00f3n se divide en tres ejes tem\u00e1ticos: fotograf\u00eda y cuerpo; imagen y texto e instalaciones recientes de proceso abierto. La exhibici\u00f3n estar\u00e1 abierta a partir de este s\u00e1bado 20 de julio y permanecer\u00e1 hasta al 10 de noviembre de 2013. Fotograf\u00eda, video, instalaci\u00f3n y libros de artista [&hellip;]<\/p>\n","protected":false},"author":1,"featured_media":14862,"comment_status":"open","ping_status":"open","sticky":false,"template":"","format":"standard","meta":{"_jetpack_memberships_contains_paid_content":false,"footnotes":""},"categories":[18,32,10,24],"tags":[],"class_list":["post-14861","post","type-post","status-publish","format-standard","has-post-thumbnail","hentry","category-educacion-y-cultura","category-entradas","category-lo-mas-reciente","category-mexico-y-el-mundo"],"jetpack_featured_media_url":"http:\/\/www.eloriente.net\/home\/wp-content\/uploads\/2013\/07\/procesoabiertode_marianna_dellekamp_fsm_0107b.jpg","jetpack_sharing_enabled":true,"_links":{"self":[{"href":"http:\/\/www.eloriente.net\/home\/wp-json\/wp\/v2\/posts\/14861"}],"collection":[{"href":"http:\/\/www.eloriente.net\/home\/wp-json\/wp\/v2\/posts"}],"about":[{"href":"http:\/\/www.eloriente.net\/home\/wp-json\/wp\/v2\/types\/post"}],"author":[{"embeddable":true,"href":"http:\/\/www.eloriente.net\/home\/wp-json\/wp\/v2\/users\/1"}],"replies":[{"embeddable":true,"href":"http:\/\/www.eloriente.net\/home\/wp-json\/wp\/v2\/comments?post=14861"}],"version-history":[{"count":2,"href":"http:\/\/www.eloriente.net\/home\/wp-json\/wp\/v2\/posts\/14861\/revisions"}],"predecessor-version":[{"id":14864,"href":"http:\/\/www.eloriente.net\/home\/wp-json\/wp\/v2\/posts\/14861\/revisions\/14864"}],"wp:featuredmedia":[{"embeddable":true,"href":"http:\/\/www.eloriente.net\/home\/wp-json\/wp\/v2\/media\/14862"}],"wp:attachment":[{"href":"http:\/\/www.eloriente.net\/home\/wp-json\/wp\/v2\/media?parent=14861"}],"wp:term":[{"taxonomy":"category","embeddable":true,"href":"http:\/\/www.eloriente.net\/home\/wp-json\/wp\/v2\/categories?post=14861"},{"taxonomy":"post_tag","embeddable":true,"href":"http:\/\/www.eloriente.net\/home\/wp-json\/wp\/v2\/tags?post=14861"}],"curies":[{"name":"wp","href":"https:\/\/api.w.org\/{rel}","templated":true}]}}