{"id":14932,"date":"2013-07-22T10:54:01","date_gmt":"2013-07-22T16:54:01","guid":{"rendered":"http:\/\/www.eloriente.net\/home\/?p=14932"},"modified":"2023-10-10T13:59:38","modified_gmt":"2023-10-10T19:59:38","slug":"fallece-artista-oaxaqueno-alejandro-santiago","status":"publish","type":"post","link":"http:\/\/www.eloriente.net\/home\/2013\/07\/22\/fallece-artista-oaxaqueno-alejandro-santiago\/","title":{"rendered":"Fallece artista oaxaque\u00f1o Alejandro Santiago"},"content":{"rendered":"<p>eloriente.net\/ <a href=\"http:\/\/www.studioalera.com\/pruebas\/as\/index.html\" target=\"_blank\" rel=\"noopener\">Alejandro Santiago<\/a><\/p>\n<p>22 de julio de 2013<\/p>\n<p>eloriente.net (Oaxaca, Oax.) 22 de julio de 2013.- El artista oaxaque\u00f1o Alejandro Santiago, creador de la muestra<em> 2501 migrantes<\/em> y de una numerosa obra art\u00edstica, ha fallecido, de acuerdo a informaci\u00f3n confirmada esta ma\u00f1ana por el Gobierno del Estado de Oaxaca.<\/p>\n<blockquote class=\"twitter-tweet\"><p>Nuestras condolencias a la familia del gran maestro y promotor cultural, Alejandro Santiago, una p\u00e9rdida irreparable para <a href=\"https:\/\/twitter.com\/search?q=%23Oaxaca&amp;src=hash\">#Oaxaca<\/a> y <a href=\"https:\/\/twitter.com\/search?q=%23M%C3%A9xico&amp;src=hash\">#M\u00e9xico<\/a>.<\/p>\n<p>\u2014 Gabino Cue (@GabinoCue) <a href=\"https:\/\/twitter.com\/GabinoCue\/statuses\/359351707026735104\">July 22, 2013<\/a><\/p><\/blockquote>\n<p>&nbsp;<\/p>\n<p>Alejandro Santiago naci\u00f3 en 1964 en Teococuilco de Marcos P\u00e9rez, Oaxaca, un peque\u00f1o pueblo en la sierra norte zapoteca. Alejandro se fue de su pueblo natal a los nueve a\u00f1os, cuando su familia se mud\u00f3 a la Ciudad de M\u00e9xico en busca de mejores oportunidades educativas.<\/p>\n<p>Despu\u00e9s de estudiar arte en el estado, su buen trabajo lo condujo a ejercer esta profesi\u00f3n en los Estados Unidos y Europa durante diez a\u00f1os. Sus obras se han exhibido en numerosas ciudades, incluyendo Paris, Bruselas y San Francisco.<\/p>\n<p>Su obra de los \u00ab2501 migrantes\u00bb fue exhibida en el Museo de Arte Contempor\u00e1neo de Oaxaca y en el Forum Cultural 2007 en Monterrey, M\u00e9xico. Este proyecto contempl\u00f3 la creaci\u00f3n de ese n\u00famero de esculturas en barro que representan a los 2 mil quinientos hombres que han emigrado de su pueblo natal.<\/p>\n<p>En el 2010, Alejandro Santiago abri\u00f3 la galer\u00eda y espacio escult\u00f3rico \u00abLa telara\u00f1a\u00bb, en la colonia Alem\u00e1n de la Ciudad de Oaxaca.<\/p>\n<p>El <a href=\"http:\/\/www.24-horas.mx\">Diario 24 Horas<\/a>, refiere que el curador Fernando Galvez de Aguinaga, \u00abrecibi\u00f3 la noticia (del fallecimiento de Santiago) cuando estaba a punto de abordar un avi\u00f3n que lo llevar\u00eda a Guanajuato, donde ten\u00eda cita con el personal del Festival Internacional Cervantino en donde expondr\u00edan la obra del pintor oaxaque\u00f1o.\u00bb<\/p>\n<p>Diversos personajes y centros culturales han expresado sus condolencias a trav\u00e9s de las redes sociales:<\/p>\n<blockquote class=\"twitter-tweet\"><p>Decenas de j\u00f3venes artistas fueron inspirados en espacios como La Calera y La Telara\u00f1a, promovidos por Alejandro Santiago. Descanse en paz.<\/p>\n<p>\u2014 CULTURAS Y ARTES OAX (@CULTURA_OAXACA) <a href=\"https:\/\/twitter.com\/CULTURA_OAXACA\/statuses\/359334243018604544\">July 22, 2013<\/a><\/p><\/blockquote>\n<p>&nbsp;<\/p>\n<blockquote class=\"twitter-tweet\"><p>\u201c<a href=\"https:\/\/twitter.com\/reformacultura\">@reformacultura<\/a>: Fallece Alejandro Santiago <a href=\"http:\/\/t.co\/mplG0ZG0pc\">http:\/\/t.co\/mplG0ZG0pc<\/a>\u201d\/ Lamento su muerte, fue un artista que hac\u00eda del horizonte su lienzo.<\/p>\n<p>\u2014 Consuelo S\u00e1izar (@CSaizar) <a href=\"https:\/\/twitter.com\/CSaizar\/statuses\/359351099746037762\">July 22, 2013<\/a><\/p><\/blockquote>\n<p>&nbsp;<\/p>\n<blockquote class=\"twitter-tweet\"><p>El Centro de las Artes de San Agust\u00edn lamenta el fallecimiento del maestro Alejandro Santiago. Uno de los grandes&#8230; <a href=\"http:\/\/t.co\/TdtNzFjikG\">http:\/\/t.co\/TdtNzFjikG<\/a><\/p>\n<p>\u2014 CaSa (@casanagustin) <a href=\"https:\/\/twitter.com\/casanagustin\/statuses\/359355629627908096\">July 22, 2013<\/a><\/p><\/blockquote>\n<p>&nbsp;<\/p>\n<blockquote class=\"twitter-tweet\"><p>Lamentable la partida del Mtro. Alejandro Santiago, promotor de nuestra cultura, magn\u00edfico exponente del arte, DEP.<\/p>\n<p>\u2014 Jaz Aquino (@Jazmin_Aquino) <a href=\"https:\/\/twitter.com\/Jazmin_Aquino\/statuses\/359357919600455680\">July 22, 2013<\/a><\/p><\/blockquote>\n<p>&nbsp;<\/p>\n<blockquote class=\"twitter-tweet\"><p>Nuestro m\u00e1s sentido p\u00e9same por la partida de Alejandro Santiago Ramirez (1964-2013) Descanse en paz <a href=\"http:\/\/t.co\/XOJAB3XyY4\">pic.twitter.com\/XOJAB3XyY4<\/a><\/p>\n<p>\u2014 Galer\u00eda Quetzalli (@quetzallig) <a href=\"https:\/\/twitter.com\/quetzallig\/statuses\/359354907641401344\">July 22, 2013<\/a><\/p><\/blockquote>\n<p>&nbsp;<\/p>\n<p><script async src=\"https:\/\/pagead2.googlesyndication.com\/pagead\/js\/adsbygoogle.js\"><\/script><br \/>\n<ins class=\"adsbygoogle\" style=\"display: block; text-align: center;\" data-ad-layout=\"in-article\" data-ad-format=\"fluid\" data-ad-client=\"ca-pub-1136171134853753\" data-ad-slot=\"1904291222\"><\/ins><br \/>\n<script>\n     (adsbygoogle = window.adsbygoogle || []).push({});\n<\/script><\/p>\n<p><strong>El cuerpo de Alejandro Santiago est\u00e1 siendo velado en la \u00abTelara\u00f1a\u00bb, espacio ubicado en la Calle Venustiano Carranza 214, Colonia Alem\u00e1n, en la Ciudad de Oaxaca.<\/strong> @El_Oriente te comparte dos v\u00eddeos sobre las obras de este importante artista pl\u00e1stico.<\/p>\n<p><iframe loading=\"lazy\" title=\"YouTube video player\" src=\"https:\/\/www.youtube.com\/embed\/We2A8JOX8og?si=32RDXj2ejvvWiGqD\" width=\"560\" height=\"315\" frameborder=\"0\" allowfullscreen=\"allowfullscreen\"><\/iframe><\/p>\n<p><center><script async src=\"https:\/\/pagead2.googlesyndication.com\/pagead\/js\/adsbygoogle.js\"><\/script><br \/>\n<!-- BANNER ELORIENTE INCRUSTADO NOTAS --><br \/>\n<ins class=\"adsbygoogle\" style=\"display: inline-block; width: 300px; height: 250px;\" data-ad-client=\"ca-pub-1136171134853753\" data-ad-slot=\"7974633627\"><\/ins><br \/>\n<script>\n     (adsbygoogle = window.adsbygoogle || []).push({});\n<\/script><center><\/center><\/center><\/p>\n\n\t\t\t  <div \n\t\t\t  \tclass = \"fb-comments\" \n\t\t\t  \tdata-href = \"http:\/\/www.eloriente.net\/home\/2013\/07\/22\/fallece-artista-oaxaqueno-alejandro-santiago\/\"\n\t\t\t  \tdata-numposts = \"10\"\n\t\t\t\tdata-colorscheme = \"dark\"\n\t\t\t\tdata-order-by = \"social\"\n\t\t\t\tdata-mobile=true>\n\t\t\t  <\/div>\n\t\t  <style>\n\t\t\t.fb_iframe_widget_fluid_desktop iframe {\n\t\t\t    width: 100% !important;\n\t\t\t}\n\t\t  <\/style>\n\t\t  ","protected":false},"excerpt":{"rendered":"<p>eloriente.net\/ Alejandro Santiago 22 de julio de 2013 eloriente.net (Oaxaca, Oax.) 22 de julio de 2013.- El artista oaxaque\u00f1o Alejandro Santiago, creador de la muestra 2501 migrantes y de una numerosa obra art\u00edstica, ha fallecido, de acuerdo a informaci\u00f3n confirmada esta ma\u00f1ana por el Gobierno del Estado de Oaxaca. Nuestras condolencias a la familia del [&hellip;]<\/p>\n","protected":false},"author":1,"featured_media":3041,"comment_status":"open","ping_status":"open","sticky":false,"template":"","format":"standard","meta":{"_jetpack_memberships_contains_paid_content":false,"footnotes":""},"categories":[18,32,10,31],"tags":[],"class_list":["post-14932","post","type-post","status-publish","format-standard","has-post-thumbnail","hentry","category-educacion-y-cultura","category-entradas","category-lo-mas-reciente","category-principal"],"jetpack_featured_media_url":"http:\/\/www.eloriente.net\/home\/wp-content\/uploads\/2012\/09\/Alejandro-Santiago-P\u00e1gina-oficial-e1374520459788.jpg","jetpack_sharing_enabled":true,"_links":{"self":[{"href":"http:\/\/www.eloriente.net\/home\/wp-json\/wp\/v2\/posts\/14932"}],"collection":[{"href":"http:\/\/www.eloriente.net\/home\/wp-json\/wp\/v2\/posts"}],"about":[{"href":"http:\/\/www.eloriente.net\/home\/wp-json\/wp\/v2\/types\/post"}],"author":[{"embeddable":true,"href":"http:\/\/www.eloriente.net\/home\/wp-json\/wp\/v2\/users\/1"}],"replies":[{"embeddable":true,"href":"http:\/\/www.eloriente.net\/home\/wp-json\/wp\/v2\/comments?post=14932"}],"version-history":[{"count":5,"href":"http:\/\/www.eloriente.net\/home\/wp-json\/wp\/v2\/posts\/14932\/revisions"}],"predecessor-version":[{"id":66523,"href":"http:\/\/www.eloriente.net\/home\/wp-json\/wp\/v2\/posts\/14932\/revisions\/66523"}],"wp:featuredmedia":[{"embeddable":true,"href":"http:\/\/www.eloriente.net\/home\/wp-json\/wp\/v2\/media\/3041"}],"wp:attachment":[{"href":"http:\/\/www.eloriente.net\/home\/wp-json\/wp\/v2\/media?parent=14932"}],"wp:term":[{"taxonomy":"category","embeddable":true,"href":"http:\/\/www.eloriente.net\/home\/wp-json\/wp\/v2\/categories?post=14932"},{"taxonomy":"post_tag","embeddable":true,"href":"http:\/\/www.eloriente.net\/home\/wp-json\/wp\/v2\/tags?post=14932"}],"curies":[{"name":"wp","href":"https:\/\/api.w.org\/{rel}","templated":true}]}}