{"id":15023,"date":"2013-07-24T08:24:55","date_gmt":"2013-07-24T14:24:55","guid":{"rendered":"http:\/\/www.eloriente.net\/home\/?p=15023"},"modified":"2013-07-24T08:24:55","modified_gmt":"2013-07-24T14:24:55","slug":"24jul-2013-1000-hrs-en-vivo-cepal-presenta-estudio-economico-de-al-y-el-caribe-2013","status":"publish","type":"post","link":"http:\/\/www.eloriente.net\/home\/2013\/07\/24\/24jul-2013-1000-hrs-en-vivo-cepal-presenta-estudio-economico-de-al-y-el-caribe-2013\/","title":{"rendered":"24\/jul\/ 2013 10:00 hrs: EN VIVO, CEPAL presenta Estudio econ\u00f3mico de AL y el Caribe 2013"},"content":{"rendered":"<p>eloriente.net<\/p>\n<p>24 de julio de 2013<\/p>\n<ul>\n<li>Informe actualiza las estimaciones de crecimiento para los pa\u00edses de la regi\u00f3n.<\/li>\n<\/ul>\n<p>La Comisi\u00f3n Econ\u00f3mica para Am\u00e9rica Latina y el Caribe (CEPAL) presenta este mi\u00e9rcoles 24 de julio el documento Estudio econ\u00f3mico de Am\u00e9rica Latina y el Caribe 2013, en el cual actualizar\u00e1 sus estimaciones de crecimiento para este a\u00f1o en los pa\u00edses de la regi\u00f3n.<\/p>\n<p>El informe anual, uno de los m\u00e1s importantes de esta comisi\u00f3n regional de las Naciones Unidas, ser\u00e1 dado a conocer en Santiago de Chile a las 11:00 a.m. (10:00 a.m. de M\u00e9xico) por Alicia B\u00e1rcena, Secretaria Ejecutiva de la CEPAL, en una conferencia de prensa.<\/p>\n<p>El Estudio econ\u00f3mico 2013 incluye una revisi\u00f3n del desempe\u00f1o macroecon\u00f3mico de los pa\u00edses de la regi\u00f3n durante el primer semestre, as\u00ed como perspectivas para el a\u00f1o completo.<\/p>\n<p>Asimismo, el documento presenta un an\u00e1lisis sobre la sostenibilidad del crecimiento de la mayor parte de econom\u00edas de la regi\u00f3n en las \u00faltimas tres d\u00e9cadas y plantea recomendaciones para ampliar y diversificar sus fuentes de expansi\u00f3n.<\/p>\n<p>@El_Oriente te comparte el enlace para que puedas seguir la transmisi\u00f3n en vivo de esta conferencia, solo da CLICK en la imagen.<\/p>\n<p><a href=\"http:\/\/live.grupoz.cl\/cepal\/\" target=\"_blank\"><img loading=\"lazy\" decoding=\"async\" class=\"aligncenter size-full wp-image-15024\" title=\"Captura de pantalla 2013-07-24 a la(s) 09.22.54\" src=\"http:\/\/www.eloriente.net\/home\/wp-content\/uploads\/2013\/07\/Captura-de-pantalla-2013-07-24-a-las-09.22.54.png\" alt=\"\" width=\"588\" height=\"337\" srcset=\"http:\/\/www.eloriente.net\/home\/wp-content\/uploads\/2013\/07\/Captura-de-pantalla-2013-07-24-a-las-09.22.54.png 588w, http:\/\/www.eloriente.net\/home\/wp-content\/uploads\/2013\/07\/Captura-de-pantalla-2013-07-24-a-las-09.22.54-300x171.png 300w\" sizes=\"(max-width: 588px) 100vw, 588px\" \/><\/a><\/p>\n<p>&nbsp;<\/p>\n\n\t\t\t  <div \n\t\t\t  \tclass = \"fb-comments\" \n\t\t\t  \tdata-href = \"http:\/\/www.eloriente.net\/home\/2013\/07\/24\/24jul-2013-1000-hrs-en-vivo-cepal-presenta-estudio-economico-de-al-y-el-caribe-2013\/\"\n\t\t\t  \tdata-numposts = \"10\"\n\t\t\t\tdata-colorscheme = \"dark\"\n\t\t\t\tdata-order-by = \"social\"\n\t\t\t\tdata-mobile=true>\n\t\t\t  <\/div>\n\t\t  <style>\n\t\t\t.fb_iframe_widget_fluid_desktop iframe {\n\t\t\t    width: 100% !important;\n\t\t\t}\n\t\t  <\/style>\n\t\t  ","protected":false},"excerpt":{"rendered":"<p>eloriente.net 24 de julio de 2013 Informe actualiza las estimaciones de crecimiento para los pa\u00edses de la regi\u00f3n. La Comisi\u00f3n Econ\u00f3mica para Am\u00e9rica Latina y el Caribe (CEPAL) presenta este mi\u00e9rcoles 24 de julio el documento Estudio econ\u00f3mico de Am\u00e9rica Latina y el Caribe 2013, en el cual actualizar\u00e1 sus estimaciones de crecimiento para este [&hellip;]<\/p>\n","protected":false},"author":1,"featured_media":15024,"comment_status":"open","ping_status":"open","sticky":false,"template":"","format":"standard","meta":{"_jetpack_memberships_contains_paid_content":false,"footnotes":""},"categories":[4,32,10,24,21],"tags":[],"class_list":["post-15023","post","type-post","status-publish","format-standard","has-post-thumbnail","hentry","category-canal-2-en-vivo","category-entradas","category-lo-mas-reciente","category-mexico-y-el-mundo","category-politica-y-gobierno"],"jetpack_featured_media_url":"http:\/\/www.eloriente.net\/home\/wp-content\/uploads\/2013\/07\/Captura-de-pantalla-2013-07-24-a-las-09.22.54.png","jetpack_sharing_enabled":true,"_links":{"self":[{"href":"http:\/\/www.eloriente.net\/home\/wp-json\/wp\/v2\/posts\/15023"}],"collection":[{"href":"http:\/\/www.eloriente.net\/home\/wp-json\/wp\/v2\/posts"}],"about":[{"href":"http:\/\/www.eloriente.net\/home\/wp-json\/wp\/v2\/types\/post"}],"author":[{"embeddable":true,"href":"http:\/\/www.eloriente.net\/home\/wp-json\/wp\/v2\/users\/1"}],"replies":[{"embeddable":true,"href":"http:\/\/www.eloriente.net\/home\/wp-json\/wp\/v2\/comments?post=15023"}],"version-history":[{"count":2,"href":"http:\/\/www.eloriente.net\/home\/wp-json\/wp\/v2\/posts\/15023\/revisions"}],"predecessor-version":[{"id":15026,"href":"http:\/\/www.eloriente.net\/home\/wp-json\/wp\/v2\/posts\/15023\/revisions\/15026"}],"wp:featuredmedia":[{"embeddable":true,"href":"http:\/\/www.eloriente.net\/home\/wp-json\/wp\/v2\/media\/15024"}],"wp:attachment":[{"href":"http:\/\/www.eloriente.net\/home\/wp-json\/wp\/v2\/media?parent=15023"}],"wp:term":[{"taxonomy":"category","embeddable":true,"href":"http:\/\/www.eloriente.net\/home\/wp-json\/wp\/v2\/categories?post=15023"},{"taxonomy":"post_tag","embeddable":true,"href":"http:\/\/www.eloriente.net\/home\/wp-json\/wp\/v2\/tags?post=15023"}],"curies":[{"name":"wp","href":"https:\/\/api.w.org\/{rel}","templated":true}]}}