{"id":15075,"date":"2013-07-25T08:30:11","date_gmt":"2013-07-25T14:30:11","guid":{"rendered":"http:\/\/www.eloriente.net\/home\/?p=15075"},"modified":"2013-07-25T08:05:24","modified_gmt":"2013-07-25T14:05:24","slug":"nada-de-nosotros-sin-nosotros","status":"publish","type":"post","link":"http:\/\/www.eloriente.net\/home\/2013\/07\/25\/nada-de-nosotros-sin-nosotros\/","title":{"rendered":"Nada de nosotros sin nosotros"},"content":{"rendered":"<p style=\"text-align: right\">Por: Alejandra Silva Soriano<\/p>\n<p>\u201cNihil de nobis, sine nobis\u201d (en lat\u00edn) es un principio que expresa que no puede formularse una pol\u00edtica p\u00fablica sin tener la participaci\u00f3n activa de las personas que ser\u00e1n afectadas directamente por ella. Esto engloba estados, naciones, grupos de personas con caracter\u00edsticas espec\u00edficas y dem\u00e1s grupos en condici\u00f3n de desventaja en cuanto a oportunidades sociales y econ\u00f3micas principalmente.<\/p>\n<p>Esta frase comenz\u00f3 a utilizarse en los a\u00f1os 90\u2019s enfocado a personas con discapacidad por <a title=\"en:James Charlton (activist)\" href=\"http:\/\/en.wikipedia.org\/wiki\/James_Charlton_%28activist%29\">James Charlton<\/a>, quien refiere haber escuchado el t\u00e9rmino por los activistas sudafricanos Michael Masutha y William Rowland, que luchaban por los derechos de personas con discapacidad. En 1998, Charlton utiliza la frase como t\u00edtulo de un libro sobre derechos de este sector de la poblaci\u00f3n.<\/p>\n<p>Por su parte, la ONU lo adopt\u00f3 para referir la implicaci\u00f3n activa de las personas con discapacidad en la planificaci\u00f3n de las estrategias y pol\u00edticas p\u00fablicas que les afectan, as\u00ed tambi\u00e9n, las organizaciones de personas con discapacidad lo han venido usando durante a\u00f1os como parte del movimiento mundial para alcanzar la participaci\u00f3n plena y la igualdad de oportunidades para, por y con las personas con discapacidad.<\/p>\n<p>Lo anterior, se vio enteramente reflejado en la elaboraci\u00f3n de la Convenci\u00f3n sobre los Derechos de las Personas con Discapacidad, la cual es el m\u00e1s grande ejemplo de la aplicaci\u00f3n del principio de participaci\u00f3n plena, logrando con ello, contribuir al verdadero desarrollo de una sociedad inclusiva, donde sea escuchada la voz de las personas con discapacidad.<\/p>\n<p>Tambi\u00e9n en M\u00e9xico, hay muestras claras de lo que se puede lograr con la puesta en marcha de ese principio. En Quintana Roo surgi\u00f3 una red formada por personas con discapacidad y por organizaciones de la sociedad civil, quienes se unieron despu\u00e9s de solicitar a funcionarios del gobierno de ese estado que impulsaran acciones para armonizar la Ley de Protecci\u00f3n de las Personas con Discapacidad Estatal a la convenci\u00f3n, consiguiendo \u00fanicamente un proyecto alejado de la convenci\u00f3n, agudizando el car\u00e1cter asistencialista y favoreciendo a una discapacidad en particular.<\/p>\n<p>Esto desencaden\u00f3 que formaran un frente com\u00fan, obteniendo como resultado que la Ley votada por el congreso no fuese publicada en el Peri\u00f3dico Oficial y que se otorgaran facilidades para integrar una comisi\u00f3n redactora de un nuevo instrumento jur\u00eddico, asesorada por expertos en la materia como el Lic. Emmanuel C\u00e1rdenas, especialista en derechos de personas con discapacidad.<\/p>\n<p>Tras ocho meses de intenso trabajo, presi\u00f3n y denuncias p\u00fablicas sobre cualquier intento de atrasar el proceso, se logr\u00f3 votar una Ley de vanguardia, basada en un modelo de Derechos Humanos, misma que fue aprobada por el H. Congreso del Estado el pasado martes 16 de julio.<\/p>\n<p>Con lo anterior, se refuerza la trascendencia e importancia que tiene la aplicaci\u00f3n del principio \u201cNADA DE NOSOTROS SIN NOSOTROS\u201d, y finalmente concluyo que indudablemente se pueden lograr grandes cambios con una sociedad organizada, con objetivos claros y demandas sentidas fundamentadas en derechos.<\/p>\n<p>Les dejo el link de la p\u00e1gina del movimiento surgido en Quintana Roo para que puedan conocer m\u00e1s del trabajo que est\u00e1n realizando. <a href=\"https:\/\/www.facebook.com\/#!\/pages\/Nada-de-Nosotros-Sin-Nosotros\/391420534266940?fref=ts\" target=\"_blank\">https:\/\/www.facebook.com\/pages\/Nada-de-Nosotros-Sin-Nosotros<\/a><\/p>\n<p>Disfruten estos \u00faltimos d\u00edas de julio, divi\u00e9rtanse y nos leemos el pr\u00f3ximo jueves. Que Dios nos bendiga mucho.<\/p>\n<p style=\"text-align: center\"><a href=\"http:\/\/www.eloriente.net\/home\/wp-content\/uploads\/2013\/07\/nada-de-nosotros-sin-nosotros.jpg\"><img loading=\"lazy\" decoding=\"async\" class=\"wp-image-15076 aligncenter\" src=\"http:\/\/www.eloriente.net\/home\/wp-content\/uploads\/2013\/07\/nada-de-nosotros-sin-nosotros.jpg\" alt=\"\" width=\"461\" height=\"428\" srcset=\"http:\/\/www.eloriente.net\/home\/wp-content\/uploads\/2013\/07\/nada-de-nosotros-sin-nosotros.jpg 960w, http:\/\/www.eloriente.net\/home\/wp-content\/uploads\/2013\/07\/nada-de-nosotros-sin-nosotros-300x278.jpg 300w\" sizes=\"(max-width: 461px) 100vw, 461px\" \/><\/a><\/p>\n\n\t\t\t  <div \n\t\t\t  \tclass = \"fb-comments\" \n\t\t\t  \tdata-href = \"http:\/\/www.eloriente.net\/home\/2013\/07\/25\/nada-de-nosotros-sin-nosotros\/\"\n\t\t\t  \tdata-numposts = \"10\"\n\t\t\t\tdata-colorscheme = \"dark\"\n\t\t\t\tdata-order-by = \"social\"\n\t\t\t\tdata-mobile=true>\n\t\t\t  <\/div>\n\t\t  <style>\n\t\t\t.fb_iframe_widget_fluid_desktop iframe {\n\t\t\t    width: 100% !important;\n\t\t\t}\n\t\t  <\/style>\n\t\t  ","protected":false},"excerpt":{"rendered":"<p>Por: Alejandra Silva Soriano \u201cNihil de nobis, sine nobis\u201d (en lat\u00edn) es un principio que expresa que no puede formularse una pol\u00edtica p\u00fablica sin tener la participaci\u00f3n activa de las personas que ser\u00e1n afectadas directamente por ella. Esto engloba estados, naciones, grupos de personas con caracter\u00edsticas espec\u00edficas y dem\u00e1s grupos en condici\u00f3n de desventaja en [&hellip;]<\/p>\n","protected":false},"author":20,"featured_media":15076,"comment_status":"open","ping_status":"open","sticky":false,"template":"","format":"standard","meta":{"_jetpack_memberships_contains_paid_content":false,"footnotes":""},"categories":[72,22,32,10],"tags":[],"class_list":["post-15075","post","type-post","status-publish","format-standard","has-post-thumbnail","hentry","category-alejandra-silva-soriano","category-derechos-humanos","category-entradas","category-lo-mas-reciente"],"jetpack_featured_media_url":"http:\/\/www.eloriente.net\/home\/wp-content\/uploads\/2013\/07\/nada-de-nosotros-sin-nosotros.jpg","jetpack_sharing_enabled":true,"_links":{"self":[{"href":"http:\/\/www.eloriente.net\/home\/wp-json\/wp\/v2\/posts\/15075"}],"collection":[{"href":"http:\/\/www.eloriente.net\/home\/wp-json\/wp\/v2\/posts"}],"about":[{"href":"http:\/\/www.eloriente.net\/home\/wp-json\/wp\/v2\/types\/post"}],"author":[{"embeddable":true,"href":"http:\/\/www.eloriente.net\/home\/wp-json\/wp\/v2\/users\/20"}],"replies":[{"embeddable":true,"href":"http:\/\/www.eloriente.net\/home\/wp-json\/wp\/v2\/comments?post=15075"}],"version-history":[{"count":1,"href":"http:\/\/www.eloriente.net\/home\/wp-json\/wp\/v2\/posts\/15075\/revisions"}],"predecessor-version":[{"id":15077,"href":"http:\/\/www.eloriente.net\/home\/wp-json\/wp\/v2\/posts\/15075\/revisions\/15077"}],"wp:featuredmedia":[{"embeddable":true,"href":"http:\/\/www.eloriente.net\/home\/wp-json\/wp\/v2\/media\/15076"}],"wp:attachment":[{"href":"http:\/\/www.eloriente.net\/home\/wp-json\/wp\/v2\/media?parent=15075"}],"wp:term":[{"taxonomy":"category","embeddable":true,"href":"http:\/\/www.eloriente.net\/home\/wp-json\/wp\/v2\/categories?post=15075"},{"taxonomy":"post_tag","embeddable":true,"href":"http:\/\/www.eloriente.net\/home\/wp-json\/wp\/v2\/tags?post=15075"}],"curies":[{"name":"wp","href":"https:\/\/api.w.org\/{rel}","templated":true}]}}