{"id":15089,"date":"2013-07-25T08:43:21","date_gmt":"2013-07-25T14:43:21","guid":{"rendered":"http:\/\/www.eloriente.net\/home\/?p=15089"},"modified":"2013-07-25T08:50:37","modified_gmt":"2013-07-25T14:50:37","slug":"25jul13-en-vivoconferencia-anual-sobre-competencia-y-regulacion-desde-cidac","status":"publish","type":"post","link":"http:\/\/www.eloriente.net\/home\/2013\/07\/25\/25jul13-en-vivoconferencia-anual-sobre-competencia-y-regulacion-desde-cidac\/","title":{"rendered":"25\/Jul\/13 En Vivo:Conferencia Anual sobre Competencia y Regulaci\u00f3n desde CIDAC"},"content":{"rendered":"<p>eloriente.net\/<a href=\"http:\/\/cidac.org\/\" target=\"_blank\">CIDAC<\/a><\/p>\n<p>25 de julio de 2013<\/p>\n<p>Este d\u00eda, el Centro de Investigaci\u00f3n para el Desarrollo, A.C., lleva a cabo la\u00a0VII Conferencia Anual sobre Competencia y Regulaci\u00f3n, organizada en coordinaci\u00f3n con la Red Mexicana de Competencia y Regulaci\u00f3n.<\/p>\n<p>El programa es amplio y se desarrolla en el Hotel Hyatt Regency en la Ciudad de M\u00e9xico.<\/p>\n<p>Por su importancia, los lectores de @El_Oriente pueden estar enlazados en vivo a la transmisi\u00f3n de CIDAC, que incluye una conferencia a de Cuauht\u00e9moc C\u00e1rdenas sobre Futuro Energ\u00e9tico.<br \/>\n<iframe loading=\"lazy\" src=\"\/\/www.youtube.com\/embed\/RKktsTPLE70\" frameborder=\"0\" width=\"560\" height=\"315\"><\/iframe><\/p>\n<p>\u00abLa Se\u00f1al es responsabilidad del emisor\u00bb<\/p>\n<p>Notas relacionadas:<\/p>\n<p><a title=\"Permalink to 3 dilemas. Un diagn\u00f3stico para el futuro energ\u00e9tico de M\u00e9xico: CIDAC\" href=\"http:\/\/www.eloriente.net\/home\/2013\/07\/22\/3-dilemas-un-diagnostico-para-el-futuro-energetico-de-mexico-cidac\/\" rel=\"bookmark\">3 dilemas. Un diagn\u00f3stico para el futuro energ\u00e9tico de M\u00e9xico: CIDAC<\/a><\/p>\n<p><a href=\"http:\/\/www.eloriente.net\/home\/2013\/07\/22\/3-dilemas-un-diagnostico-para-el-futuro-energetico-de-mexico-cidac\/\" rel=\"bookmark\"><img decoding=\"async\" title=\"3 dilemas. Un diagn\u00f3stico para el futuro energ\u00e9tico de M\u00e9xico: CIDAC\" src=\"http:\/\/www.eloriente.net\/home\/wp-content\/themes\/city-desk\/timthumb.php?src=http%3A%2F%2Fwww.eloriente.net%2Fhome%2Fwp-content%2Fuploads%2F2013%2F07%2FCaptura-de-pantalla-2013-07-22-a-las-12.43.19.png&amp;q=90&amp;w=160&amp;h=106&amp;zc=1\" alt=\"3 dilemas. Un diagn\u00f3stico para el futuro energ\u00e9tico de M\u00e9xico: CIDAC\" \/><\/a><\/p>\n<p>eloriente.net 22 de julio de 2013 eloriente.net (Oaxaca, Oax.) 22 de julio de 2013.- En el contexto de la discusi\u00f3n de una posible reforma energ\u00e9tica en el pa\u00eds, el Centro de Investigaci\u00f3n para el Desarrollo A.C. (CIDAC) public\u00f3 a inicios de este mes una evaluaci\u00f3n de los tres principales dilemas que enfrenta M\u00e9xico en este [&#8230;]<\/p>\n<p>July 22, 2013<\/p>\n<p><a title=\"Permalink to Oaxaca, con afectaci\u00f3n grave en materia de seguridad: CIDAC\" href=\"http:\/\/www.eloriente.net\/home\/2013\/05\/20\/oaxaca-con-afectacion-grave-en-materia-de-seguridad-cidac\/\" rel=\"bookmark\">Oaxaca, con afectaci\u00f3n grave en materia de seguridad: CIDAC<\/a><\/p>\n<p><a href=\"http:\/\/www.eloriente.net\/home\/2013\/05\/20\/oaxaca-con-afectacion-grave-en-materia-de-seguridad-cidac\/\" rel=\"bookmark\"><img decoding=\"async\" title=\"Oaxaca, con afectaci\u00f3n grave en materia de seguridad: CIDAC\" src=\"http:\/\/www.eloriente.net\/home\/wp-content\/themes\/city-desk\/timthumb.php?src=http%3A%2F%2Fwww.eloriente.net%2Fhome%2Fwp-content%2Fuploads%2F2013%2F01%2Foaxaca-17-dic1.png&amp;q=90&amp;w=160&amp;h=106&amp;zc=1\" alt=\"Oaxaca, con afectaci\u00f3n grave en materia de seguridad: CIDAC\" \/><\/a><\/p>\n<p>eloriente.net\/ CIDAC 20 de mayo de 2013 eloriente.net (Oaxaca, Oax.) 20 de mayo de 2013.- El estado de Oaxaca presenta una afectaci\u00f3n grave en materia seguridad con un \u00edndice de 75.3, siendo el robo sin violencia a transe\u00fante el delito con mayor afectaci\u00f3n en la entidad, as\u00ed lo se\u00f1ala reporte \u201c8 Delitos Primero, \u00cdndice Delictivo [&#8230;]<\/p>\n<p>May 20, 2013<\/p>\n<p>&nbsp;<\/p>\n<p><a title=\"Permalink to 11 Oportunidades. Propuestas para un nuevo gobierno: CIDAC\" href=\"http:\/\/www.eloriente.net\/home\/2013\/02\/27\/11-oportunidades-propuestas-para-un-nuevo-gobierno-cidac\/\" rel=\"bookmark\">11 Oportunidades. Propuestas para un nuevo gobierno: CIDAC<\/a><\/p>\n<p><a href=\"http:\/\/www.eloriente.net\/home\/2013\/02\/27\/11-oportunidades-propuestas-para-un-nuevo-gobierno-cidac\/\" rel=\"bookmark\"><img decoding=\"async\" title=\"11 Oportunidades. Propuestas para un nuevo gobierno: CIDAC\" src=\"http:\/\/www.eloriente.net\/home\/wp-content\/themes\/city-desk\/timthumb.php?src=http%3A%2F%2Fwww.eloriente.net%2Fhome%2Fwp-content%2Fuploads%2F2013%2F02%2Falgunos-derechos-reservados-por-sergef-%C3%A1ngel-de-la-independencia.jpg&amp;q=90&amp;w=160&amp;h=106&amp;zc=1\" alt=\"11 Oportunidades. Propuestas para un nuevo gobierno: CIDAC\" \/><\/a><\/p>\n<p>eloriente.net\/ CIDAC 27 de febrero de 2013 eloriente.net (Oaxaca, Oax.) 27 de febrero de 2013.-El Centro de Investigaci\u00f3n para el Desarrollo A.C. (CIDAC) public\u00f3 el Reporte \u201c11 oportunidades. Propuestas para un nuevo gobierno\u201d, en el que coloca sobre la mesa el mismo n\u00famero de propuestas sobre temas espec\u00edficos que tocan rubros como seguridad p\u00fablica, energ\u00eda, [&#8230;]<\/p>\n<p>February 27, 2013<\/p>\n\n\t\t\t  <div \n\t\t\t  \tclass = \"fb-comments\" \n\t\t\t  \tdata-href = \"http:\/\/www.eloriente.net\/home\/2013\/07\/25\/25jul13-en-vivoconferencia-anual-sobre-competencia-y-regulacion-desde-cidac\/\"\n\t\t\t  \tdata-numposts = \"10\"\n\t\t\t\tdata-colorscheme = \"dark\"\n\t\t\t\tdata-order-by = \"social\"\n\t\t\t\tdata-mobile=true>\n\t\t\t  <\/div>\n\t\t  <style>\n\t\t\t.fb_iframe_widget_fluid_desktop iframe {\n\t\t\t    width: 100% !important;\n\t\t\t}\n\t\t  <\/style>\n\t\t  ","protected":false},"excerpt":{"rendered":"<p>eloriente.net\/CIDAC 25 de julio de 2013 Este d\u00eda, el Centro de Investigaci\u00f3n para el Desarrollo, A.C., lleva a cabo la\u00a0VII Conferencia Anual sobre Competencia y Regulaci\u00f3n, organizada en coordinaci\u00f3n con la Red Mexicana de Competencia y Regulaci\u00f3n. El programa es amplio y se desarrolla en el Hotel Hyatt Regency en la Ciudad de M\u00e9xico. Por [&hellip;]<\/p>\n","protected":false},"author":1,"featured_media":15096,"comment_status":"open","ping_status":"open","sticky":false,"template":"","format":"standard","meta":{"_jetpack_memberships_contains_paid_content":false,"footnotes":""},"categories":[4,32,13,24,21,31],"tags":[],"class_list":["post-15089","post","type-post","status-publish","format-standard","has-post-thumbnail","hentry","category-canal-2-en-vivo","category-entradas","category-especiales","category-mexico-y-el-mundo","category-politica-y-gobierno","category-principal"],"jetpack_featured_media_url":"http:\/\/www.eloriente.net\/home\/wp-content\/uploads\/2013\/07\/Pemex-Algunos-derechos-reservados-por-rutlo-flickr.jpg","jetpack_sharing_enabled":true,"_links":{"self":[{"href":"http:\/\/www.eloriente.net\/home\/wp-json\/wp\/v2\/posts\/15089"}],"collection":[{"href":"http:\/\/www.eloriente.net\/home\/wp-json\/wp\/v2\/posts"}],"about":[{"href":"http:\/\/www.eloriente.net\/home\/wp-json\/wp\/v2\/types\/post"}],"author":[{"embeddable":true,"href":"http:\/\/www.eloriente.net\/home\/wp-json\/wp\/v2\/users\/1"}],"replies":[{"embeddable":true,"href":"http:\/\/www.eloriente.net\/home\/wp-json\/wp\/v2\/comments?post=15089"}],"version-history":[{"count":4,"href":"http:\/\/www.eloriente.net\/home\/wp-json\/wp\/v2\/posts\/15089\/revisions"}],"predecessor-version":[{"id":15098,"href":"http:\/\/www.eloriente.net\/home\/wp-json\/wp\/v2\/posts\/15089\/revisions\/15098"}],"wp:featuredmedia":[{"embeddable":true,"href":"http:\/\/www.eloriente.net\/home\/wp-json\/wp\/v2\/media\/15096"}],"wp:attachment":[{"href":"http:\/\/www.eloriente.net\/home\/wp-json\/wp\/v2\/media?parent=15089"}],"wp:term":[{"taxonomy":"category","embeddable":true,"href":"http:\/\/www.eloriente.net\/home\/wp-json\/wp\/v2\/categories?post=15089"},{"taxonomy":"post_tag","embeddable":true,"href":"http:\/\/www.eloriente.net\/home\/wp-json\/wp\/v2\/tags?post=15089"}],"curies":[{"name":"wp","href":"https:\/\/api.w.org\/{rel}","templated":true}]}}