{"id":15127,"date":"2013-07-25T10:55:20","date_gmt":"2013-07-25T16:55:20","guid":{"rendered":"http:\/\/www.eloriente.net\/home\/?p=15127"},"modified":"2013-07-25T10:55:20","modified_gmt":"2013-07-25T16:55:20","slug":"universitario-oaxaqueno-gana-beca-mexprotec-obtiene-estancia-educativa-y-laboral-en-francia","status":"publish","type":"post","link":"http:\/\/www.eloriente.net\/home\/2013\/07\/25\/universitario-oaxaqueno-gana-beca-mexprotec-obtiene-estancia-educativa-y-laboral-en-francia\/","title":{"rendered":"Universitario oaxaque\u00f1o gana beca MEXPROTEC, obtiene estancia educativa y laboral en Francia"},"content":{"rendered":"<p>eloriente.net<\/p>\n<p>25 de julio de 2013<\/p>\n<p>eloriente.net (Oaxaca, Oax.) 25 de julio de 2013.- Ricardo Trujillo, estudiante oaxaque\u00f1o de la carrera Desarrollo de Negocios en la Universidad Tecnol\u00f3gica de los Valles Centrales de Oaxaca (UTVCO) fue uno de los 147 j\u00f3venes mexicanos ganadores de la beca M\u00e9xico Profesional Tecnolog\u00eda-Programa de Formaci\u00f3n de T\u00e9cnicos Superiores \u00abMEXPROTEC; Trujillo realizar\u00e1 una estancia educativa y laboral en Francia y desarrollar\u00e1 un proyecto para apoyar a la comunidad de Santa Catarina Lachatao, Oaxaca.<\/p>\n<p>Ricardo Trujillo, alumno de sexto cuatrimestre de la carrera de Desarrollo de Negocios en la UTVCO, obtuvo la beca con el proyecto \u201cEstrategias de Marketing Internacional para la Comercializaci\u00f3n de Ate de Membrillo de la Comunidad de Santa Catarina, Lachatao\u201d; el cual consiste en apoyar a las mujeres de esta comunidad para comercializar sus productos de manera efectiva. Dicho proyecto seguir\u00e1 en periodo de crecimiento durante su estancia en Francia para mejorarlo y aplicarlo en la comunidad a su regreso del pa\u00eds europeo.<\/p>\n<p>MEXPROTEC es un convenio de cooperaci\u00f3n bilateral entre M\u00e9xico y Francia creado en 2001 que tiene como objetivo formar a futuros profesionales en un nivel intermedio entre el nivel de t\u00e9cnico superior y el nivel de ingeniero: la licenciatura profesional.<\/p>\n<p>Trujillo estudiar\u00e1 diez meses la licencia profesional en Marketing\u00a0 en IUT de Sceaux (Universidad del sur del pa\u00eds); se encontrar\u00e1 ocho meses cursando la misma y durante dos meses laborando en una empresa de mercadotecnia en Francia.<\/p>\n<p><a href=\"http:\/\/www.eloriente.net\/home\/wp-content\/uploads\/2013\/07\/universitario-Ricardo-Trujillo.jpg\"><img loading=\"lazy\" decoding=\"async\" class=\"aligncenter size-full wp-image-15128\" title=\"universitario Ricardo Trujillo\" src=\"http:\/\/www.eloriente.net\/home\/wp-content\/uploads\/2013\/07\/universitario-Ricardo-Trujillo.jpg\" alt=\"\" width=\"350\" height=\"466\" srcset=\"http:\/\/www.eloriente.net\/home\/wp-content\/uploads\/2013\/07\/universitario-Ricardo-Trujillo.jpg 350w, http:\/\/www.eloriente.net\/home\/wp-content\/uploads\/2013\/07\/universitario-Ricardo-Trujillo-225x300.jpg 225w\" sizes=\"(max-width: 350px) 100vw, 350px\" \/><\/a><\/p>\n<p>&nbsp;<\/p>\n\n\t\t\t  <div \n\t\t\t  \tclass = \"fb-comments\" \n\t\t\t  \tdata-href = \"http:\/\/www.eloriente.net\/home\/2013\/07\/25\/universitario-oaxaqueno-gana-beca-mexprotec-obtiene-estancia-educativa-y-laboral-en-francia\/\"\n\t\t\t  \tdata-numposts = \"10\"\n\t\t\t\tdata-colorscheme = \"dark\"\n\t\t\t\tdata-order-by = \"social\"\n\t\t\t\tdata-mobile=true>\n\t\t\t  <\/div>\n\t\t  <style>\n\t\t\t.fb_iframe_widget_fluid_desktop iframe {\n\t\t\t    width: 100% !important;\n\t\t\t}\n\t\t  <\/style>\n\t\t  ","protected":false},"excerpt":{"rendered":"<p>eloriente.net 25 de julio de 2013 eloriente.net (Oaxaca, Oax.) 25 de julio de 2013.- Ricardo Trujillo, estudiante oaxaque\u00f1o de la carrera Desarrollo de Negocios en la Universidad Tecnol\u00f3gica de los Valles Centrales de Oaxaca (UTVCO) fue uno de los 147 j\u00f3venes mexicanos ganadores de la beca M\u00e9xico Profesional Tecnolog\u00eda-Programa de Formaci\u00f3n de T\u00e9cnicos Superiores \u00abMEXPROTEC; [&hellip;]<\/p>\n","protected":false},"author":1,"featured_media":15128,"comment_status":"open","ping_status":"open","sticky":false,"template":"","format":"standard","meta":{"_jetpack_memberships_contains_paid_content":false,"footnotes":""},"categories":[29,18,32,13],"tags":[],"class_list":["post-15127","post","type-post","status-publish","format-standard","has-post-thumbnail","hentry","category-capital","category-educacion-y-cultura","category-entradas","category-especiales"],"jetpack_featured_media_url":"http:\/\/www.eloriente.net\/home\/wp-content\/uploads\/2013\/07\/universitario-Ricardo-Trujillo.jpg","jetpack_sharing_enabled":true,"_links":{"self":[{"href":"http:\/\/www.eloriente.net\/home\/wp-json\/wp\/v2\/posts\/15127"}],"collection":[{"href":"http:\/\/www.eloriente.net\/home\/wp-json\/wp\/v2\/posts"}],"about":[{"href":"http:\/\/www.eloriente.net\/home\/wp-json\/wp\/v2\/types\/post"}],"author":[{"embeddable":true,"href":"http:\/\/www.eloriente.net\/home\/wp-json\/wp\/v2\/users\/1"}],"replies":[{"embeddable":true,"href":"http:\/\/www.eloriente.net\/home\/wp-json\/wp\/v2\/comments?post=15127"}],"version-history":[{"count":2,"href":"http:\/\/www.eloriente.net\/home\/wp-json\/wp\/v2\/posts\/15127\/revisions"}],"predecessor-version":[{"id":15130,"href":"http:\/\/www.eloriente.net\/home\/wp-json\/wp\/v2\/posts\/15127\/revisions\/15130"}],"wp:featuredmedia":[{"embeddable":true,"href":"http:\/\/www.eloriente.net\/home\/wp-json\/wp\/v2\/media\/15128"}],"wp:attachment":[{"href":"http:\/\/www.eloriente.net\/home\/wp-json\/wp\/v2\/media?parent=15127"}],"wp:term":[{"taxonomy":"category","embeddable":true,"href":"http:\/\/www.eloriente.net\/home\/wp-json\/wp\/v2\/categories?post=15127"},{"taxonomy":"post_tag","embeddable":true,"href":"http:\/\/www.eloriente.net\/home\/wp-json\/wp\/v2\/tags?post=15127"}],"curies":[{"name":"wp","href":"https:\/\/api.w.org\/{rel}","templated":true}]}}