{"id":15167,"date":"2013-07-26T10:23:53","date_gmt":"2013-07-26T16:23:53","guid":{"rendered":"http:\/\/www.eloriente.net\/home\/?p=15167"},"modified":"2013-07-26T10:23:53","modified_gmt":"2013-07-26T16:23:53","slug":"onu-lanza-campana-mundial-libre-e-igual-por-los-derechos-de-la-comunidad-lgtb","status":"publish","type":"post","link":"http:\/\/www.eloriente.net\/home\/2013\/07\/26\/onu-lanza-campana-mundial-libre-e-igual-por-los-derechos-de-la-comunidad-lgtb\/","title":{"rendered":"ONU lanza campa\u00f1a mundial \u201cLibre e Igual\u201d por los derechos de la comunidad LGTB"},"content":{"rendered":"<p>eloriente.net\/ <a href=\"http:\/\/www.oacnudh.org\" target=\"_blank\">OACNUDH<\/a><\/p>\n<p>26 de julio de 2013<\/p>\n<p>eloriente.net (Oaxaca, Oax.) 26 de julio de 2013.- La Oficina del Alto Comisionado de las Naciones Unidas para los Derechos Humanos (OACNUDH) lanz\u00f3 este viernes 26 de julio una campa\u00f1a mundial para promover la tolerancia y la igualdad para las personas lesbianas, gays, bisexuales y transg\u00e9nero (LGBT).<\/p>\n<p>La campa\u00f1a de un a\u00f1o de duraci\u00f3n \u00abLibre e igual\u00bb fue anunciada en conferencia de prensa en la Ciudad del Cabo, Sud\u00e1frica, por Navi Pillay, Alta Comisionada de la ONU para los Derechos Humanos, acompa\u00f1ada del Arzobispo Em\u00e9rito y Premio Nobel de la Paz, Desmond Tutu.<\/p>\n<p>Esta iniciativa tiene como objetivo crear conciencia sobre la violencia y la discriminaci\u00f3n homof\u00f3bica y transf\u00f3bica, as\u00ed como fomentar un mayor respeto de los derechos de las personas LGBT. Cabe recordar que en el art\u00edculo 1 de la Declaraci\u00f3n Universal de los Derechos Humanos \u2013adoptada y proclamada por la Resoluci\u00f3n de la Asamblea General 217 A (III) del 10 de diciembre de 1948\u2013, se se\u00f1ala que \u00abtodos los seres humanos nacen libres e iguales en dignidad y derechos y, dotados como est\u00e1n de raz\u00f3n y conciencia, deben comportarse fraternalmente los unos con los otros\u00bb.<\/p>\n<p>Sin embargo, Pillay afirm\u00f3 que a pesar de la promesa de la esta Declaraci\u00f3n por un mundo en el que todas las personas sin excepci\u00f3n gozan de los mismos derechos, millones de personas LGBT se ven obligadas a enfrentar diariamente el odio, la intolerancia, la violencia y la discriminaci\u00f3n.<\/p>\n<p>\u201cCambiar actitudes nunca es f\u00e1cil. Pero ha sido posible en relaci\u00f3n con otros temas y, en este caso, est\u00e1 sucediendo ya en muchas partes del mundo. Se inicia con conversaciones a menudo dif\u00edciles. Es lo que queremos hacer con esta Campa\u00f1a. <em>Libre e Igual<\/em> inspirar\u00e1 millones de conversaciones entre las personas de todo el mundo y de todo espectro ideol\u00f3gico\u201d, se\u00f1al\u00f3 la Alta Comisionada Pillay<\/p>\n<p>La Asamblea General proclam\u00f3 la Declaraci\u00f3n Universal de Derechos Humanos como ideal com\u00fan por el que todos los pueblos y naciones deben esforzarse, a fin de que tanto los individuos como las instituciones, inspir\u00e1ndose constantemente en ella, promuevan, mediante la ense\u00f1anza y la educaci\u00f3n, el respeto a estos derechos y libertades, y aseguren, por medidas progresivas de car\u00e1cter nacional e internacional, su reconocimiento y aplicaci\u00f3n universales y efectivos, tanto entre los pueblos de los Estados Miembros como entre los de los territorios colocados bajo su jurisdicci\u00f3n.<\/p>\n<p>A pesar de ello, la OACNUDH se\u00f1al\u00f3 que hoy en d\u00eda, m\u00e1s de 76 pa\u00edses todav\u00eda penalizan las relaciones consentidas entre personas del mismo sexo, mientras que en muchos otros la discriminaci\u00f3n contra las personas LGBT es generalizada, incluso en el lugar de trabajo, en los sectores de educaci\u00f3n y de salud. En todas las regiones del mundo, se ha registrado la violencia motivada por el odio en contra de las personas LGBT, incluyendo asaltos, violencias sexuales y asesinatos selectivos.<\/p>\n<p>La campa\u00f1a \u00abLibre e Igual\u00bb distribuir\u00e1 a trav\u00e9s de las redes sociales v\u00eddeos y anuncios de servicio p\u00fablico, adem\u00e1s se realizar\u00e1 un nuevo sitio web y una serie de panfletos informativos que contar\u00e1n con el apoyo de celebridades de todo el mundo.<\/p>\n<p>@El_Oriente te comparte uno de los v\u00eddeos que forman parte de esta campa\u00f1a, es \u2018La historia de una madre de Brasil\u2019 (<a href=\"http:\/\/www.youtube.com\/watch?v=O3zobyFGP_Y\">\u2018<\/a>The Story of a Mother from Brazil\u2019), el primer v\u00eddeo de una serie de entrevistas a los familiares de las personas LGBT en todo el mundo. Para activar subt\u00edtulos solo da click en CC, en la pantalla del v\u00eddeo.<\/p>\n<p><iframe loading=\"lazy\" src=\"\/\/www.youtube.com\/embed\/O3zobyFGP_Y\" frameborder=\"0\" width=\"560\" height=\"315\"><\/iframe><\/p>\n<p><iframe loading=\"lazy\" src=\"\/\/www.youtube.com\/embed\/sYFNfW1-sM8\" frameborder=\"0\" width=\"560\" height=\"315\"><\/iframe><\/p>\n<p>&nbsp;<\/p>\n<p><a href=\"http:\/\/www.eloriente.net\/home\/wp-content\/uploads\/2013\/07\/Algunos-derechos-reservados-por-FELGTB-lgtb.jpg\"><img loading=\"lazy\" decoding=\"async\" class=\"aligncenter size-medium wp-image-15169\" title=\"Algunos derechos reservados por FELGTB-lgtb\" src=\"http:\/\/www.eloriente.net\/home\/wp-content\/uploads\/2013\/07\/Algunos-derechos-reservados-por-FELGTB-lgtb-300x198.jpg\" alt=\"\" width=\"300\" height=\"198\" srcset=\"http:\/\/www.eloriente.net\/home\/wp-content\/uploads\/2013\/07\/Algunos-derechos-reservados-por-FELGTB-lgtb-300x198.jpg 300w, http:\/\/www.eloriente.net\/home\/wp-content\/uploads\/2013\/07\/Algunos-derechos-reservados-por-FELGTB-lgtb.jpg 1024w\" sizes=\"(max-width: 300px) 100vw, 300px\" \/><\/a><\/p>\n<p>Foto: <a href=\"http:\/\/www.flickr.com\/photos\/felgtb\/\">FELGTB<\/a>, <a title=\"Attribution-ShareAlike License\" href=\"http:\/\/creativecommons.org\/licenses\/by-sa\/2.0\/\">Algunos derechos reservados<\/a><\/p>\n\n\t\t\t  <div \n\t\t\t  \tclass = \"fb-comments\" \n\t\t\t  \tdata-href = \"http:\/\/www.eloriente.net\/home\/2013\/07\/26\/onu-lanza-campana-mundial-libre-e-igual-por-los-derechos-de-la-comunidad-lgtb\/\"\n\t\t\t  \tdata-numposts = \"10\"\n\t\t\t\tdata-colorscheme = \"dark\"\n\t\t\t\tdata-order-by = \"social\"\n\t\t\t\tdata-mobile=true>\n\t\t\t  <\/div>\n\t\t  <style>\n\t\t\t.fb_iframe_widget_fluid_desktop iframe {\n\t\t\t    width: 100% !important;\n\t\t\t}\n\t\t  <\/style>\n\t\t  ","protected":false},"excerpt":{"rendered":"<p>eloriente.net\/ OACNUDH 26 de julio de 2013 eloriente.net (Oaxaca, Oax.) 26 de julio de 2013.- La Oficina del Alto Comisionado de las Naciones Unidas para los Derechos Humanos (OACNUDH) lanz\u00f3 este viernes 26 de julio una campa\u00f1a mundial para promover la tolerancia y la igualdad para las personas lesbianas, gays, bisexuales y transg\u00e9nero (LGBT). La [&hellip;]<\/p>\n","protected":false},"author":1,"featured_media":15169,"comment_status":"open","ping_status":"open","sticky":false,"template":"","format":"standard","meta":{"_jetpack_memberships_contains_paid_content":false,"footnotes":""},"categories":[22,32,13,24,31],"tags":[],"class_list":["post-15167","post","type-post","status-publish","format-standard","has-post-thumbnail","hentry","category-derechos-humanos","category-entradas","category-especiales","category-mexico-y-el-mundo","category-principal"],"jetpack_featured_media_url":"http:\/\/www.eloriente.net\/home\/wp-content\/uploads\/2013\/07\/Algunos-derechos-reservados-por-FELGTB-lgtb.jpg","jetpack_sharing_enabled":true,"_links":{"self":[{"href":"http:\/\/www.eloriente.net\/home\/wp-json\/wp\/v2\/posts\/15167"}],"collection":[{"href":"http:\/\/www.eloriente.net\/home\/wp-json\/wp\/v2\/posts"}],"about":[{"href":"http:\/\/www.eloriente.net\/home\/wp-json\/wp\/v2\/types\/post"}],"author":[{"embeddable":true,"href":"http:\/\/www.eloriente.net\/home\/wp-json\/wp\/v2\/users\/1"}],"replies":[{"embeddable":true,"href":"http:\/\/www.eloriente.net\/home\/wp-json\/wp\/v2\/comments?post=15167"}],"version-history":[{"count":2,"href":"http:\/\/www.eloriente.net\/home\/wp-json\/wp\/v2\/posts\/15167\/revisions"}],"predecessor-version":[{"id":15170,"href":"http:\/\/www.eloriente.net\/home\/wp-json\/wp\/v2\/posts\/15167\/revisions\/15170"}],"wp:featuredmedia":[{"embeddable":true,"href":"http:\/\/www.eloriente.net\/home\/wp-json\/wp\/v2\/media\/15169"}],"wp:attachment":[{"href":"http:\/\/www.eloriente.net\/home\/wp-json\/wp\/v2\/media?parent=15167"}],"wp:term":[{"taxonomy":"category","embeddable":true,"href":"http:\/\/www.eloriente.net\/home\/wp-json\/wp\/v2\/categories?post=15167"},{"taxonomy":"post_tag","embeddable":true,"href":"http:\/\/www.eloriente.net\/home\/wp-json\/wp\/v2\/tags?post=15167"}],"curies":[{"name":"wp","href":"https:\/\/api.w.org\/{rel}","templated":true}]}}