{"id":15315,"date":"2013-07-30T09:08:48","date_gmt":"2013-07-30T15:08:48","guid":{"rendered":"http:\/\/www.eloriente.net\/home\/?p=15315"},"modified":"2013-07-30T10:10:04","modified_gmt":"2013-07-30T16:10:04","slug":"homosexuales-no-deben-ser-juzgados-ni-marginados-papa-franciso","status":"publish","type":"post","link":"http:\/\/www.eloriente.net\/home\/2013\/07\/30\/homosexuales-no-deben-ser-juzgados-ni-marginados-papa-franciso\/","title":{"rendered":"\u00abHomosexuales no deben ser juzgados ni marginados\u00bb: Papa Franciso"},"content":{"rendered":"<p>eloriente.net<\/p>\n<p>30 de julio de 2013<\/p>\n<p>eloriente.net (Oaxaca, Oax.) 30 de julio de 2013.- Ayer, durante su viaje de regreso de R\u00edo de Janeiro a Roma, el m\u00e1ximo l\u00edder de la Iglesia Cat\u00f3lica, el Papa Francisco, expres\u00f3 en una charla con periodistas\u00a0que <strong>los homosexuales no deben ser juzgados ni marginados en la sociedad.<\/strong><\/p>\n<p>De acuerdo con informaci\u00f3n de<em> News.va \u2013<\/em>un servicio ofrecido por el Pontificio Consejo para las Comunicaciones Sociales, en colaboraci\u00f3n con los medios de la Santa Sede\u2013, la periodista\u00a0Ilze Scamparini pregunt\u00f3 al Papa c\u00f3mo piensa afrontar la cuesti\u00f3n de la supuesta lobby (grupo de presi\u00f3n a favor de algo) gay del Vaticano.<\/p>\n<p>El m\u00e1ximo pont\u00edfice respondi\u00f3: \u201cMah! Se escribe mucho sobre la lobby gay. Yo a\u00fan no encontr\u00e9 a nadie en el Vaticano que me diera el documento de identidad con \u201cgay\u201d escrito en \u00e9l. Dicen que los hay. Creo que cuando alguien se encuentra con una persona as\u00ed, debe distinguir el hecho de ser una persona gay, del hecho de hacer una lobby, porque no todas las lobbies son buenas. Eso es malo. Si una persona es gay y busca al Se\u00f1or y tiene buena voluntad, \u00bfqui\u00e9n soy yo para juzgarla? El catecismo de la Iglesia Cat\u00f3lica explica de un modo muy bello esto, y dice: \u2018No se debe marginar a estas personas por esto, deben ser integradas en la sociedad\u2019. El problema no es tener esta tendencia, no, debemos ser hermanos. El problema es hacer lobby de esta tendencia, lobby de avaros, lobby de pol\u00edticos, lobby de los masones, tantas lobbies. Ese es el problema m\u00e1s grave para m\u00ed. Y le agradezco mucho esta pregunta\u201d.<\/p>\n<p>En esta charla con periodistas tambi\u00e9n se abordaron temas como el papel de la mujer en la Iglesia,\u00a0la Curia, el viaje a Brasil, la colaboraci\u00f3n del Papa con Benedicto XVI o la situaci\u00f3n de los divorciados que se han vuelto a casar.<\/p>\n<p>El Papa Francisco viaj\u00f3 a Roma luego de permanecer 7 d\u00edas en R\u00edo de Janeiro donde presidi\u00f3 la Jornada Mundial de la Juventud (JMJ), un encuentro que se realiza desde 1986 y que ofrece cada 2 o 3 a\u00f1os un encuentro internacional de los j\u00f3venes con el m\u00e1ximo jerarca de la Iglesia Cat\u00f3lica.\u00a0La \u00faltima JMJ fue del 16 al 21 de agosto de 2011, en Madrid, Espa\u00f1a,\u00a0y reuni\u00f3 m\u00e1s de 190 pa\u00edses.<\/p>\n<p>La XXXVIII JMJ se realiz\u00f3 del 23 al 28 de julio de este a\u00f1o en la ciudad de R\u00edo de Janeiro y tuvo como lema \u00a8Id y haced disc\u00edpulos entre todas las naciones\u00a8 (Mt 28, 19).<\/p>\n<blockquote class=\"twitter-tweet\"><p>Ahora, queridos j\u00f3venes, debemos continuar viviendo diariamente lo que hemos profesado juntos en la JMJ.<\/p>\n<p>\u2014 Papa Francisco (@Pontifex_es) <a href=\"https:\/\/twitter.com\/Pontifex_es\/statuses\/362112146991099906\">July 30, 2013<\/a><\/p><\/blockquote>\n<p>&nbsp;<\/p>\n<p><iframe loading=\"lazy\" src=\"\/\/www.youtube.com\/embed\/jy1z9Q22144\" frameborder=\"0\" width=\"480\" height=\"360\"><\/iframe><\/p>\n<p><iframe loading=\"lazy\" src=\"\/\/www.youtube.com\/embed\/dWVljbP4cfc\" frameborder=\"0\" width=\"560\" height=\"315\"><\/iframe><\/p>\n<p>Notas relacionadas:<\/p>\n<p><a title=\"Permalink to ONU lanza campa\u00f1a mundial \u201cLibre e Igual\u201d por los derechos de la comunidad LGTB\" href=\"http:\/\/www.eloriente.net\/home\/2013\/07\/26\/onu-lanza-campana-mundial-libre-e-igual-por-los-derechos-de-la-comunidad-lgtb\/\" rel=\"bookmark\">ONU lanza campa\u00f1a mundial \u201cLibre e Igual\u201d por los derechos de la comunidad LGTB<\/a><\/p>\n<p><a href=\"http:\/\/www.eloriente.net\/home\/2013\/07\/26\/onu-lanza-campana-mundial-libre-e-igual-por-los-derechos-de-la-comunidad-lgtb\/\" rel=\"bookmark\"><img decoding=\"async\" title=\"ONU lanza campa\u00f1a mundial \u201cLibre e Igual\u201d por los derechos de la comunidad LGTB\" src=\"http:\/\/www.eloriente.net\/home\/wp-content\/themes\/city-desk\/timthumb.php?src=http%3A%2F%2Fwww.eloriente.net%2Fhome%2Fwp-content%2Fuploads%2F2013%2F07%2FAlgunos-derechos-reservados-por-FELGTB-lgtb.jpg&amp;q=90&amp;w=160&amp;h=106&amp;zc=1\" alt=\"ONU lanza campa\u00f1a mundial \u201cLibre e Igual\u201d por los derechos de la comunidad LGTB\" \/><\/a><\/p>\n<p>eloriente.net\/ OACNUDH 26 de julio de 2013 eloriente.net (Oaxaca, Oax.) 26 de julio de 2013.- La Oficina del Alto Comisionado de las Naciones Unidas para los Derechos Humanos (OACNUDH) lanz\u00f3 este viernes 26 de julio una campa\u00f1a mundial para promover la tolerancia y la igualdad para las personas lesbianas, gays, bisexuales y transg\u00e9nero (LGBT). La [&#8230;]<\/p>\n<p><a title=\"Permalink to Estigma y discriminaci\u00f3n afectan salud de homosexuales y trans: OPS\/OMS\" href=\"http:\/\/www.eloriente.net\/home\/2013\/05\/17\/estigma-y-discriminacion-afectan-salud-de-homosexuales-y-trans-opsoms\/\" rel=\"bookmark\">Estigma y discriminaci\u00f3n afectan salud de homosexuales y trans: OPS\/OMS<\/a><\/p>\n<p><a href=\"http:\/\/www.eloriente.net\/home\/2013\/05\/17\/estigma-y-discriminacion-afectan-salud-de-homosexuales-y-trans-opsoms\/\" rel=\"bookmark\"><img decoding=\"async\" title=\"Estigma y discriminaci\u00f3n afectan salud de homosexuales y trans: OPS\/OMS\" src=\"http:\/\/www.eloriente.net\/home\/wp-content\/themes\/city-desk\/timthumb.php?src=http%3A%2F%2Fwww.eloriente.net%2Fhome%2Fwp-content%2Fuploads%2F2013%2F05%2FAlgunos-derechos-reservados-por-ismael-villafranco-BANDERA-lgtb.jpg&amp;q=90&amp;w=160&amp;h=106&amp;zc=1\" alt=\"Estigma y discriminaci\u00f3n afectan salud de homosexuales y trans: OPS\/OMS\" \/><\/a><\/p>\n<p>eloriente.net\/OPS 17 de mayo de 2013 eloriente.net (Oaxaca, Oax.) 17 de mayo de 2013.- El prejuicio, la indiferencia, el odio y la discriminaci\u00f3n obstaculizan el acceso a los servicios de salud de lesbianas, gays, bisexuales y trans (LGBT) en el Continente Americano, as\u00ed lo se\u00f1alaron la Organizaci\u00f3n Panamericana de la Salud (OPS\/OMS) , en el [&#8230;]<\/p>\n<p><a title=\"Permalink to El Cine que enfrenta homofobia, lesbofobia y transfobia\" href=\"http:\/\/www.eloriente.net\/home\/2013\/05\/17\/el-cine-que-enfrenta-homofobia-lesbofobia-y-transfobia\/\" rel=\"bookmark\">El Cine que enfrenta homofobia, lesbofobia y transfobia<\/a><\/p>\n<p><a href=\"http:\/\/www.eloriente.net\/home\/2013\/05\/17\/el-cine-que-enfrenta-homofobia-lesbofobia-y-transfobia\/\" rel=\"bookmark\"><img decoding=\"async\" title=\"El Cine que enfrenta homofobia, lesbofobia y transfobia\" src=\"http:\/\/www.eloriente.net\/home\/wp-content\/themes\/city-desk\/timthumb.php?src=http%3A%2F%2Fwww.eloriente.net%2Fhome%2Fwp-content%2Fuploads%2F2013%2F05%2FFranco-and-Penn-MILK-%40milkfilm-e1368808207710.jpg&amp;q=90&amp;w=160&amp;h=106&amp;zc=1\" alt=\"El Cine que enfrenta homofobia, lesbofobia y transfobia\" \/><\/a><\/p>\n<p>eloriente.net \/ CONAPRED 17 de mayo de 2013 El cine que enfrenta homofobia, lesbofobia y transfobia \u00a0Por: Francisco Pe\u00f1a En los a\u00f1os 20 el cine estadounidense lleg\u00f3 a una alta exposici\u00f3n de la sexualidad, por lo que varias organizaciones WASP (blancas, anglosajonas y protestantes) que dominaban la taquilla ejercieron presi\u00f3n hasta que Hollywood adopt\u00f3 por [&#8230;]<\/p>\n\n\t\t\t  <div \n\t\t\t  \tclass = \"fb-comments\" \n\t\t\t  \tdata-href = \"http:\/\/www.eloriente.net\/home\/2013\/07\/30\/homosexuales-no-deben-ser-juzgados-ni-marginados-papa-franciso\/\"\n\t\t\t  \tdata-numposts = \"10\"\n\t\t\t\tdata-colorscheme = \"dark\"\n\t\t\t\tdata-order-by = \"social\"\n\t\t\t\tdata-mobile=true>\n\t\t\t  <\/div>\n\t\t  <style>\n\t\t\t.fb_iframe_widget_fluid_desktop iframe {\n\t\t\t    width: 100% !important;\n\t\t\t}\n\t\t  <\/style>\n\t\t  ","protected":false},"excerpt":{"rendered":"<p>eloriente.net 30 de julio de 2013 eloriente.net (Oaxaca, Oax.) 30 de julio de 2013.- Ayer, durante su viaje de regreso de R\u00edo de Janeiro a Roma, el m\u00e1ximo l\u00edder de la Iglesia Cat\u00f3lica, el Papa Francisco, expres\u00f3 en una charla con periodistas\u00a0que los homosexuales no deben ser juzgados ni marginados en la sociedad. De acuerdo [&hellip;]<\/p>\n","protected":false},"author":1,"featured_media":15317,"comment_status":"open","ping_status":"open","sticky":false,"template":"","format":"standard","meta":{"_jetpack_memberships_contains_paid_content":false,"footnotes":""},"categories":[32,10,24],"tags":[],"class_list":["post-15315","post","type-post","status-publish","format-standard","has-post-thumbnail","hentry","category-entradas","category-lo-mas-reciente","category-mexico-y-el-mundo"],"jetpack_featured_media_url":"http:\/\/www.eloriente.net\/home\/wp-content\/uploads\/2013\/07\/PAPA-FRANCISCO.jpg","jetpack_sharing_enabled":true,"_links":{"self":[{"href":"http:\/\/www.eloriente.net\/home\/wp-json\/wp\/v2\/posts\/15315"}],"collection":[{"href":"http:\/\/www.eloriente.net\/home\/wp-json\/wp\/v2\/posts"}],"about":[{"href":"http:\/\/www.eloriente.net\/home\/wp-json\/wp\/v2\/types\/post"}],"author":[{"embeddable":true,"href":"http:\/\/www.eloriente.net\/home\/wp-json\/wp\/v2\/users\/1"}],"replies":[{"embeddable":true,"href":"http:\/\/www.eloriente.net\/home\/wp-json\/wp\/v2\/comments?post=15315"}],"version-history":[{"count":5,"href":"http:\/\/www.eloriente.net\/home\/wp-json\/wp\/v2\/posts\/15315\/revisions"}],"predecessor-version":[{"id":15319,"href":"http:\/\/www.eloriente.net\/home\/wp-json\/wp\/v2\/posts\/15315\/revisions\/15319"}],"wp:featuredmedia":[{"embeddable":true,"href":"http:\/\/www.eloriente.net\/home\/wp-json\/wp\/v2\/media\/15317"}],"wp:attachment":[{"href":"http:\/\/www.eloriente.net\/home\/wp-json\/wp\/v2\/media?parent=15315"}],"wp:term":[{"taxonomy":"category","embeddable":true,"href":"http:\/\/www.eloriente.net\/home\/wp-json\/wp\/v2\/categories?post=15315"},{"taxonomy":"post_tag","embeddable":true,"href":"http:\/\/www.eloriente.net\/home\/wp-json\/wp\/v2\/tags?post=15315"}],"curies":[{"name":"wp","href":"https:\/\/api.w.org\/{rel}","templated":true}]}}