{"id":15322,"date":"2013-07-30T09:42:29","date_gmt":"2013-07-30T15:42:29","guid":{"rendered":"http:\/\/www.eloriente.net\/home\/?p=15322"},"modified":"2013-07-30T10:02:37","modified_gmt":"2013-07-30T16:02:37","slug":"unesco-entrega-a-mexico-diploma-del-pinacate-y-gran-desierto-de-altar","status":"publish","type":"post","link":"http:\/\/www.eloriente.net\/home\/2013\/07\/30\/unesco-entrega-a-mexico-diploma-del-pinacate-y-gran-desierto-de-altar\/","title":{"rendered":"UNESCO entrega a M\u00e9xico Diploma del Pinacate y Gran Desierto de Altar"},"content":{"rendered":"<p>eloriente.net\/ <a href=\"http:\/\/www.cinu.mx\" target=\"_blank\">CINU<\/a><\/p>\n<p>30 de julio de 2013<\/p>\n<p>eloriente.net (Oaxaca, Oax.) 30 de julio de 2013.- En una ceremonia celebrada en Los Pinos, la representante de la Organizaci\u00f3n de las Naciones Unidas para la Educaci\u00f3n, la Ciencia y la Cultura (UNESCO) en M\u00e9xico, la Sra. Nuria Sanz, entreg\u00f3 ayer al presidente Enrique Pe\u00f1a Nieto,<strong> el Diploma Oficial que acredita a la Reserva de la Biosfera El Pinacate y Gran Desierto de Altar, en el Estado de Sonora, como sitio natural Patrimonio de la Humanidad.<\/strong><\/p>\n<p>El pasado 21 de junio de este a\u00f1o, la Reserva de la Biosfera El Pinacate y Gran Desierto de Altar, localizada en el estado mexicano de Sonora, fue inscrita en la Lista del Patrimonio Mundial por el Comit\u00e9 del Patrimonio Mundial de la UNESCO, durante su 37 reuni\u00f3n en Camboya. Con esta nueva inscripci\u00f3n, M\u00e9xico cuenta ya con 32 sitios en la Lista del Patrimonio Mundial, lo que lo convierte en el pa\u00eds con m\u00e1s nominaciones de este tipo en Latinoam\u00e9rica.<\/p>\n<p>Tras recibir el diploma, Pe\u00f1a Nieto expres\u00f3: \u00abSomos conscientes del gran patrimonio que tiene nuestro pa\u00eds y de nuestra obligaci\u00f3n de preservarlo para los habitantes de todo el mundo y, en especial, para las siguientes generaciones de mexicanos. Seguiremos trabajando por un M\u00e9xico verde, pr\u00f3spero, incluyente y sustentable\u00bb.<\/p>\n<p>Con la incorporaci\u00f3n de la Reserva de la Biosfera El Pinacate y Gran Desierto de Altar, son cinco los sitios naturales mexicanos catalogados como Patrimonio Mundial. Los otros cuatro son: Reserva de la Biosfera Sian Ka&#8217;an (inscrito en 1987); Santuario de Ballenas El Vizca\u00edno (1993); Islas y \u00c1reas Protegidas del Golfo de California (2005); y Reserva de la Biosfera Mariposa Monarca (2008).<\/p>\n<p>La Reserva de la Biosfera El Pinacate y Gran Desierto de Altar, goza de un m\u00faltiple reconocimiento, ya que forma parte de la red de Reservas de la Biosfera del Programa El Hombre y la Biosfera (MAB) de la UNESCO, desde el 25 de octubre de 1995. Asimismo, figura como Sitio Ramsar a partir del 25 de septiembre de 2007, por el valor de sus humedales de agua dulce.<\/p>\n<p>Con el fin de preservar toda esta riqueza natural, el Comit\u00e9 del Patrimonio Mundial ha solicitado al Gobierno de M\u00e9xico que desarrolle una estrategia de sostenibilidad para este sitio y que se avance en la cooperaci\u00f3n transfronteriza a fin de asegurar el mantenimiento de las condiciones biol\u00f3gicas que forman parte de su valor universal excepcional.<\/p>\n<p>El mandatario federal aprovech\u00f3 la ocasi\u00f3n para anunciar la creaci\u00f3n, en el Palacio Nacional, del Sal\u00f3n &#8216;M\u00e9xico: Patrimonio de la Humanidad&#8217;, para exponer los certificados que la UNESCO ha concedido a nuestro pa\u00eds, acompa\u00f1ados de informaci\u00f3n, as\u00ed como de una muestra fotogr\u00e1fica de cada uno de estos activos universales.<\/p>\n<p><iframe loading=\"lazy\" src=\"\/\/www.youtube.com\/embed\/Amwv0UCOMt8?list=PLvtp80ozfi56v2QRHBUO2WscEkPkXnBGP\" frameborder=\"0\" width=\"560\" height=\"315\"><\/iframe><\/p>\n<p>&nbsp;<\/p>\n<p>&nbsp;<\/p>\n<p><a href=\"http:\/\/www.eloriente.net\/home\/wp-content\/uploads\/2013\/07\/Certificado-de-Patrimonio-Mundial.jpg\"><img loading=\"lazy\" decoding=\"async\" class=\"aligncenter size-medium wp-image-15323\" title=\"Certificado de Patrimonio Mundial\" src=\"http:\/\/www.eloriente.net\/home\/wp-content\/uploads\/2013\/07\/Certificado-de-Patrimonio-Mundial-300x110.jpg\" alt=\"\" width=\"300\" height=\"110\" srcset=\"http:\/\/www.eloriente.net\/home\/wp-content\/uploads\/2013\/07\/Certificado-de-Patrimonio-Mundial-300x110.jpg 300w, http:\/\/www.eloriente.net\/home\/wp-content\/uploads\/2013\/07\/Certificado-de-Patrimonio-Mundial.jpg 642w\" sizes=\"(max-width: 300px) 100vw, 300px\" \/><\/a><\/p>\n<p>&nbsp;<\/p>\n<p>Notas relacionadas:<\/p>\n<p><a title=\"Permalink to Reserva mexicana es nuevo Patrimonio Mundial\" href=\"http:\/\/www.eloriente.net\/home\/2013\/06\/21\/reserva-mexicana-es-nuevo-patrimonio-mundial\/\" rel=\"bookmark\">Reserva mexicana es nuevo Patrimonio Mundial<\/a><\/p>\n<p><a href=\"http:\/\/www.eloriente.net\/home\/2013\/06\/21\/reserva-mexicana-es-nuevo-patrimonio-mundial\/\" rel=\"bookmark\"><img decoding=\"async\" title=\"Reserva mexicana es nuevo Patrimonio Mundial\" src=\"http:\/\/www.eloriente.net\/home\/wp-content\/themes\/city-desk\/timthumb.php?src=http%3A%2F%2Fwww.eloriente.net%2Fhome%2Fwp-content%2Fuploads%2F2013%2F06%2Fwhc2013_mexico_pinacate_07.jpg&amp;q=90&amp;w=160&amp;h=106&amp;zc=1\" alt=\"Reserva mexicana es nuevo Patrimonio Mundial\" \/><\/a><\/p>\n<h2>eloriente.net 21 de junio de 2013 A partir de hoy, la Reserva de la Bi\u00f3sfera El Pinacate y Gran Desierto de Altar, en Sonora, ha sido inscrita en la Lista del Patrimonio Mundial del comit\u00e9 correspondiente la UNESCO, que se celebra su XXXVII Reuni\u00f3n en Camboya. Excelente noticia el registro, mismo que se suma a [&#8230;]<\/h2>\n<h2><\/h2>\n<p><a title=\"Permalink to M\u00e9xico, l\u00edder en bienes culturales en Am\u00e9rica Latina y el Caribe\" href=\"http:\/\/www.eloriente.net\/home\/2013\/01\/02\/mexico-lider-en-bienes-culturales-en-america-latina-y-el-caribe\/\" rel=\"bookmark\">M\u00e9xico, l\u00edder en bienes culturales en Am\u00e9rica Latina y el Caribe<\/a><\/p>\n<p><a href=\"http:\/\/www.eloriente.net\/home\/2013\/01\/02\/mexico-lider-en-bienes-culturales-en-america-latina-y-el-caribe\/\" rel=\"bookmark\"><img decoding=\"async\" title=\"M\u00e9xico, l\u00edder en bienes culturales en Am\u00e9rica Latina y el Caribe\" src=\"http:\/\/www.eloriente.net\/home\/wp-content\/themes\/city-desk\/timthumb.php?src=http%3A%2F%2Fwww.eloriente.net%2Fhome%2Fwp-content%2Fuploads%2F2013%2F01%2FFINALCentro-de-las-Artes-indi%CC%81genas.jpg&amp;q=90&amp;w=160&amp;h=106&amp;zc=1\" alt=\"M\u00e9xico, l\u00edder en bienes culturales en Am\u00e9rica Latina y el Caribe\" \/><\/a><\/p>\n<p>eloriente.net 2 de enero de 2013 eloriente.net (Oaxaca, Oax.) 2 de enero de 2013.- El liderazgo de M\u00e9xico como el pa\u00eds con mayor n\u00famero de bienes culturales reconocidos por la UNESCO en Am\u00e9rica Latina, se refrend\u00f3 este a\u00f1o que acaba de finalizar con la reciente inclusi\u00f3n del Centro de las Artes Ind\u00edgenas, de Veracruz, en [&#8230;]<\/p>\n\n\t\t\t  <div \n\t\t\t  \tclass = \"fb-comments\" \n\t\t\t  \tdata-href = \"http:\/\/www.eloriente.net\/home\/2013\/07\/30\/unesco-entrega-a-mexico-diploma-del-pinacate-y-gran-desierto-de-altar\/\"\n\t\t\t  \tdata-numposts = \"10\"\n\t\t\t\tdata-colorscheme = \"dark\"\n\t\t\t\tdata-order-by = \"social\"\n\t\t\t\tdata-mobile=true>\n\t\t\t  <\/div>\n\t\t  <style>\n\t\t\t.fb_iframe_widget_fluid_desktop iframe {\n\t\t\t    width: 100% !important;\n\t\t\t}\n\t\t  <\/style>\n\t\t  ","protected":false},"excerpt":{"rendered":"<p>eloriente.net\/ CINU 30 de julio de 2013 eloriente.net (Oaxaca, Oax.) 30 de julio de 2013.- En una ceremonia celebrada en Los Pinos, la representante de la Organizaci\u00f3n de las Naciones Unidas para la Educaci\u00f3n, la Ciencia y la Cultura (UNESCO) en M\u00e9xico, la Sra. Nuria Sanz, entreg\u00f3 ayer al presidente Enrique Pe\u00f1a Nieto, el Diploma [&hellip;]<\/p>\n","protected":false},"author":1,"featured_media":15323,"comment_status":"open","ping_status":"open","sticky":false,"template":"","format":"standard","meta":{"_jetpack_memberships_contains_paid_content":false,"footnotes":""},"categories":[18,32,13,24],"tags":[],"class_list":["post-15322","post","type-post","status-publish","format-standard","has-post-thumbnail","hentry","category-educacion-y-cultura","category-entradas","category-especiales","category-mexico-y-el-mundo"],"jetpack_featured_media_url":"http:\/\/www.eloriente.net\/home\/wp-content\/uploads\/2013\/07\/Certificado-de-Patrimonio-Mundial.jpg","jetpack_sharing_enabled":true,"_links":{"self":[{"href":"http:\/\/www.eloriente.net\/home\/wp-json\/wp\/v2\/posts\/15322"}],"collection":[{"href":"http:\/\/www.eloriente.net\/home\/wp-json\/wp\/v2\/posts"}],"about":[{"href":"http:\/\/www.eloriente.net\/home\/wp-json\/wp\/v2\/types\/post"}],"author":[{"embeddable":true,"href":"http:\/\/www.eloriente.net\/home\/wp-json\/wp\/v2\/users\/1"}],"replies":[{"embeddable":true,"href":"http:\/\/www.eloriente.net\/home\/wp-json\/wp\/v2\/comments?post=15322"}],"version-history":[{"count":3,"href":"http:\/\/www.eloriente.net\/home\/wp-json\/wp\/v2\/posts\/15322\/revisions"}],"predecessor-version":[{"id":15330,"href":"http:\/\/www.eloriente.net\/home\/wp-json\/wp\/v2\/posts\/15322\/revisions\/15330"}],"wp:featuredmedia":[{"embeddable":true,"href":"http:\/\/www.eloriente.net\/home\/wp-json\/wp\/v2\/media\/15323"}],"wp:attachment":[{"href":"http:\/\/www.eloriente.net\/home\/wp-json\/wp\/v2\/media?parent=15322"}],"wp:term":[{"taxonomy":"category","embeddable":true,"href":"http:\/\/www.eloriente.net\/home\/wp-json\/wp\/v2\/categories?post=15322"},{"taxonomy":"post_tag","embeddable":true,"href":"http:\/\/www.eloriente.net\/home\/wp-json\/wp\/v2\/tags?post=15322"}],"curies":[{"name":"wp","href":"https:\/\/api.w.org\/{rel}","templated":true}]}}