{"id":15337,"date":"2013-07-31T10:59:27","date_gmt":"2013-07-31T16:59:27","guid":{"rendered":"http:\/\/www.eloriente.net\/home\/?p=15337"},"modified":"2013-07-31T17:25:51","modified_gmt":"2013-07-31T23:25:51","slug":"concurso-internacional-de-animacion-xicofest-2013-premiara-con-viaje-a-francia","status":"publish","type":"post","link":"http:\/\/www.eloriente.net\/home\/2013\/07\/31\/concurso-internacional-de-animacion-xicofest-2013-premiara-con-viaje-a-francia\/","title":{"rendered":"Concurso Internacional de Animaci\u00f3n XicoFest 2013 premiar\u00e1 con viaje a Francia"},"content":{"rendered":"<p>eloriente.net<\/p>\n<p>31 de julio de 2013<\/p>\n<p>eloriente.net (Oaxaca, Oax.) 31 de julio de 2013.- El Concurso Latinoamericano de Animaci\u00f3n XicoFest 2013, cuya convocatoria cierra el pr\u00f3ximo 15 de septiembre, premiar\u00e1 con una semana en Francia, donde el ganador har\u00e1 un recorrido al departamento Animaci\u00f3n del ISARTDIGITAL\u2013 reconocida escuela de animaci\u00f3n y game design en Par\u00eds\u2013, visitar\u00e1 estudios y un Festival de animaci\u00f3n, tendr\u00e1 un encuentro con directores conocidos de cine animado, entre otras actividades.<\/p>\n<p>En su af\u00e1n por promover el compromiso hacia la creaci\u00f3n y la promoci\u00f3n de la joven industria de la imagen, esta convocatoria, en colaboraci\u00f3n con la empresa mexicana \u00abXOLO\u00bb de Cristina Pineda y el canal de televisi\u00f3n internacional en franc\u00e9s TV5MONDE, apuesta por la creaci\u00f3n animada, fomentando el v\u00ednculo entre los estudios de animaci\u00f3n, las instituciones educativas de diversos pa\u00edses y el desarrollo econ\u00f3mico de las empresas que se enfocan a las nuevas tecnolog\u00edas de la imagen.<\/p>\n<p>Xico es un xoloitzcuintle, raza canina de la mitolog\u00eda azteca, importante s\u00edmbolo de tradiciones e historia para M\u00e9xico. Los estudios de animaci\u00f3n deber\u00e1n construir, a trav\u00e9s de la imagen, el dibujo, el sonido y el universo est\u00e9tico alrededor de esta figura.<\/p>\n<p>De acuerdo a las bases de la convocatoria, podr\u00e1 participar cualquier persona o estudio de animaci\u00f3n que resida en Am\u00e9rica Latina, con un cortometraje de un minuto de duraci\u00f3n y de t\u00e9cnica libre.<\/p>\n<p>Los trabajos ser\u00e1n enviados v\u00eda electr\u00f3nica y ser\u00e1n calificados por un jurado integrado por: <strong>Cristina Pineda<\/strong>,\u00a0promotora del arte y la cultura mexicana; <strong>Albert Pereira Lazaro<\/strong>, especialista en las pel\u00edculas de animaci\u00f3n; <strong>Carlos Guti\u00e9rrez<\/strong>, encabeza la productora Metacube y tambi\u00e9n preside la Asociaci\u00f3n Mexicana de Productoras de Animaci\u00f3n, Efectos Visuales y Medios Interactivos; <strong>Gabriel Fernando Grinberg<\/strong>, director de Incubadora de Talento y del Primer Cluster de la Industria Creativa Ciudad de M\u00e9xico; <strong>Simon Vanesse<\/strong>, rector del Departamento de Animaci\u00f3n y Efectos Visuales de la escuela ISART DIGITAL; <strong>Nouredine Essadi<\/strong>, fundador y codirector del Festival de Cine Franc\u00e9s en Cuba; <strong>Fr\u00e9d\u00e9ric Groll-Bourel,<\/strong> director de TV5MONDE en toda Am\u00e9rica Latina; y <strong>Lygie de Schuyter<\/strong>, representante de TV5MONDE en M\u00e9xico.<\/p>\n<p>Consulta m\u00e1s informaci\u00f3n sobre la convocatoria <a href=\"http:\/\/www.xicofest.com\/convocatoria.html\" target=\"_blank\">AQU\u00cd.<\/a><\/p>\n<p>@El_Oriente te comparte la animaci\u00f3n ganadora del a\u00f1o pasado, un proyecto elaborado por <strong>Andrea Villase\u00f1or y Gonzalo Salda\u00f1a<\/strong>.<\/p>\n<p><iframe loading=\"lazy\" src=\"http:\/\/player.vimeo.com\/video\/50581682?badge=0&amp;autoplay=1\" frameborder=\"0\" width=\"400\" height=\"300\"><\/iframe><\/p>\n<p>&nbsp;<\/p>\n<p>Otras convocatorias:<\/p>\n<p><a title=\"Permalink to Conaculta anuncia el Tercer Premio Literario LIPP 2013\" href=\"http:\/\/www.eloriente.net\/home\/2013\/07\/24\/conaculta-anuncia-el-tercer-premio-literario-lipp-2013\/\" rel=\"bookmark\">Conaculta anuncia el Tercer Premio Literario LIPP 2013<\/a><\/p>\n<p><a href=\"http:\/\/www.eloriente.net\/home\/2013\/07\/24\/conaculta-anuncia-el-tercer-premio-literario-lipp-2013\/\" rel=\"bookmark\"><img decoding=\"async\" title=\"Conaculta anuncia el Tercer Premio Literario LIPP 2013\" src=\"http:\/\/www.eloriente.net\/home\/wp-content\/themes\/city-desk\/timthumb.php?src=http%3A%2F%2Fwww.eloriente.net%2Fhome%2Fwp-content%2Fuploads%2F2013%2F07%2Fanuncio_premio_literario_2013_lipp_la_brasserie_alr_7122b.jpg&amp;q=90&amp;w=310&amp;h=200&amp;zc=1\" alt=\"Conaculta anuncia el Tercer Premio Literario LIPP 2013\" \/><\/a><\/p>\n<p>eloriente.net\/ Conaculta 24 de julio de 2013 El presidente del Conaculta anunci\u00f3 el Tercer Premio Literario LIPP 2013. El jurado est\u00e1 conformado por escritores como Alberto Chimal, Silvia Molina, Xavier Velasco, Rafael P\u00e9rez Gay, Cristina Rivera Garza, Eduardo Antonio Parra, Alejandro Reyes y M\u00f3nica Lav\u00edn Est\u00e1 dirigido a editoriales activas que presenten manuscritos de novela [&#8230;]<\/p>\n<p>&nbsp;<\/p>\n<p><a title=\"Permalink to Se aproxima cierre de convocatorias a los Premios FILIJ 2013\" href=\"http:\/\/www.eloriente.net\/home\/2013\/07\/08\/se-aproxima-cierre-de-convocatorias-a-los-premios-filij-2013\/\" rel=\"bookmark\">Se aproxima cierre de convocatorias a los Premios FILIJ 2013<\/a><\/p>\n<p><a href=\"http:\/\/www.eloriente.net\/home\/2013\/07\/08\/se-aproxima-cierre-de-convocatorias-a-los-premios-filij-2013\/\" rel=\"bookmark\"><img decoding=\"async\" title=\"Se aproxima cierre de convocatorias a los Premios FILIJ 2013\" src=\"http:\/\/www.eloriente.net\/home\/wp-content\/themes\/city-desk\/timthumb.php?src=http%3A%2F%2Fwww.eloriente.net%2Fhome%2Fwp-content%2Fuploads%2F2013%2F07%2Fpajarracos_1024x768.jpg&amp;q=90&amp;w=310&amp;h=200&amp;zc=1\" alt=\"Se aproxima cierre de convocatorias a los Premios FILIJ 2013\" \/><\/a><\/p>\n<p>eloriente.net\/ Conaculta 8 de julio de 2013 Escritores, ilustradores y dise\u00f1adores pueden enviar sus propuestas para los premios de Cuento para Ni\u00f1os y J\u00f3venes e Internacional del Libro Ilustrado Infantil y Juvenil; el Concurso Nacional de Cartel \u201cInvitemos a leer\u201d y el Cat\u00e1logo de Ilustradores de Publicaciones Infantiles y Juveniles. Los plazos para el env\u00edo [&#8230;]<\/p>\n\n\t\t\t  <div \n\t\t\t  \tclass = \"fb-comments\" \n\t\t\t  \tdata-href = \"http:\/\/www.eloriente.net\/home\/2013\/07\/31\/concurso-internacional-de-animacion-xicofest-2013-premiara-con-viaje-a-francia\/\"\n\t\t\t  \tdata-numposts = \"10\"\n\t\t\t\tdata-colorscheme = \"dark\"\n\t\t\t\tdata-order-by = \"social\"\n\t\t\t\tdata-mobile=true>\n\t\t\t  <\/div>\n\t\t  <style>\n\t\t\t.fb_iframe_widget_fluid_desktop iframe {\n\t\t\t    width: 100% !important;\n\t\t\t}\n\t\t  <\/style>\n\t\t  ","protected":false},"excerpt":{"rendered":"<p>eloriente.net 31 de julio de 2013 eloriente.net (Oaxaca, Oax.) 31 de julio de 2013.- El Concurso Latinoamericano de Animaci\u00f3n XicoFest 2013, cuya convocatoria cierra el pr\u00f3ximo 15 de septiembre, premiar\u00e1 con una semana en Francia, donde el ganador har\u00e1 un recorrido al departamento Animaci\u00f3n del ISARTDIGITAL\u2013 reconocida escuela de animaci\u00f3n y game design en Par\u00eds\u2013, [&hellip;]<\/p>\n","protected":false},"author":1,"featured_media":15385,"comment_status":"open","ping_status":"open","sticky":false,"template":"","format":"standard","meta":{"_jetpack_memberships_contains_paid_content":false,"footnotes":""},"categories":[26,18,32,10,24,31],"tags":[],"class_list":["post-15337","post","type-post","status-publish","format-standard","has-post-thumbnail","hentry","category-convocatorias","category-educacion-y-cultura","category-entradas","category-lo-mas-reciente","category-mexico-y-el-mundo","category-principal"],"jetpack_featured_media_url":"http:\/\/www.eloriente.net\/home\/wp-content\/uploads\/2013\/07\/xico.jpg","jetpack_sharing_enabled":true,"_links":{"self":[{"href":"http:\/\/www.eloriente.net\/home\/wp-json\/wp\/v2\/posts\/15337"}],"collection":[{"href":"http:\/\/www.eloriente.net\/home\/wp-json\/wp\/v2\/posts"}],"about":[{"href":"http:\/\/www.eloriente.net\/home\/wp-json\/wp\/v2\/types\/post"}],"author":[{"embeddable":true,"href":"http:\/\/www.eloriente.net\/home\/wp-json\/wp\/v2\/users\/1"}],"replies":[{"embeddable":true,"href":"http:\/\/www.eloriente.net\/home\/wp-json\/wp\/v2\/comments?post=15337"}],"version-history":[{"count":9,"href":"http:\/\/www.eloriente.net\/home\/wp-json\/wp\/v2\/posts\/15337\/revisions"}],"predecessor-version":[{"id":15340,"href":"http:\/\/www.eloriente.net\/home\/wp-json\/wp\/v2\/posts\/15337\/revisions\/15340"}],"wp:featuredmedia":[{"embeddable":true,"href":"http:\/\/www.eloriente.net\/home\/wp-json\/wp\/v2\/media\/15385"}],"wp:attachment":[{"href":"http:\/\/www.eloriente.net\/home\/wp-json\/wp\/v2\/media?parent=15337"}],"wp:term":[{"taxonomy":"category","embeddable":true,"href":"http:\/\/www.eloriente.net\/home\/wp-json\/wp\/v2\/categories?post=15337"},{"taxonomy":"post_tag","embeddable":true,"href":"http:\/\/www.eloriente.net\/home\/wp-json\/wp\/v2\/tags?post=15337"}],"curies":[{"name":"wp","href":"https:\/\/api.w.org\/{rel}","templated":true}]}}