{"id":15343,"date":"2013-07-31T09:15:53","date_gmt":"2013-07-31T15:15:53","guid":{"rendered":"http:\/\/www.eloriente.net\/home\/?p=15343"},"modified":"2013-07-31T18:11:03","modified_gmt":"2013-08-01T00:11:03","slug":"1agosto13-inicia-taller-de-paisaje-sonoro-ii-en-biblioteca-henestrosa","status":"publish","type":"post","link":"http:\/\/www.eloriente.net\/home\/2013\/07\/31\/1agosto13-inicia-taller-de-paisaje-sonoro-ii-en-biblioteca-henestrosa\/","title":{"rendered":"1\/agosto\/13 Inicia \u00abTaller de Paisaje Sonoro II\u00bb en Biblioteca Henestrosa"},"content":{"rendered":"<p>todooaxacaradio.com<\/p>\n<p>31 de julio de 2013<\/p>\n<p>La Biblioteca Andr\u00e9s Henestrosa invita al \u00abTaller Paisaje Sonoro II\u00bb impartido por el maestro Vladimir Flores Garc\u00eda \u2013radicalista y artesano multimedia con estudios en la Escuela Nacional de Artes Pl\u00e1sticas de la UNAM\u2013, el cual se llevar\u00e1 a cabo del 1 al 17 de agosto de 2013 en las instalaciones de este espacio cultural.<\/p>\n<p>Dirigido a j\u00f3venes y adultos, el taller se basa en la pr\u00e1ctica de <strong>grabaciones de campo<\/strong> como punto de partida para estructuras metodol\u00f3gicas colaborativas de la <strong>escucha<\/strong>. Ofrece tambi\u00e9n una revisi\u00f3n de las <strong>tecnolog\u00edas de comunicaci\u00f3n auditiva<\/strong> para generar procesos de interacci\u00f3n en espacios significativos de la ciudad de <strong>Oaxaca<\/strong>.<\/p>\n<p>Los participantes contribuir\u00e1n a la <strong>creaci\u00f3n colectiva<\/strong> de un archivo documental del paisaje sonoro de zonas predeterminadas de su <strong>medio ambiente cotidiano<\/strong>. Este taller, adem\u00e1s de promover pr\u00e1cticas personales de la escucha y del <strong>registro fonogr\u00e1fico<\/strong> en entornos significativos, realizar\u00e1 un conjunto de <strong>composiciones<\/strong> o <strong>narrativas sonoras<\/strong> que puedan ser distribuidas en programas de <strong>radio cultural<\/strong> y a trav\u00e9s de la <strong>red.<\/strong><\/p>\n<p><strong><\/strong>El horario en el que este taller ser\u00e1 impartido ser\u00e1 los martes, jueves y s\u00e1bados, de 17:00 a 19:00 horas, en la Biblioteca Henestrosa ubicada en la calle Porfirio D\u00edaz 115, esquina con Morelos, en el Centro Hist\u00f3rico de la Ciudad de Oaxaca.<\/p>\n<p>El primer Taller de Paisaje Sonoro fue impartido del 3 al 15 de junio de este a\u00f1o, se trat\u00f3 de una capacitaci\u00f3n en tecnolog\u00edas de la escucha y composici\u00f3n de narrativas sonoras desde la comunicaci\u00f3n auditiva del espacio sociocultural.<\/p>\n<p>Flores Garc\u00eda est\u00e1 especializado en tecnolog\u00edas digitales de la comunicaci\u00f3n e informaci\u00f3n (TIC). Desde el a\u00f1o 2000 colabora como productor radiof\u00f3nico para medios independientes y comunitarios de Am\u00e9rica Latina, (Radio UNAM de M\u00e9xico, Red ALER), Estados Unidos (Red Pac\u00edfica, FSRN) y Europa (Radio Neederland). Desde 2004 es corresponsal en Oaxaca de la Cadena Radio Biling\u00fce de California, E.U. Su obra cultural se caracteriza por el cruce paradigm\u00e1tico del lenguaje audiovisual, los medios de comunicaci\u00f3n y el c\u00f3digo abierto. Ha participado en exhibiciones, conferencias y exposiciones en M\u00e9xico, Holanda, Catalu\u00f1a, Estados Unidos y Colombia.<\/p>\n<p>Para mayor informes pueden comunicarse al tel\u00e9fono 516-9715<\/p>\n<p><a href=\"http:\/\/www.eloriente.net\/home\/wp-content\/uploads\/2013\/07\/sonoroweb.jpg\"><img loading=\"lazy\" decoding=\"async\" class=\"aligncenter size-full wp-image-15361\" title=\"Print\" src=\"http:\/\/www.eloriente.net\/home\/wp-content\/uploads\/2013\/07\/sonoroweb.jpg\" alt=\"\" width=\"550\" height=\"850\" srcset=\"http:\/\/www.eloriente.net\/home\/wp-content\/uploads\/2013\/07\/sonoroweb.jpg 550w, http:\/\/www.eloriente.net\/home\/wp-content\/uploads\/2013\/07\/sonoroweb-194x300.jpg 194w\" sizes=\"(max-width: 550px) 100vw, 550px\" \/><\/a><\/p>\n<p>&nbsp;<\/p>\n<p>&nbsp;<\/p>\n\n\t\t\t  <div \n\t\t\t  \tclass = \"fb-comments\" \n\t\t\t  \tdata-href = \"http:\/\/www.eloriente.net\/home\/2013\/07\/31\/1agosto13-inicia-taller-de-paisaje-sonoro-ii-en-biblioteca-henestrosa\/\"\n\t\t\t  \tdata-numposts = \"10\"\n\t\t\t\tdata-colorscheme = \"dark\"\n\t\t\t\tdata-order-by = \"social\"\n\t\t\t\tdata-mobile=true>\n\t\t\t  <\/div>\n\t\t  <style>\n\t\t\t.fb_iframe_widget_fluid_desktop iframe {\n\t\t\t    width: 100% !important;\n\t\t\t}\n\t\t  <\/style>\n\t\t  ","protected":false},"excerpt":{"rendered":"<p>todooaxacaradio.com 31 de julio de 2013 La Biblioteca Andr\u00e9s Henestrosa invita al \u00abTaller Paisaje Sonoro II\u00bb impartido por el maestro Vladimir Flores Garc\u00eda \u2013radicalista y artesano multimedia con estudios en la Escuela Nacional de Artes Pl\u00e1sticas de la UNAM\u2013, el cual se llevar\u00e1 a cabo del 1 al 17 de agosto de 2013 en las [&hellip;]<\/p>\n","protected":false},"author":1,"featured_media":15361,"comment_status":"open","ping_status":"open","sticky":false,"template":"","format":"standard","meta":{"_jetpack_memberships_contains_paid_content":false,"footnotes":""},"categories":[8,29,18,32,10],"tags":[],"class_list":["post-15343","post","type-post","status-publish","format-standard","has-post-thumbnail","hentry","category-agenda","category-capital","category-educacion-y-cultura","category-entradas","category-lo-mas-reciente"],"jetpack_featured_media_url":"http:\/\/www.eloriente.net\/home\/wp-content\/uploads\/2013\/07\/sonoroweb.jpg","jetpack_sharing_enabled":true,"_links":{"self":[{"href":"http:\/\/www.eloriente.net\/home\/wp-json\/wp\/v2\/posts\/15343"}],"collection":[{"href":"http:\/\/www.eloriente.net\/home\/wp-json\/wp\/v2\/posts"}],"about":[{"href":"http:\/\/www.eloriente.net\/home\/wp-json\/wp\/v2\/types\/post"}],"author":[{"embeddable":true,"href":"http:\/\/www.eloriente.net\/home\/wp-json\/wp\/v2\/users\/1"}],"replies":[{"embeddable":true,"href":"http:\/\/www.eloriente.net\/home\/wp-json\/wp\/v2\/comments?post=15343"}],"version-history":[{"count":9,"href":"http:\/\/www.eloriente.net\/home\/wp-json\/wp\/v2\/posts\/15343\/revisions"}],"predecessor-version":[{"id":15345,"href":"http:\/\/www.eloriente.net\/home\/wp-json\/wp\/v2\/posts\/15343\/revisions\/15345"}],"wp:featuredmedia":[{"embeddable":true,"href":"http:\/\/www.eloriente.net\/home\/wp-json\/wp\/v2\/media\/15361"}],"wp:attachment":[{"href":"http:\/\/www.eloriente.net\/home\/wp-json\/wp\/v2\/media?parent=15343"}],"wp:term":[{"taxonomy":"category","embeddable":true,"href":"http:\/\/www.eloriente.net\/home\/wp-json\/wp\/v2\/categories?post=15343"},{"taxonomy":"post_tag","embeddable":true,"href":"http:\/\/www.eloriente.net\/home\/wp-json\/wp\/v2\/tags?post=15343"}],"curies":[{"name":"wp","href":"https:\/\/api.w.org\/{rel}","templated":true}]}}