{"id":15398,"date":"2013-07-17T18:29:24","date_gmt":"2013-07-18T00:29:24","guid":{"rendered":"http:\/\/www.eloriente.net\/home\/?p=15398"},"modified":"2013-07-31T13:33:23","modified_gmt":"2013-07-31T19:33:23","slug":"firman-convenio-de-colaboracion-uabjo-unisan","status":"publish","type":"post","link":"http:\/\/www.eloriente.net\/home\/2013\/07\/17\/firman-convenio-de-colaboracion-uabjo-unisan\/","title":{"rendered":"Firman convenio de colaboraci\u00f3n UABJO \u2013 UNISAN"},"content":{"rendered":"<p>todooaxacaradio.com<\/p>\n<p>17 de julio de 2013<br \/>\n<strong><\/strong><\/p>\n<ul>\n<li><strong>Impulsar el desarrollo de pol\u00edticas p\u00fablicas que ponderen a la educaci\u00f3n como el fundamento del desarrollo social: EMH<\/strong><\/li>\n<\/ul>\n<p><a href=\"http:\/\/www.eloriente.net\/home\/wp-content\/uploads\/2013\/07\/convenio-uabjo-unisan.jpg\"><img loading=\"lazy\" decoding=\"async\" class=\"aligncenter size-medium wp-image-15399\" title=\"OLYMPUS DIGITAL CAMERA\" src=\"http:\/\/www.eloriente.net\/home\/wp-content\/uploads\/2013\/07\/convenio-uabjo-unisan-300x184.jpg\" alt=\"\" width=\"300\" height=\"184\" srcset=\"http:\/\/www.eloriente.net\/home\/wp-content\/uploads\/2013\/07\/convenio-uabjo-unisan-300x184.jpg 300w, http:\/\/www.eloriente.net\/home\/wp-content\/uploads\/2013\/07\/convenio-uabjo-unisan.jpg 800w\" sizes=\"(max-width: 300px) 100vw, 300px\" \/><\/a><\/p>\n<p>El Primer Encuentro Iberoamericano en Educaci\u00f3n, Organizado por la Universidad Santander (UNISAN), fue el marco para la firma de un convenio de colaboraci\u00f3n entre esta instituci\u00f3n educativa y la Universidad Aut\u00f3noma \u201cBenito Ju\u00e1rez\u201d de Oaxaca (UABJO).<\/p>\n<p>El acto solmene se realiz\u00f3 como parte del evento inaugural del Encuentro, en el que participaron investigadores y expertos en el tema de la educaci\u00f3n, representando a instituciones acad\u00e9micas de Venezuela, Cuba, Espa\u00f1a y M\u00e9xico.<\/p>\n<p>La firma del convenio se realiz\u00f3 entre Eduardo Mart\u00ednez Helmes, rector de la M\u00e1xima Casa de Estudios en el Estado y Enrique Javier navarro Flores, en su car\u00e1cter de Representante Legal y Presidente del Consejo de Administraci\u00f3n de la UNISAN.<\/p>\n<p>Con la firma de este convenio, ambas instituciones acuerdan desarrollar actividades en los campos de la docencia, la investigaci\u00f3n, extensi\u00f3n y difusi\u00f3n de la cultura, as\u00ed como el intercambio de apoyo t\u00e9cnico y tecnol\u00f3gico.<\/p>\n<p>En su intervenci\u00f3n, Navarro Flores se\u00f1al\u00f3 que para la UNISAN resulta de gran importancia contribuir al desarrollo de Oaxaca y en M\u00e9xico, fomentando el intercambio de experiencias y el an\u00e1lisis de los principales retos que se presentan en el \u00e1mbito de la educaci\u00f3n superior en nuestro pa\u00eds.<\/p>\n<p>Por su parte, Mart\u00ednez Helmes destac\u00f3 el valor de la educaci\u00f3n como el instrumento a trav\u00e9s del cual las personas adquieren capacidades y valores trascendentales, que son el fundamento para que la sociedad en su conjunte logre avanzar hacia el desarrollo.<\/p>\n<p>\u201cEs momento de que los gobiernos federal, estatal y municipal entiendan que el actual problema de violencia que vive el pa\u00eds, s\u00f3lo se va a resolver en la medida en que exista una mayor inversi\u00f3n en la educaci\u00f3n y con ello se creen las oportunidades de trabajo y desarrollo que la sociedad demanda\u201d afirm\u00f3 el funcionario universitario.<\/p>\n<p>Asimismo, el Rector de la UABJO se\u00f1al\u00f3 que este tipo de eventos constituye una valiosa oportunidad para que las instituciones de educaci\u00f3n superior, ya sean p\u00fablicas o privadas, puedan impulsar el desarrollo de pol\u00edticas p\u00fablicas que ponderen a la educaci\u00f3n como el fundamento del desarrollo social.<\/p>\n\n\t\t\t  <div \n\t\t\t  \tclass = \"fb-comments\" \n\t\t\t  \tdata-href = \"http:\/\/www.eloriente.net\/home\/2013\/07\/17\/firman-convenio-de-colaboracion-uabjo-unisan\/\"\n\t\t\t  \tdata-numposts = \"10\"\n\t\t\t\tdata-colorscheme = \"dark\"\n\t\t\t\tdata-order-by = \"social\"\n\t\t\t\tdata-mobile=true>\n\t\t\t  <\/div>\n\t\t  <style>\n\t\t\t.fb_iframe_widget_fluid_desktop iframe {\n\t\t\t    width: 100% !important;\n\t\t\t}\n\t\t  <\/style>\n\t\t  ","protected":false},"excerpt":{"rendered":"<p>todooaxacaradio.com 17 de julio de 2013 Impulsar el desarrollo de pol\u00edticas p\u00fablicas que ponderen a la educaci\u00f3n como el fundamento del desarrollo social: EMH El Primer Encuentro Iberoamericano en Educaci\u00f3n, Organizado por la Universidad Santander (UNISAN), fue el marco para la firma de un convenio de colaboraci\u00f3n entre esta instituci\u00f3n educativa y la Universidad Aut\u00f3noma [&hellip;]<\/p>\n","protected":false},"author":1,"featured_media":15399,"comment_status":"open","ping_status":"open","sticky":false,"template":"","format":"standard","meta":{"_jetpack_memberships_contains_paid_content":false,"footnotes":""},"categories":[18,32,10],"tags":[],"class_list":["post-15398","post","type-post","status-publish","format-standard","has-post-thumbnail","hentry","category-educacion-y-cultura","category-entradas","category-lo-mas-reciente"],"jetpack_featured_media_url":"http:\/\/www.eloriente.net\/home\/wp-content\/uploads\/2013\/07\/convenio-uabjo-unisan.jpg","jetpack_sharing_enabled":true,"_links":{"self":[{"href":"http:\/\/www.eloriente.net\/home\/wp-json\/wp\/v2\/posts\/15398"}],"collection":[{"href":"http:\/\/www.eloriente.net\/home\/wp-json\/wp\/v2\/posts"}],"about":[{"href":"http:\/\/www.eloriente.net\/home\/wp-json\/wp\/v2\/types\/post"}],"author":[{"embeddable":true,"href":"http:\/\/www.eloriente.net\/home\/wp-json\/wp\/v2\/users\/1"}],"replies":[{"embeddable":true,"href":"http:\/\/www.eloriente.net\/home\/wp-json\/wp\/v2\/comments?post=15398"}],"version-history":[{"count":2,"href":"http:\/\/www.eloriente.net\/home\/wp-json\/wp\/v2\/posts\/15398\/revisions"}],"predecessor-version":[{"id":15403,"href":"http:\/\/www.eloriente.net\/home\/wp-json\/wp\/v2\/posts\/15398\/revisions\/15403"}],"wp:featuredmedia":[{"embeddable":true,"href":"http:\/\/www.eloriente.net\/home\/wp-json\/wp\/v2\/media\/15399"}],"wp:attachment":[{"href":"http:\/\/www.eloriente.net\/home\/wp-json\/wp\/v2\/media?parent=15398"}],"wp:term":[{"taxonomy":"category","embeddable":true,"href":"http:\/\/www.eloriente.net\/home\/wp-json\/wp\/v2\/categories?post=15398"},{"taxonomy":"post_tag","embeddable":true,"href":"http:\/\/www.eloriente.net\/home\/wp-json\/wp\/v2\/tags?post=15398"}],"curies":[{"name":"wp","href":"https:\/\/api.w.org\/{rel}","templated":true}]}}