{"id":15441,"date":"2013-10-09T10:48:09","date_gmt":"2013-10-09T16:48:09","guid":{"rendered":"http:\/\/www.eloriente.net\/home\/?p=15441"},"modified":"2013-10-09T18:19:09","modified_gmt":"2013-10-10T00:19:09","slug":"presentan-programa-del-festival-internacional-cervantino-2013","status":"publish","type":"post","link":"http:\/\/www.eloriente.net\/home\/2013\/10\/09\/presentan-programa-del-festival-internacional-cervantino-2013\/","title":{"rendered":"Programa del Festival Internacional Cervantino 2013"},"content":{"rendered":"<p>eloriente.net \/Festival Cervantino<\/p>\n<p><strong>Actualizaci\u00f3n:<\/strong><\/p>\n<p><strong>9 de octubre de 2013<\/strong><\/p>\n<p>Sigue El Cervantino por TV:<\/p>\n<p><a href=\"http:\/\/www.eloriente.net\/home\/wp-content\/uploads\/2013\/09\/Programacion-Cervantino-TV-eloriente.net_.png\"><img loading=\"lazy\" decoding=\"async\" class=\"alignnone size-medium wp-image-16871 aligncenter\" title=\"Programacion Cervantino TV eloriente.net\" src=\"http:\/\/www.eloriente.net\/home\/wp-content\/uploads\/2013\/09\/Programacion-Cervantino-TV-eloriente.net_-300x254.png\" alt=\"\" width=\"300\" height=\"254\" srcset=\"http:\/\/www.eloriente.net\/home\/wp-content\/uploads\/2013\/09\/Programacion-Cervantino-TV-eloriente.net_-300x254.png 300w, http:\/\/www.eloriente.net\/home\/wp-content\/uploads\/2013\/09\/Programacion-Cervantino-TV-eloriente.net_.png 750w\" sizes=\"(max-width: 300px) 100vw, 300px\" \/><\/a><\/p>\n<p>&nbsp;<\/p>\n<p><strong>13 de septiembre de 2013<\/strong><\/p>\n<p><strong>Actualizaci\u00f3n.<\/strong><\/p>\n<p>A menos de un mes del inicio del Festival, la programaci\u00f3n del evento cultural m\u00e1s importante de M\u00e9xico est\u00e1 consolidada. Como se anunci\u00f3 en su momento, gira alrededor de ciertos ejes b\u00e1sicos, los que han denominado \u00abEl Arte de la Libertad\u00bb, \u00abVerdi vs. Wagner\u00bb y por supuesto la presencia de los invitados de honor: Uruguay y Puebla.<\/p>\n<p>El <a href=\"http:\/\/www.festivalcervantino.gob.mx\/public\/Schedule\" target=\"_blank\">Calendario<\/a> de actividades en cada eje presenta algunas de las expresiones m\u00e1s destacadas en M\u00e9xico y en el mundo.<\/p>\n<p>Por ejemplo, para el relacionado con <a href=\"http:\/\/www.festivalcervantino.gob.mx\/public\/Filter\/0\" target=\"_blank\">El Arte de la Libertad<\/a>, resalta la presencia de Daniel Viglietti con \u00abCanciones Humanas\u00bb el 13 de octubre; Goran Bregovic y su banda de bodas y funerales el 11; as\u00ed como la gran Ute Lemper con \u00ab\u00daltima Noche en Berl\u00edn\u00bb.<\/p>\n<p>Por su parte, para <a href=\"http:\/\/www.festivalcervantino.gob.mx\/public\/Filter\/1\" target=\"_blank\">Verdi vs. Wagner<\/a>, se tiene programado a Edison Quintana en el piano para el 26 octubre; El oro del Rhin (Verdi vs. Wagner en pantalla gigante); entre otros.<\/p>\n<p><a href=\"http:\/\/www.festivalcervantino.gob.mx\/public\/Filter\/5\" target=\"_blank\">Puebla<\/a> acudir\u00e1 al Festival con diversas presentaciones y espect\u00e1culos, entre ellos, la Compa\u00f1\u00eda de Teatro del Estado de Puebla presentar\u00e1 \u00abAzulejos Poblanos\u00bb; as\u00ed como una muestra de la pl\u00e1stica poblana con Jos\u00e9 Lazcarro, Gerardo Ramos Brito y Patricia Fabre.<\/p>\n<p>En cuanto al pa\u00eds invitado, <a href=\"http:\/\/www.festivalcervantino.gob.mx\/public\/Filter\/5\" target=\"_blank\">Uruguay<\/a>, Rub\u00e9n Rada, Edison Quintana y Franja de Carolina Besuievsky, encabezan una programaci\u00f3n variada y multidisciplinaria.<\/p>\n<p>En cada caso, ELORIENTE.NET ha activado los v\u00ednculos respectivos para que solamente hagas click en cada caso y podr\u00e1s revisar la programaci\u00f3n respectiva.<\/p>\n<p>Adicionalmente, revisa la <a href=\"http:\/\/www.festivalcervantino.gob.mx\/Content\/publicfiles\/SabanaFIC2013.pdf\" target=\"_blank\">s\u00e1bana program\u00e1tica<\/a> del Festival o desc\u00e1rgate la <a href=\"http:\/\/www.festivalcervantino.gob.mx\/Content\/publicfiles\/RevistaCervantina.pdf\" target=\"_blank\">Revista Cervantina<\/a>.<\/p>\n<p><a href=\"http:\/\/www.eloriente.net\/home\/wp-content\/uploads\/2013\/08\/Cervantino-LIbertad.jpg\"><img loading=\"lazy\" decoding=\"async\" class=\"alignnone  wp-image-16426\" title=\"Cervantino LIbertad\" src=\"http:\/\/www.eloriente.net\/home\/wp-content\/uploads\/2013\/08\/Cervantino-LIbertad.jpg\" alt=\"\" width=\"505\" height=\"242\" srcset=\"http:\/\/www.eloriente.net\/home\/wp-content\/uploads\/2013\/08\/Cervantino-LIbertad.jpg 842w, http:\/\/www.eloriente.net\/home\/wp-content\/uploads\/2013\/08\/Cervantino-LIbertad-300x143.jpg 300w\" sizes=\"(max-width: 505px) 100vw, 505px\" \/><\/a><\/p>\n<p>&nbsp;<\/p>\n<p>&nbsp;<\/p>\n<p><strong>eloriente.net\/ Conaculta<\/strong><\/p>\n<p>1 de agosto de 2013<\/p>\n<p>eloriente.net (Oaxaca, Oax.) 1 de agosto de 2013.- El pasado martes 30 de julio de 2013, fue presentado en conferencia de prensa el programa y los objetivos de la 41 edici\u00f3n del Festival Internacional Cervantino que se llevar\u00e1 a cabo del 9 al 27 de octubre en la ciuda de Guanajuato, el cual contempla<strong> cerca de 450 actividades art\u00edsticas en distintas disciplinas<\/strong> y la participaci\u00f3n de <strong>m\u00e1s de 2 mil 700 artistas de 31 pa\u00edses.<\/strong><\/p>\n<p><strong><\/strong>Jorge Volpi, director general del Festival, dio a conocer que esta edici\u00f3n contar\u00e1 con dos ejes tem\u00e1ticos, el primero titulado <strong>El arte de la libertad<\/strong>, dedicado a honrar a aquellos artistas, de distintas \u00e9pocas y disciplinas, que se han enfrentado a la violencia, la discriminaci\u00f3n o la injusticia y han reaccionando frente a ellas a trav\u00e9s de sus obras; y el segundo celebrar\u00e1 el bicentenario del nacimiento de Giuseppe Verdi y Richard Wagner propiciando un enfrentamiento l\u00fadico entre ellos.<\/p>\n<p>\u201cEl Festival Internacional Cervantino es una de citas art\u00edsticas m\u00e1s importantes de Am\u00e9rica Latina y el mundo, uno de los m\u00e1s grandes orgullos del pa\u00eds\u201d, coment\u00f3 Volpi.<\/p>\n<p>En este a\u00f1o los invitados de honor ser\u00e1n el estado de Puebla y Uruguay, de este pa\u00eds vendr\u00e1n al festival 46 artistas, como los cantautores Rub\u00e9n Rada y Daniel Viglietti; el Ballet del Sodre bajo la direcci\u00f3n de Julio Bocca; el director de orquesta, Jos\u00e9 Serebrier; de Puebla el grupo de m\u00fasica antigua Los Tonos Humanos y el chelista Juan Hermida.<\/p>\n<p>En la programaci\u00f3n musical destaca la participaci\u00f3n de las orquestas Sinf\u00f3nica de Pek\u00edn, Camerata Ireland, Sinf\u00f3nica Nacional de Costa Rica, Barroca de Friburgo y la agrupaci\u00f3n italiana Modo Antiquo. Tambi\u00e9n est\u00e1 presente la pianista irland\u00e9s Barry Douglas, la soprano Vivica Genaux, la actriz y cantante portuguesa Mar\u00eda de Medeiros, el fadista Ant\u00f3nio Zambujo, el tr\u00edo canadiense The Lost Fingers, el DJ brasile\u00f1o Am\u00f3n T\u00f3bin y el colectivo de m\u00fasica electr\u00f3nica A Tribe Called Red y para mostrar diversidad tambi\u00e9n estar\u00e1 la m\u00fasica de Pat\u00e9 de Fu\u00e1 y Kinky.<\/p>\n<p>El presidente del Consejo Naconal para la Cultura y las Artes (Conaculta), Rafael Tovar y de Teresa, inform\u00f3 que las actividades del FIC no solo se concentrar\u00e1n en la ciudad de Guanajuato, sino que se extender\u00e1 a otras ciudades importantes del estado, adem\u00e1s de que los espect\u00e1culos viajar\u00e1n a otros lugares de la Rep\u00fablica, como una continuaci\u00f3n para difundir lo mejor de M\u00e9xico en nuestro territorio.<\/p>\n<p>Para mayor informaci\u00f3n sobre el Festival da click <a href=\"http:\/\/www.festivalcervantino.gob.mx\" target=\"_blank\">AQU\u00cd.<\/a><\/p>\n<p>@El_Oriente te comparte el v\u00eddeo del lanzamiento del FIC 2013.<\/p>\n<p><iframe loading=\"lazy\" src=\"\/\/www.youtube.com\/embed\/OlrICcO9Iio\" frameborder=\"0\" width=\"560\" height=\"315\"><\/iframe><\/p>\n<p><a href=\"http:\/\/www.eloriente.net\/home\/wp-content\/uploads\/2013\/08\/Festival-internacional-cervantino.jpg\"><img loading=\"lazy\" decoding=\"async\" class=\"aligncenter size-medium wp-image-15443\" title=\"Festival internacional cervantino\" src=\"http:\/\/www.eloriente.net\/home\/wp-content\/uploads\/2013\/08\/Festival-internacional-cervantino-300x199.jpg\" alt=\"\" width=\"300\" height=\"199\" srcset=\"http:\/\/www.eloriente.net\/home\/wp-content\/uploads\/2013\/08\/Festival-internacional-cervantino-300x199.jpg 300w, http:\/\/www.eloriente.net\/home\/wp-content\/uploads\/2013\/08\/Festival-internacional-cervantino.jpg 800w\" sizes=\"(max-width: 300px) 100vw, 300px\" \/><\/a><\/p>\n<p>Foto:<a href=\"https:\/\/www.facebook.com\/cervantino.festival\" target=\"_blank\"> Festival Internacional Cervantino M\u00e9xico<\/a><\/p>\n<p>&nbsp;<\/p>\n<p>&nbsp;<\/p>\n<p>&nbsp;<\/p>\n\n\t\t\t  <div \n\t\t\t  \tclass = \"fb-comments\" \n\t\t\t  \tdata-href = \"http:\/\/www.eloriente.net\/home\/2013\/10\/09\/presentan-programa-del-festival-internacional-cervantino-2013\/\"\n\t\t\t  \tdata-numposts = \"10\"\n\t\t\t\tdata-colorscheme = \"dark\"\n\t\t\t\tdata-order-by = \"social\"\n\t\t\t\tdata-mobile=true>\n\t\t\t  <\/div>\n\t\t  <style>\n\t\t\t.fb_iframe_widget_fluid_desktop iframe {\n\t\t\t    width: 100% !important;\n\t\t\t}\n\t\t  <\/style>\n\t\t  ","protected":false},"excerpt":{"rendered":"<p>eloriente.net \/Festival Cervantino Actualizaci\u00f3n: 9 de octubre de 2013 Sigue El Cervantino por TV: &nbsp; 13 de septiembre de 2013 Actualizaci\u00f3n. A menos de un mes del inicio del Festival, la programaci\u00f3n del evento cultural m\u00e1s importante de M\u00e9xico est\u00e1 consolidada. Como se anunci\u00f3 en su momento, gira alrededor de ciertos ejes b\u00e1sicos, los que [&hellip;]<\/p>\n","protected":false},"author":1,"featured_media":16426,"comment_status":"open","ping_status":"open","sticky":false,"template":"","format":"standard","meta":{"_jetpack_memberships_contains_paid_content":false,"footnotes":""},"categories":[8,18,32,10,24,31],"tags":[],"class_list":["post-15441","post","type-post","status-publish","format-standard","has-post-thumbnail","hentry","category-agenda","category-educacion-y-cultura","category-entradas","category-lo-mas-reciente","category-mexico-y-el-mundo","category-principal"],"jetpack_featured_media_url":"http:\/\/www.eloriente.net\/home\/wp-content\/uploads\/2013\/08\/Cervantino-LIbertad.jpg","jetpack_sharing_enabled":true,"_links":{"self":[{"href":"http:\/\/www.eloriente.net\/home\/wp-json\/wp\/v2\/posts\/15441"}],"collection":[{"href":"http:\/\/www.eloriente.net\/home\/wp-json\/wp\/v2\/posts"}],"about":[{"href":"http:\/\/www.eloriente.net\/home\/wp-json\/wp\/v2\/types\/post"}],"author":[{"embeddable":true,"href":"http:\/\/www.eloriente.net\/home\/wp-json\/wp\/v2\/users\/1"}],"replies":[{"embeddable":true,"href":"http:\/\/www.eloriente.net\/home\/wp-json\/wp\/v2\/comments?post=15441"}],"version-history":[{"count":7,"href":"http:\/\/www.eloriente.net\/home\/wp-json\/wp\/v2\/posts\/15441\/revisions"}],"predecessor-version":[{"id":15445,"href":"http:\/\/www.eloriente.net\/home\/wp-json\/wp\/v2\/posts\/15441\/revisions\/15445"}],"wp:featuredmedia":[{"embeddable":true,"href":"http:\/\/www.eloriente.net\/home\/wp-json\/wp\/v2\/media\/16426"}],"wp:attachment":[{"href":"http:\/\/www.eloriente.net\/home\/wp-json\/wp\/v2\/media?parent=15441"}],"wp:term":[{"taxonomy":"category","embeddable":true,"href":"http:\/\/www.eloriente.net\/home\/wp-json\/wp\/v2\/categories?post=15441"},{"taxonomy":"post_tag","embeddable":true,"href":"http:\/\/www.eloriente.net\/home\/wp-json\/wp\/v2\/tags?post=15441"}],"curies":[{"name":"wp","href":"https:\/\/api.w.org\/{rel}","templated":true}]}}