{"id":15588,"date":"2013-08-09T16:29:56","date_gmt":"2013-08-09T22:29:56","guid":{"rendered":"http:\/\/www.eloriente.net\/home\/?p=15588"},"modified":"2013-08-10T09:18:28","modified_gmt":"2013-08-10T15:18:28","slug":"el-estado-de-la-juventud-en-oaxaca-inegi-parte-1","status":"publish","type":"post","link":"http:\/\/www.eloriente.net\/home\/2013\/08\/09\/el-estado-de-la-juventud-en-oaxaca-inegi-parte-1\/","title":{"rendered":"El Estado de la Juventud en Oaxaca: INEGI (Parte 1)"},"content":{"rendered":"<p>eloriente.net \/INEGI<\/p>\n<p>9 de agosto de 2013<\/p>\n<p>eloriente.net (Oaxaca, Oax. a 9 de agosto de 2013).- En ocasi\u00f3n del D\u00eda Internacional de la Juventud a celebrarse el 12 de agosto, el Instituto Nacional de Geograf\u00eda y Estad\u00edstica (INEGI) ha hecho p\u00fablico un exhaustivo documento sobre el estado de la juventud en Oaxaca.<\/p>\n<p>Este documento, que toca temas relacionados con la seguridad ciudadana, aspectos demogr\u00e1ficos, la salud, la educaci\u00f3n, la violencia, entre muchos otros, destaca que:<\/p>\n<ul>\n<li><strong>En 2012, en Oaxaca resid\u00edan poco m\u00e1s de un mill\u00f3n de <\/strong><strong>j\u00f3venes de 15 a 29 a\u00f1os, monto que representa 26.5% de la poblaci\u00f3n total.<\/strong><strong><\/strong><\/li>\n<li><strong>En el primer trimestre de 2013 la tasa de desocupaci\u00f3n en los j\u00f3venes de la entidad es de 4.8 por ciento.<\/strong><\/li>\n<li><strong>La mitad de los j\u00f3venes ocupados con estudios profesionales terminados labora en ocupaciones en donde no aplica las habilidades de la formaci\u00f3n recibida.<\/strong><\/li>\n<li><strong>En 2012, 15.4% de los nacimientos ocurridos en la entidad, corresponden a madres que tienen entre 15 y 19 a\u00f1os de edad.<\/strong><\/li>\n<li><strong>De acuerdo con las estad\u00edsticas de mortalidad, en 2011 fallecieron aproximadamente un mil 028 j\u00f3venes, lo que en t\u00e9rminos porcentuales representa 4.9% de las defunciones totales.<\/strong><\/li>\n<li><strong>De acuerdo a datos de la ENVIPE los temas que preocupan m\u00e1s a la poblaci\u00f3n joven son el desempleo y la inseguridad (44.8 y 41.7%, respectivamente). <\/strong><\/li>\n<li><strong>En 2010, 24.3% de los j\u00f3venes con discapacidad usan los servicios privados para atender sus problemas de salud.<\/strong><\/li>\n<\/ul>\n<div>Por tratarse de un tema sensible e importante para el estado de Oaxaca, ELORIENTE.NET ha decidido compartir con nuestros lectores el documento \u00edntegro que hemos referido. Para facilitar su consulta y lectura hemos de <strong>dividir su publicaci\u00f3n en 3 partes mismas que se publicar\u00e1n el 9, 10 y 11 de agosto<\/strong>, de tal manera que el 12 tengamos ya toda la informaci\u00f3n del tema.<\/div>\n<div><\/div>\n<div>Gracias por supuesto al INEGI por su generosidad para con ELORIENTE.NET y sus lectores. A continuaci\u00f3n el texto \u00edntegro:<\/div>\n<div><\/div>\n<div>El 17 de diciembre de 1999 la Asamblea General de las Naciones Unidas declara el 12 de agosto como el D\u00eda Internacional de la Juventud, celebr\u00e1ndose por primera vez en el a\u00f1o 2000. Con lo anterior, se pretende revisar los alcances que ha tenido el Programa de Acci\u00f3n Mundial para los J\u00f3venes (PAMJ) aprobado en 1995 por la Organizaci\u00f3n de las Naciones Unidas (ONU). Este festejo brinda la oportunidad de concentrar la atenci\u00f3n en los problemas que se relacionan con los j\u00f3venes por medio de foros, discusiones p\u00fablicas y campa\u00f1as de informaci\u00f3n, por lo anterior, el Instituto Nacional de Estad\u00edstica y Geograf\u00eda (INEGI) presenta informaci\u00f3n sociodemogr\u00e1fica acerca de la poblaci\u00f3n joven de 15 a 29 a\u00f1os que reside en Oaxaca.<\/div>\n<p><strong>ALGUNOS DESAF\u00cdOS EMERGENTES <\/strong><\/p>\n<p>Durante la juventud, el individuo se incorpora al mercado laboral, inicia su vida en pareja y forma su propia familia, entre otros aspectos que son propios del curso de vida y que en t\u00e9rminos de pol\u00edtica p\u00fablica resultan ser todo un reto, ya que todos los j\u00f3venes tienen el derecho a tener las oportunidades que garanticen su pleno desarrollo y mejoren su calidad de vida.<\/p>\n<p>En 2012 residen en la entidad poco m\u00e1s de un mill\u00f3n de j\u00f3venes de 15 a 29 a\u00f1os (26.5% de la poblaci\u00f3n total)<a title=\"\" href=\"file:\/\/\/C:\/Users\/Juan%20Pablo\/Downloads\/EAP%20DEL%20D%C3%8DA%20INTERNACIONAL%20DE%20LA%20JUVENTUD_2013%20Oaxaca.doc#_ftn1\">[1]<\/a> que buscan la oportunidad de hacer efectivas sus expectativas de vida; generar dichas oportunidades no s\u00f3lo trae beneficios individuales, sino tambi\u00e9n trae consigo retribuciones sociales de gran trascendencia para el desarrollo del pa\u00eds; as\u00ed lo se\u00f1ala la ONU cuando argumenta que \u201clos j\u00f3venes son un factor determinante en el cambio social, el desarrollo econ\u00f3mico y el progreso t\u00e9cnico de las sociedades en las que viven\u201d.<a title=\"\" href=\"file:\/\/\/C:\/Users\/Juan%20Pablo\/Downloads\/EAP%20DEL%20D%C3%8DA%20INTERNACIONAL%20DE%20LA%20JUVENTUD_2013%20Oaxaca.doc#_ftn2\"><sup><sup>[2]<\/sup><\/sup><\/a> Si su contribuci\u00f3n no se acompa\u00f1a con una pol\u00edtica p\u00fablica que potencialice sus capacidades, entonces \u201clos j\u00f3venes est\u00e1n a menudo desprovistos de las herramientas necesarias para lograr una participaci\u00f3n relevante en las decisiones que afectan sus vidas\u201d.<a title=\"\" href=\"file:\/\/\/C:\/Users\/Juan%20Pablo\/Downloads\/EAP%20DEL%20D%C3%8DA%20INTERNACIONAL%20DE%20LA%20JUVENTUD_2013%20Oaxaca.doc#_ftn3\">[3]<\/a><\/p>\n<ul>\n<li><strong>Educaci\u00f3n <\/strong><\/li>\n<\/ul>\n<p>Uno de los aspectos que ayuda a potencializar el desarrollo de los j\u00f3venes y de la sociedad en su conjunto es la educaci\u00f3n \u201clos pa\u00edses que ya han experimentado importantes y ejemplares procesos de desarrollo, han apostado todos, por la educaci\u00f3n\u201d.<a title=\"\" href=\"file:\/\/\/C:\/Users\/Juan%20Pablo\/Downloads\/EAP%20DEL%20D%C3%8DA%20INTERNACIONAL%20DE%20LA%20JUVENTUD_2013%20Oaxaca.doc#_ftn4\">[4]<\/a> Aunque resulta ser una piedra angular en el desarrollo de la poblaci\u00f3n, en nuestro pa\u00eds residen j\u00f3venes que no cuentan con escolaridad (2.6%) o que s\u00f3lo tienen hasta tres a\u00f1os aprobados en educaci\u00f3n primaria (4.1%); a estos \u00faltimos se les considera analfabetas funcionales toda vez que tienen una alta probabilidad de convertirse en analfabetos por desuso.<a title=\"\" href=\"file:\/\/\/C:\/Users\/Juan%20Pablo\/Downloads\/EAP%20DEL%20D%C3%8DA%20INTERNACIONAL%20DE%20LA%20JUVENTUD_2013%20Oaxaca.doc#_ftn5\">[5]<\/a> No usar la lectoescritura en la vida cotidiana provoca que el ser humano \u201ccarezca del reconocimiento social que merece, presente baja autoestima y poca reflexi\u00f3n cr\u00edtica; sea \u2018v\u00edctima de enga\u00f1os\u2019 y tenga limitaciones a la hora de conocer y de acceder a los derechos individuales que la ley les otorga, entre otros aspectos que son esenciales para la dignidad humana\u201d.<a title=\"\" href=\"file:\/\/\/C:\/Users\/Juan%20Pablo\/Downloads\/EAP%20DEL%20D%C3%8DA%20INTERNACIONAL%20DE%20LA%20JUVENTUD_2013%20Oaxaca.doc#_ftn6\">[6]<\/a><\/p>\n<p>&nbsp;<\/p>\n<p><strong>Distribuci\u00f3n porcentual de la poblaci\u00f3n joven por grupo de edad seg\u00fan nivel de escolaridad <\/strong><\/p>\n<p><strong>2010<\/strong><\/p>\n<p><a href=\"http:\/\/www.eloriente.net\/home\/wp-content\/uploads\/2013\/08\/Captura-grado-de-escolaridad-j\u00f3venes.jpg\"><img loading=\"lazy\" decoding=\"async\" class=\"aligncenter size-medium wp-image-15590\" title=\"Captura grado de escolaridad j\u00f3venes\" src=\"http:\/\/www.eloriente.net\/home\/wp-content\/uploads\/2013\/08\/Captura-grado-de-escolaridad-j\u00f3venes-300x71.jpg\" alt=\"\" width=\"300\" height=\"71\" srcset=\"http:\/\/www.eloriente.net\/home\/wp-content\/uploads\/2013\/08\/Captura-grado-de-escolaridad-j\u00f3venes-300x71.jpg 300w, http:\/\/www.eloriente.net\/home\/wp-content\/uploads\/2013\/08\/Captura-grado-de-escolaridad-j\u00f3venes.jpg 461w\" sizes=\"(max-width: 300px) 100vw, 300px\" \/><\/a><\/p>\n<p><strong><\/strong>Nota: La suma en el nivel de instrucci\u00f3n es menor a 100 debido al no especificado.<\/p>\n<p><sup>a<\/sup> Incluye a quienes solamente cuentan con estudios de preescolar o k\u00ednder.<\/p>\n<p><sup>b<\/sup> Incluye a los que tienen estudios t\u00e9cnicos o comerciales con primaria terminada.<\/p>\n<p><sup>c<\/sup> Incluye a los que tienen estudios t\u00e9cnicos o comerciales con secundaria terminada.<\/p>\n<p>Fuente: INEGI. Censo de Poblaci\u00f3n y Vivienda 2010. Cuestionario b\u00e1sico. Consulta interactiva de datos.<\/p>\n<p>Hay otra proporci\u00f3n de j\u00f3venes que tiene entre cuatro y seis a\u00f1os aprobados en educaci\u00f3n primaria (19.8%); mientras que 37.3% cuenta con al menos un grado aprobado a nivel de secundaria. Ambos niveles educativos no trascienden en cambios que los lleve a mejorar su nivel de vida, as\u00ed lo indica la Comisi\u00f3n Econ\u00f3mica para Am\u00e9rica Latina y el Caribe (CEPAL) cuando se\u00f1ala que \u201cactualmente se requiere completar el ciclo medio (12 a\u00f1os de educaci\u00f3n) para contar con 90% de probabilidades de no caer, o no seguir, en la pobreza\u201d.<a title=\"\" href=\"file:\/\/\/C:\/Users\/Juan%20Pablo\/Downloads\/EAP%20DEL%20D%C3%8DA%20INTERNACIONAL%20DE%20LA%20JUVENTUD_2013%20Oaxaca.doc#_ftn7\">[7]<\/a><\/p>\n<p>S\u00f3lo 29.0% de los adolescentes de 15 a 19 a\u00f1os cuenta con al menos un grado aprobado a nivel medio superior, de los cuales, 79.9% asisten a la escuela; mientras que en los j\u00f3venes de 20 a 24 a\u00f1os, no s\u00f3lo disminuye la proporci\u00f3n de aquellos que cuentan con el mismo nivel de escolaridad (25.9%), sino adem\u00e1s, la mayor\u00eda de ellos no asiste a la escuela (81.9%). Existe una multiplicidad de factores entorno a la deserci\u00f3n escolar a este nivel, en la Encuesta Nacional de Deserci\u00f3n en la Educaci\u00f3n Media Superior 2011 se pregunt\u00f3 a los j\u00f3venes sobre el principal motivo por el que abandonaron sus estudios a nivel medio superior y se les dio la opci\u00f3n de mencionar dos motivos adicio\u00adnales en caso de haberlos: \u201cla falta de dinero en el hogar para \u00fatiles, pasajes o inscripci\u00f3n es la principal raz\u00f3n declarada por el 36% de los desertores, e indicada entre las tres principales razones. La segunda raz\u00f3n mencionada como la principal, fue \u2018le disgustaba estudiar\u2019 (7.8%) y la tercera \u2018consideraba m\u00e1s importante trabajar que estudiar\u2019 (7.2 por ciento)\u201d.<a title=\"\" href=\"file:\/\/\/C:\/Users\/Juan%20Pablo\/Downloads\/EAP%20DEL%20D%C3%8DA%20INTERNACIONAL%20DE%20LA%20JUVENTUD_2013%20Oaxaca.doc#_ftn8\">[8]<\/a><\/p>\n<p>Los ingresos de los hogares parece ser entonces, un factor importante en este problema, datos que proporciona la CEPAL indica que \u201c80% de los j\u00f3venes latinoa\u00admericanos pertenecientes a los quintiles de ingresos m\u00e1s altos concluyen su educaci\u00f3n media; este porcentaje disminuye bruscamente hasta un 20% en el caso de los estudiantes procedentes de familias ubicadas en los quintiles de menor ingreso\u201d.<a title=\"\" href=\"file:\/\/\/C:\/Users\/Juan%20Pablo\/Downloads\/EAP%20DEL%20D%C3%8DA%20INTERNACIONAL%20DE%20LA%20JUVENTUD_2013%20Oaxaca.doc#_ftn9\">[9]<\/a> En M\u00e9xico, un acercamiento a este problema lo proporciona la Encuesta Nacional de Ingresos y Gastos de los Hogares levantada en 2012 (ENIGH 2012), se estima que 72.4% de los adolescentes de 15 a 19 a\u00f1os que viven en los hogares con el decil m\u00e1s alto de ingresos asisten a la escuela y disminuye a 39.2% en los adolescentes que viven en los hogares con el decil de ingreso m\u00e1s bajo.<\/p>\n<p>Diecisiete de cada cien j\u00f3venes de 20 a 24 a\u00f1os (16.8%) cuenta con alg\u00fan grado aprobado a nivel superior, de los cuales, 67.4% asiste a la escuela, y aunque una proporci\u00f3n muy similar de j\u00f3venes de 25 a 29 a\u00f1os declar\u00f3 tener ese mismo nivel de estudios (17.7%), s\u00f3lo 15.8% de ellos contin\u00faa asistiendo a la escuela. En general, no asistir a la escuela se vuelve un rasgo muy particular de los j\u00f3venes conforme avanza su edad: 81.8 y 95.0% de los j\u00f3venes de 20 a 24 y 25 a 29 a\u00f1os cumplen con esta condici\u00f3n.<\/p>\n<ul>\n<li><strong>Ocupaci\u00f3n<\/strong><\/li>\n<\/ul>\n<p>Las condiciones econ\u00f3micas a nivel mundial dificultan a\u00fan m\u00e1s la entrada de los j\u00f3venes al mercado laboral, as\u00ed lo se\u00f1ala la Organizaci\u00f3n Internacional del Trabajo (OIT) cuando declara que \u201cel debilitamiento de la recuperaci\u00f3n mundial en 2012 y 2013 ha agravado la crisis del empleo juvenil, dificultando a\u00fan m\u00e1s el acceso al empleo para muchos desafortunados j\u00f3venes que buscan trabajo, dificult\u00e1ndolo hasta tal punto, que muchos est\u00e1n renunciando a seguir buscando\u201d.<a title=\"\" href=\"file:\/\/\/C:\/Users\/Juan%20Pablo\/Downloads\/EAP%20DEL%20D%C3%8DA%20INTERNACIONAL%20DE%20LA%20JUVENTUD_2013%20Oaxaca.doc#_ftn10\">[10]<\/a> En Oaxaca, la tasa de desocupaci\u00f3n en los j\u00f3venes durante el primer trimestre de 2013 es de 4.8 por ciento: los adolescentes de 15 a 19 a\u00f1os (5.9%) y los j\u00f3venes de 25 a 29 (5.4%) muestran el mayor nivel de desocupaci\u00f3n. Uno de los problemas que enfrenta la poblaci\u00f3n joven al momento de buscar trabajo es la falta de experiencia laboral, 22.5% de los j\u00f3venes desocupados cumple esta condici\u00f3n; en tanto que 12.7% de los j\u00f3venes declar\u00f3 disponibilidad para trabajar al momento de la entrevista, pero dej\u00f3 de buscar trabajo o no lo busca porque piensa que no tiene oportunidad para ello.<a title=\"\" href=\"file:\/\/\/C:\/Users\/Juan%20Pablo\/Downloads\/EAP%20DEL%20D%C3%8DA%20INTERNACIONAL%20DE%20LA%20JUVENTUD_2013%20Oaxaca.doc#_ftn11\">[11]<\/a><\/p>\n<p><strong>Tasa de desocupaci\u00f3n de la poblaci\u00f3n de 15 a\u00f1os y m\u00e1s por grupos de edad <\/strong><\/p>\n<p><strong>2013<\/strong><\/p>\n<p><a href=\"http:\/\/www.eloriente.net\/home\/wp-content\/uploads\/2013\/08\/Tasa-de-desocupaci\u00f3n-INEGI-jovenes-oaxaca.jpg\"><img loading=\"lazy\" decoding=\"async\" class=\"aligncenter size-medium wp-image-15591\" title=\"Tasa de desocupaci\u00f3n INEGI jovenes oaxaca\" src=\"http:\/\/www.eloriente.net\/home\/wp-content\/uploads\/2013\/08\/Tasa-de-desocupaci\u00f3n-INEGI-jovenes-oaxaca-300x168.jpg\" alt=\"\" width=\"300\" height=\"168\" srcset=\"http:\/\/www.eloriente.net\/home\/wp-content\/uploads\/2013\/08\/Tasa-de-desocupaci\u00f3n-INEGI-jovenes-oaxaca-300x168.jpg 300w, http:\/\/www.eloriente.net\/home\/wp-content\/uploads\/2013\/08\/Tasa-de-desocupaci\u00f3n-INEGI-jovenes-oaxaca.jpg 501w\" sizes=\"(max-width: 300px) 100vw, 300px\" \/><\/a><\/p>\n<p>Fuente: INEGI-STPS. Encuesta Nacional de Ocupaci\u00f3n y Empleo, 2013. Primer trimestre. Consulta interactiva de datos.<\/p>\n<p>Un aspecto que caracteriza la ocupaci\u00f3n de los j\u00f3venes, identificado por la OIT, es que un mayor n\u00famero de ellos acepta trabajos temporales o empleos a tiempo parcial, \u201clos empleos seguros, que en una \u00e9poca eran lo habitual para generaciones anteriores \u2013por lo menos en las econom\u00edas avanzadas\u2013 han pasado a ser m\u00e1s dif\u00edciles de conseguir para los j\u00f3venes de hoy\u201d.<a title=\"\" href=\"file:\/\/\/C:\/Users\/Juan%20Pablo\/Downloads\/EAP%20DEL%20D%C3%8DA%20INTERNACIONAL%20DE%20LA%20JUVENTUD_2013%20Oaxaca.doc#_ftn12\">[12]<\/a> En Oaxaca, 10.1% de la poblaci\u00f3n ocupada de 15 a 29 a\u00f1os declar\u00f3 estar subocupada, es decir, tienen la necesidad y la disponibilidad de ofertar m\u00e1s tiempo de trabajo de lo que su ocupaci\u00f3n actual les permite; en tanto que 10.4% labora menos de 15 horas a la semana, es decir, se ocupan parcialmente, en los adolescentes de 15 a 19 esta proporci\u00f3n aumenta a 18.2 por ciento.<\/p>\n<p>La OIT identifica tambi\u00e9n un desajuste en las competencias laborales de los j\u00f3venes y se\u00f1ala que \u201cla sobreeducaci\u00f3n y el exceso de competencias coexisten con la subeducaci\u00f3n y la escasez de competencias, y cada vez m\u00e1s con el desgaste de la formaci\u00f3n adquirida por causa del desempleo de larga duraci\u00f3n\u201d.<a title=\"\" href=\"file:\/\/\/C:\/Users\/Juan%20Pablo\/Downloads\/EAP%20DEL%20D%C3%8DA%20INTERNACIONAL%20DE%20LA%20JUVENTUD_2013%20Oaxaca.doc#_ftn13\">[13]<\/a> Un acercamiento a este problema lo da la ENOE, 51.3% de los j\u00f3venes ocupados de 25 a 29 a\u00f1os, con estudios profesionales terminados, laboran en ocupaciones no profesionales<a title=\"\" href=\"file:\/\/\/C:\/Users\/Juan%20Pablo\/Downloads\/EAP%20DEL%20D%C3%8DA%20INTERNACIONAL%20DE%20LA%20JUVENTUD_2013%20Oaxaca.doc#_ftn14\">[14]<\/a> y en los j\u00f3venes con un estrato socioecon\u00f3mico medio bajo este porcentaje aumenta a 55.4 por ciento.<\/p>\n<p><strong>Porcentaje de poblaci\u00f3n ocupada de 25 a 29 a\u00f1os con estudios profesionales terminados que laboran en ocupaciones no profesionales por estrato socioecon\u00f3mico<\/strong><\/p>\n<p><strong>2013<\/strong><\/p>\n<p><a href=\"http:\/\/www.eloriente.net\/home\/wp-content\/uploads\/2013\/08\/porcentaje-jovenes-ingi-profesionales.jpg\"><img loading=\"lazy\" decoding=\"async\" class=\"aligncenter size-medium wp-image-15592\" title=\"porcentaje jovenes ingi profesionales\" src=\"http:\/\/www.eloriente.net\/home\/wp-content\/uploads\/2013\/08\/porcentaje-jovenes-ingi-profesionales-300x175.jpg\" alt=\"\" width=\"300\" height=\"175\" srcset=\"http:\/\/www.eloriente.net\/home\/wp-content\/uploads\/2013\/08\/porcentaje-jovenes-ingi-profesionales-300x175.jpg 300w, http:\/\/www.eloriente.net\/home\/wp-content\/uploads\/2013\/08\/porcentaje-jovenes-ingi-profesionales.jpg 477w\" sizes=\"(max-width: 300px) 100vw, 300px\" \/><\/a><\/p>\n<p>Fuente: INEGI-STPS. Encuesta Nacional de Ocupaci\u00f3n y Empleo, 2013. Primer trimestre. Consulta interactiva de datos.<\/p>\n<div>\n<hr align=\"left\" size=\"1\" width=\"33%\" \/>\n<div>\n<p><a title=\"\" href=\"file:\/\/\/C:\/Users\/Juan%20Pablo\/Downloads\/EAP%20DEL%20D%C3%8DA%20INTERNACIONAL%20DE%20LA%20JUVENTUD_2013%20Oaxaca.doc#_ftnref1\">[1]<\/a> \u00a0\u00a0\u00a0\u00a0\u00a0\u00a0\u00a0\u00a0\u00a0\u00a0\u00a0\u00a0 Consejo Nacional de Poblaci\u00f3n (CONAPO). <em>Proyecciones de poblaci\u00f3n de M\u00e9xico 2010-2050. <\/em><a href=\"http:\/\/www.conapo.gob.mx\/es\/CONAPO\/Proyecciones\">http:\/\/www.conapo.gob.mx\/es\/CONAPO\/Proyecciones<\/a>, julio de 2013.<\/p>\n<\/div>\n<div>\n<p><a title=\"\" href=\"file:\/\/\/C:\/Users\/Juan%20Pablo\/Downloads\/EAP%20DEL%20D%C3%8DA%20INTERNACIONAL%20DE%20LA%20JUVENTUD_2013%20Oaxaca.doc#_ftnref2\">[2]<\/a> \u00a0\u00a0\u00a0 Organizaci\u00f3n de Naciones Unidas (ONU). <em>Temas mundiales.<\/em> <a href=\"http:\/\/www.un.org\/es\/globalissues\/youth\/\">http:\/\/www.un.org\/es\/globalissues\/youth\/<\/a>, julio de 2013.<\/p>\n<\/div>\n<div>\n<p><a title=\"\" href=\"file:\/\/\/C:\/Users\/Juan%20Pablo\/Downloads\/EAP%20DEL%20D%C3%8DA%20INTERNACIONAL%20DE%20LA%20JUVENTUD_2013%20Oaxaca.doc#_ftnref3\">[3]<\/a> \u00a0\u00a0\u00a0ONU. La juventud y los objetivos de desarrollo del milenio. Desaf\u00edos y oportunidades para su implementaci\u00f3n.<\/p>\n<p>http:\/\/www.un.org\/esa\/socdev\/unyin\/documents\/youthmdgss.pdf, julio de 2013, p. 3.<\/p>\n<\/div>\n<div>\n<p><a title=\"\" href=\"file:\/\/\/C:\/Users\/Juan%20Pablo\/Downloads\/EAP%20DEL%20D%C3%8DA%20INTERNACIONAL%20DE%20LA%20JUVENTUD_2013%20Oaxaca.doc#_ftnref4\">[4]<\/a> \u00a0\u00a0\u00a0 Organizaci\u00f3n de las Naciones Unidas para la Ciencia, la Educaci\u00f3n y la Cultura (UNESCO<em>). <\/em><em>Una educaci\u00f3n de calidad para todos los j\u00f3venes: desaf\u00edos, tendencias y prioridades. <\/em><a href=\"http:\/\/www.ibe.unesco.org\/International\/ICE47\/Spanish\/Wdocs\/docs\/CONFINTED%2047-3-ES.pdf\">http:\/\/www.ibe.unesco.org\/International\/ICE47\/Spanish\/Wdocs\/docs\/CONFINTED%2047-3-ES.pdf<\/a>, julio de 2013, p.15.<em><\/em><\/p>\n<\/div>\n<div>\n<p><a title=\"\" href=\"file:\/\/\/C:\/Users\/Juan%20Pablo\/Downloads\/EAP%20DEL%20D%C3%8DA%20INTERNACIONAL%20DE%20LA%20JUVENTUD_2013%20Oaxaca.doc#_ftnref5\">[5]<\/a> \u00a0\u00a0 Gonz\u00e1lez Cant\u00fa, Ren\u00e9. \u201cProspectiva al 2015 y 2030 de la alfabetizaci\u00f3n y educaci\u00f3n b\u00e1sica y media superior en M\u00e9xico\u201d, en: <em>M\u00e9xico, ante los desaf\u00edos de desarrollo del milenio<\/em>. M\u00e9xico, Consejo Nacional de Poblaci\u00f3n, p. 265.<\/p>\n<\/div>\n<div>\n<p><a title=\"\" href=\"file:\/\/\/C:\/Users\/Juan%20Pablo\/Downloads\/EAP%20DEL%20D%C3%8DA%20INTERNACIONAL%20DE%20LA%20JUVENTUD_2013%20Oaxaca.doc#_ftnref6\">[6]<\/a> \u00a0\u00a0 Mart\u00ednez, Rodrigo, Andr\u00e9s, Fern\u00e1ndez. <em>Impacto social y econ\u00f3mico del analfabetismo: modelo de an\u00e1lisis y estudio piloto. <\/em>UNESCO-CEPAL.<em> <\/em>\u00a0<a href=\"http:\/\/www.oei.es\/pdf2\/impacto_social_economico_analfabetismo.pdf\">http:\/\/www.oei.es\/pdf2\/impacto_social_economico_analfabetismo.pdf<\/a>, julio de 2013, p.8.<\/p>\n<\/div>\n<div>\n<p><a title=\"\" href=\"file:\/\/\/C:\/Users\/Juan%20Pablo\/Downloads\/EAP%20DEL%20D%C3%8DA%20INTERNACIONAL%20DE%20LA%20JUVENTUD_2013%20Oaxaca.doc#_ftnref7\">[7]<\/a> Comisi\u00f3n Econ\u00f3mica para Am\u00e9rica Latina y el Caribe (CEPAL). <em>Equidad desarrollo y ciudadan\u00eda.<\/em>\u00a0 <a href=\"http:\/\/www.eclac.org\/publicaciones\/xml\/5\/4425\/lcg2071.pdf\">http:\/\/www.eclac.org\/publicaciones\/xml\/5\/4425\/lcg2071.pdf<\/a>, julio de 2013, p. 105.<\/p>\n<\/div>\n<div>\n<p><a title=\"\" href=\"file:\/\/\/C:\/Users\/Juan%20Pablo\/Downloads\/EAP%20DEL%20D%C3%8DA%20INTERNACIONAL%20DE%20LA%20JUVENTUD_2013%20Oaxaca.doc#_ftnref8\">[8]<\/a> \u00a0\u00a0\u00a0 Secretar\u00eda de Educaci\u00f3n P\u00fablica (SEP). <em>Reporte de la Encuesta Nacional de Deserci\u00f3n en la Educaci\u00f3n Media Superior 2011<\/em>. <a href=\"http:\/\/www.siguele.sems.gob.mx\/siguele\/encuesta.php\">http:\/\/www.siguele.sems.gob.mx\/siguele\/encuesta.php<\/a>, julio de 2013, p. 50.<\/p>\n<\/div>\n<div>\n<p><a title=\"\" href=\"file:\/\/\/C:\/Users\/Juan%20Pablo\/Downloads\/EAP%20DEL%20D%C3%8DA%20INTERNACIONAL%20DE%20LA%20JUVENTUD_2013%20Oaxaca.doc#_ftnref9\">[9]<\/a> \u00a0\u00a0\u00a0 CEPAL (2007). <em>Panorama Social de Am\u00e9rica Latina.<\/em> Citado en: Secretar\u00eda de Educaci\u00f3n P\u00fablica (SEP). Reporte de la Encuesta Nacional de Deserci\u00f3n en la Educaci\u00f3n Medio Superior 2011. http:\/\/www.siguele.sems.gob.mx\/siguele\/encuesta.php, julio de 2013, p. 6 y 7.<\/p>\n<\/div>\n<div>\n<p><a title=\"\" href=\"file:\/\/\/C:\/Users\/Juan%20Pablo\/Downloads\/EAP%20DEL%20D%C3%8DA%20INTERNACIONAL%20DE%20LA%20JUVENTUD_2013%20Oaxaca.doc#_ftnref10\">[10]<\/a> \u00a0 Organizaci\u00f3n Internacional del Trabajo (OIT). <em>Tendencias mundiales del empleo juvenil 2013.<\/em> \u00a0\u00a0<a href=\"http:\/\/www.ilo.org\/wcmsp5\/groups\/public\/---dgreports\/---dcomm\/documents\/publication\/wcms_212725.pdf\">http:\/\/www.ilo.org\/wcmsp5\/groups\/public\/&#8212;dgreports\/&#8212;dcomm\/documents\/publication\/wcms_212725.pdf<\/a>, julio de 2013, p. 1.<\/p>\n<\/div>\n<div>\n<p><a title=\"\" href=\"file:\/\/\/C:\/Users\/Juan%20Pablo\/Downloads\/EAP%20DEL%20D%C3%8DA%20INTERNACIONAL%20DE%20LA%20JUVENTUD_2013%20Oaxaca.doc#_ftnref11\">[11]<\/a> \u00a0\u00a0 Se refiere a la poblaci\u00f3n de 14 a 29 a\u00f1os.<\/p>\n<\/div>\n<div>\n<p><a title=\"\" href=\"file:\/\/\/C:\/Users\/Juan%20Pablo\/Downloads\/EAP%20DEL%20D%C3%8DA%20INTERNACIONAL%20DE%20LA%20JUVENTUD_2013%20Oaxaca.doc#_ftnref12\">[12]<\/a> \u00a0 Ib\u00edd.<\/p>\n<\/div>\n<div>\n<p><a title=\"\" href=\"file:\/\/\/C:\/Users\/Juan%20Pablo\/Downloads\/EAP%20DEL%20D%C3%8DA%20INTERNACIONAL%20DE%20LA%20JUVENTUD_2013%20Oaxaca.doc#_ftnref13\">[13]<\/a> \u00a0 Ib\u00edd.<\/p>\n<\/div>\n<div>\n<p><a title=\"\" href=\"file:\/\/\/C:\/Users\/Juan%20Pablo\/Downloads\/EAP%20DEL%20D%C3%8DA%20INTERNACIONAL%20DE%20LA%20JUVENTUD_2013%20Oaxaca.doc#_ftnref14\">[14]<\/a> \u00a0Las ocupaciones no profesionales, comprenden todas aquellas donde el entrevistado no aplica las habilidades de la formaci\u00f3n recibida (licenciatura, maestr\u00eda o doctorado).<\/p>\n<p>Foto en principal: <a href=\"https:\/\/www.facebook.com\/INEGIMexico\/photos_stream\" target=\"_blank\">INEGI INFORMA facebook<\/a>, DR.<\/p>\n<\/div>\n<\/div>\n\n\t\t\t  <div \n\t\t\t  \tclass = \"fb-comments\" \n\t\t\t  \tdata-href = \"http:\/\/www.eloriente.net\/home\/2013\/08\/09\/el-estado-de-la-juventud-en-oaxaca-inegi-parte-1\/\"\n\t\t\t  \tdata-numposts = \"10\"\n\t\t\t\tdata-colorscheme = \"dark\"\n\t\t\t\tdata-order-by = \"social\"\n\t\t\t\tdata-mobile=true>\n\t\t\t  <\/div>\n\t\t  <style>\n\t\t\t.fb_iframe_widget_fluid_desktop iframe {\n\t\t\t    width: 100% !important;\n\t\t\t}\n\t\t  <\/style>\n\t\t  ","protected":false},"excerpt":{"rendered":"<p>eloriente.net \/INEGI 9 de agosto de 2013 eloriente.net (Oaxaca, Oax. a 9 de agosto de 2013).- En ocasi\u00f3n del D\u00eda Internacional de la Juventud a celebrarse el 12 de agosto, el Instituto Nacional de Geograf\u00eda y Estad\u00edstica (INEGI) ha hecho p\u00fablico un exhaustivo documento sobre el estado de la juventud en Oaxaca. Este documento, que [&hellip;]<\/p>\n","protected":false},"author":1,"featured_media":15604,"comment_status":"open","ping_status":"open","sticky":false,"template":"","format":"standard","meta":{"_jetpack_memberships_contains_paid_content":false,"footnotes":""},"categories":[32,13,63,35,31],"tags":[],"class_list":["post-15588","post","type-post","status-publish","format-standard","has-post-thumbnail","hentry","category-entradas","category-especiales","category-estados","category-secciones-oriente","category-principal"],"jetpack_featured_media_url":"http:\/\/www.eloriente.net\/home\/wp-content\/uploads\/2013\/08\/@inegiinforma-juventud-familia-e1376147871835.jpg","jetpack_sharing_enabled":true,"_links":{"self":[{"href":"http:\/\/www.eloriente.net\/home\/wp-json\/wp\/v2\/posts\/15588"}],"collection":[{"href":"http:\/\/www.eloriente.net\/home\/wp-json\/wp\/v2\/posts"}],"about":[{"href":"http:\/\/www.eloriente.net\/home\/wp-json\/wp\/v2\/types\/post"}],"author":[{"embeddable":true,"href":"http:\/\/www.eloriente.net\/home\/wp-json\/wp\/v2\/users\/1"}],"replies":[{"embeddable":true,"href":"http:\/\/www.eloriente.net\/home\/wp-json\/wp\/v2\/comments?post=15588"}],"version-history":[{"count":4,"href":"http:\/\/www.eloriente.net\/home\/wp-json\/wp\/v2\/posts\/15588\/revisions"}],"predecessor-version":[{"id":15594,"href":"http:\/\/www.eloriente.net\/home\/wp-json\/wp\/v2\/posts\/15588\/revisions\/15594"}],"wp:featuredmedia":[{"embeddable":true,"href":"http:\/\/www.eloriente.net\/home\/wp-json\/wp\/v2\/media\/15604"}],"wp:attachment":[{"href":"http:\/\/www.eloriente.net\/home\/wp-json\/wp\/v2\/media?parent=15588"}],"wp:term":[{"taxonomy":"category","embeddable":true,"href":"http:\/\/www.eloriente.net\/home\/wp-json\/wp\/v2\/categories?post=15588"},{"taxonomy":"post_tag","embeddable":true,"href":"http:\/\/www.eloriente.net\/home\/wp-json\/wp\/v2\/tags?post=15588"}],"curies":[{"name":"wp","href":"https:\/\/api.w.org\/{rel}","templated":true}]}}