{"id":15626,"date":"2013-08-11T10:41:44","date_gmt":"2013-08-11T16:41:44","guid":{"rendered":"http:\/\/www.eloriente.net\/home\/?p=15626"},"modified":"2013-08-11T10:41:44","modified_gmt":"2013-08-11T16:41:44","slug":"alebrijes-invicto-gana-a-celaya-3-1-de-visitante","status":"publish","type":"post","link":"http:\/\/www.eloriente.net\/home\/2013\/08\/11\/alebrijes-invicto-gana-a-celaya-3-1-de-visitante\/","title":{"rendered":"Alebrijes invicto; gana a Celaya 3-1 de visitante"},"content":{"rendered":"<p>eloriente.net \/ <a href=\"http:\/\/www.ligamx.net\/home\/noticia.html?id=4733\" target=\"_blank\">Liga Mx<\/a><\/p>\n<p>11 de agosto de 2013<\/p>\n<h2><strong style=\"font-size: 13px;\"><span style=\"font-family: arial; font-size: medium;\">Celaya 1-3 Alebrijes<\/span><\/strong><\/h2>\n<p><a href=\"http:\/\/www.eloriente.net\/home\/wp-content\/uploads\/2013\/08\/Alebrijes-vs-Celaya-LIGA-MX-Derechos-reservados.jpg\"><img loading=\"lazy\" decoding=\"async\" class=\"aligncenter size-medium wp-image-15627\" title=\"Alebrijes vs Celaya LIGA MX Derechos reservados\" src=\"http:\/\/www.eloriente.net\/home\/wp-content\/uploads\/2013\/08\/Alebrijes-vs-Celaya-LIGA-MX-Derechos-reservados-300x200.jpg\" alt=\"\" width=\"300\" height=\"200\" srcset=\"http:\/\/www.eloriente.net\/home\/wp-content\/uploads\/2013\/08\/Alebrijes-vs-Celaya-LIGA-MX-Derechos-reservados-300x200.jpg 300w, http:\/\/www.eloriente.net\/home\/wp-content\/uploads\/2013\/08\/Alebrijes-vs-Celaya-LIGA-MX-Derechos-reservados.jpg 600w\" sizes=\"(max-width: 300px) 100vw, 300px\" \/><\/a><\/p>\n<p><span style=\"font-family: arial; font-size: medium;\">20:00 horas. S\u00e1bado 10 de agosto de 2013<\/span><\/p>\n<p><span style=\"font-family: arial; font-size: medium;\">Estadio: Miguel Alem\u00e1n Vald\u00e9s<\/span><\/p>\n<p><span style=\"font-family: arial; font-size: medium;\">\u00c1rbitro: Oscar Bernardo Villag\u00f3mez Gurria<\/span><\/p>\n<p><span style=\"font-family: arial; font-size: medium;\">En la cancha del Estadio Miguel Alem\u00e1n Vald\u00e9s, Los Alebrijes de Oaxaca le pegaron a los Toros del Celaya, con marcador de 3-1, en su compromiso de la Jornada 4 del ASCENSO MX.<\/span><\/p>\n<p><span style=\"font-family: arial; font-size: medium;\">Por los oaxaque\u00f1os peg\u00f3 Gustavo Ram\u00edrez al 12\u00b4y al 38\u00b4, mientras que Raymundo Torres cerr\u00f3 la cuenta con un penal al 90\u00b4+2\u00b4. Por los Toros acort\u00f3 distancia Leandro Carrijo al 90\u00b4.<\/span><\/p>\n<p><span style=\"font-family: arial; font-size: medium;\">Con este resultado los oaxaque\u00f1os contin\u00faan invictos en el torneo y son segundo lugar con cosecha de ocho unidades. En tanto, los Toros se mantienen pen\u00faltimos con un punto conseguido.<\/span><\/p>\n<p><span style=\"font-family: arial; font-size: medium;\">El siguiente compromiso de Celaya ser\u00e1 visitando a Estudiantes de Altamira; Alebrijes recibir\u00e1 a Cruz Azul Hidalgo.<\/span><\/p>\n<p><strong><span style=\"font-family: arial; font-size: medium;\">El partido<\/span><\/strong><\/p>\n<p><span style=\"font-family: arial; font-size: medium;\">La Jornada sabatina cerraba en el Estadio Miguel Alem\u00e1n; los de casa buscaban su primera victoria del torneo, mientras que los visitantes quer\u00edan mantener su condici\u00f3n invicta en este Apertura 2013.<\/span><\/p>\n<p><span style=\"font-family: arial; font-size: medium;\">Se jug\u00f3 a poco ritmo en el comienzo, ambos conjuntos fueron intermitentes esperando ver la propuesta del rival.<\/span><\/p>\n<p><span style=\"font-family: arial; font-size: medium;\">Los for\u00e1neos sorprendieron a los 12 minutos. Un gran centro con comba termin\u00f3 siendo cabeceado por Gustavo Ram\u00edrez, quien la puso al rinc\u00f3n para vencer al arquero Juan Rold\u00e1n.<\/span><\/p>\n<p><span style=\"font-family: arial; font-size: medium;\">No hubo m\u00e1s llegadas de peligro, la lucha en medio campo fue muy pareja y nadie se hizo con el control de las acciones. Sin embargo, Gustavo Ram\u00edrez estuvo atento para festejar el segundo de los oaxaque\u00f1os; el paraguayo contrarremat\u00f3 tras un primer disparo y la mand\u00f3 guardar al fondo. Era el minuto 38\u00b4.<\/span><\/p>\n<p><span style=\"font-family: arial; font-size: medium;\">Celaya busc\u00f3 acortar distancia, pero les falt\u00f3 claridad para gestar jugadas de peligro, mientras que los visitantes no deslucieron en defensa. Al 68\u00b4, Ren\u00e9 Garc\u00eda tuvo una clar\u00edsima para meter el primero de los Cajeteros, pero el delantero impact\u00f3 deficiente cuando le acomodaron la bocha en el \u00e1rea chica.<\/span><\/p>\n<p><span style=\"font-family: arial; font-size: medium;\">Continuaron las emociones; al 90\u00b4, el brasile\u00f1o Leandro Carrijo empuj\u00f3 a las redes tras un centro raso que se pase\u00f3 a lo ancho de la porter\u00eda. Los Toros acortaban distancias.<\/span><\/p>\n<p><span style=\"font-family: arial; font-size: medium;\">Sin embargo, el gol de la honra no funcion\u00f3 de mucho, pues dos minutos despu\u00e9s el mismo Carrijo se equivoc\u00f3 y cometi\u00f3 una falta que se sancion\u00f3 con una pena m\u00e1xima. Raymundo Torres fue contundente al meterla por el sector izquierdo. Alebrijes ganaba 3-1 en casa ajena.<\/span><\/p>\n<p><strong><span style=\"font-family: arial; font-size: medium;\">Direcci\u00f3n de Comunicaci\u00f3n<\/span><\/strong><\/p>\n<p>&nbsp;<\/p>\n\n\t\t\t  <div \n\t\t\t  \tclass = \"fb-comments\" \n\t\t\t  \tdata-href = \"http:\/\/www.eloriente.net\/home\/2013\/08\/11\/alebrijes-invicto-gana-a-celaya-3-1-de-visitante\/\"\n\t\t\t  \tdata-numposts = \"10\"\n\t\t\t\tdata-colorscheme = \"dark\"\n\t\t\t\tdata-order-by = \"social\"\n\t\t\t\tdata-mobile=true>\n\t\t\t  <\/div>\n\t\t  <style>\n\t\t\t.fb_iframe_widget_fluid_desktop iframe {\n\t\t\t    width: 100% !important;\n\t\t\t}\n\t\t  <\/style>\n\t\t  ","protected":false},"excerpt":{"rendered":"<p>eloriente.net \/ Liga Mx 11 de agosto de 2013 Celaya 1-3 Alebrijes 20:00 horas. S\u00e1bado 10 de agosto de 2013 Estadio: Miguel Alem\u00e1n Vald\u00e9s \u00c1rbitro: Oscar Bernardo Villag\u00f3mez Gurria En la cancha del Estadio Miguel Alem\u00e1n Vald\u00e9s, Los Alebrijes de Oaxaca le pegaron a los Toros del Celaya, con marcador de 3-1, en su compromiso [&hellip;]<\/p>\n","protected":false},"author":1,"featured_media":15627,"comment_status":"open","ping_status":"open","sticky":false,"template":"","format":"standard","meta":{"_jetpack_memberships_contains_paid_content":false,"footnotes":""},"categories":[15,32,13],"tags":[],"class_list":["post-15626","post","type-post","status-publish","format-standard","has-post-thumbnail","hentry","category-deportes","category-entradas","category-especiales"],"jetpack_featured_media_url":"http:\/\/www.eloriente.net\/home\/wp-content\/uploads\/2013\/08\/Alebrijes-vs-Celaya-LIGA-MX-Derechos-reservados.jpg","jetpack_sharing_enabled":true,"_links":{"self":[{"href":"http:\/\/www.eloriente.net\/home\/wp-json\/wp\/v2\/posts\/15626"}],"collection":[{"href":"http:\/\/www.eloriente.net\/home\/wp-json\/wp\/v2\/posts"}],"about":[{"href":"http:\/\/www.eloriente.net\/home\/wp-json\/wp\/v2\/types\/post"}],"author":[{"embeddable":true,"href":"http:\/\/www.eloriente.net\/home\/wp-json\/wp\/v2\/users\/1"}],"replies":[{"embeddable":true,"href":"http:\/\/www.eloriente.net\/home\/wp-json\/wp\/v2\/comments?post=15626"}],"version-history":[{"count":2,"href":"http:\/\/www.eloriente.net\/home\/wp-json\/wp\/v2\/posts\/15626\/revisions"}],"predecessor-version":[{"id":15629,"href":"http:\/\/www.eloriente.net\/home\/wp-json\/wp\/v2\/posts\/15626\/revisions\/15629"}],"wp:featuredmedia":[{"embeddable":true,"href":"http:\/\/www.eloriente.net\/home\/wp-json\/wp\/v2\/media\/15627"}],"wp:attachment":[{"href":"http:\/\/www.eloriente.net\/home\/wp-json\/wp\/v2\/media?parent=15626"}],"wp:term":[{"taxonomy":"category","embeddable":true,"href":"http:\/\/www.eloriente.net\/home\/wp-json\/wp\/v2\/categories?post=15626"},{"taxonomy":"post_tag","embeddable":true,"href":"http:\/\/www.eloriente.net\/home\/wp-json\/wp\/v2\/tags?post=15626"}],"curies":[{"name":"wp","href":"https:\/\/api.w.org\/{rel}","templated":true}]}}