{"id":15632,"date":"2013-08-11T11:28:43","date_gmt":"2013-08-11T17:28:43","guid":{"rendered":"http:\/\/www.eloriente.net\/home\/?p=15632"},"modified":"2013-08-11T11:28:43","modified_gmt":"2013-08-11T17:28:43","slug":"unos-cuantos-dias-portenos","status":"publish","type":"post","link":"http:\/\/www.eloriente.net\/home\/2013\/08\/11\/unos-cuantos-dias-portenos\/","title":{"rendered":"Unos cuantos d\u00edas porte\u00f1os"},"content":{"rendered":"<p>eloriente.net<\/p>\n<p>11 de agosto de 2013<\/p>\n<p style=\"text-align: right\">Por: Omar Alejandro Cort\u00e9s<\/p>\n<p align=\"right\"><em>A Gast\u00f3n Pereyra<\/em><\/p>\n<p align=\"right\"><em>Las siguientes p\u00e1ginas son el <\/em><\/p>\n<p align=\"right\"><em>recuerdo de un olvido.<\/em><\/p>\n<p align=\"right\">-Luis Cernuda-<\/p>\n<p align=\"right\">\n<p>Con el silencio de la tarde, el cansancio -en m\u00e1s de un sentido- del d\u00eda, la pesadez de la digesti\u00f3n y el sutil, pero constante, recuerdo; el sopor resultaba inminente. De ah\u00ed, lo dem\u00e1s fue silencio, oscuridad.<\/p>\n<p><strong>\u00a0\u00a0\u00a0\u00a0\u00a0\u00a0\u00a0\u00a0\u00a0\u00a0\u00a0 31 Julio<\/strong><\/p>\n<p>Saltos, ruido, incomidad. Tren. Recuerdo. Hab\u00eda decidido caminar de casa a la estaci\u00f3n. En el camino, me contemplo ante el reflejo de los ventanles y, poco a poco, (re)conozco. \u201cFlaco\u201d llegar\u00e1 m\u00e1s tarde de lo previsto. No hay colectivos. Llego, en efecto, antes a la estaci\u00f3n. Leo a Bioy, su diario de viaje en el Brasil. \u00bfLa sinceridad con la que escribe -al menos en esta obra- ser\u00e1 sincera? intriga, atrapa. Pienso, como buen aprendiz copi\u00f3n, en hacer uno, tambi\u00e9n. <em>Unos cuantos d\u00edas porte\u00f1os<\/em>, se me ocurre.<\/p>\n<p>&nbsp;<\/p>\n<p><strong>1 Agosto<\/strong><\/p>\n<p>Tren (como las 14 horas -18, precisamente- previas). En el viaje \u201cconocimos\u201d a dos jipis. Lindas, crotamente lindas. Analepsis. Ella escribi\u00f3. No s\u00e9 c\u00f3mo lo hace. Tengo una especie de odio enternecido y resentido; a\u00fan no s\u00e9 si a Ella o al hecho de que escriba. \u00bfMe har\u00e1 eso mala persona? Mala persona Ella, grand\u00edsima\u2026<\/p>\n<p>Vuelvo a lo previo. Una de las jipis, mientras dorm\u00eda, acariciaba mi pierna. Ventajas del invierno, supongo. Al menos eso me pareci\u00f3. Tal vez fue el sue\u00f1o. Villas a la entrada de Buenos Aires. \u00a1Cartones con aliento y calidez de hogar! Cu\u00e1nta inmundicie. A Chuzena antrop\u00f3loga le interesar\u00eda esto.<\/p>\n<p>En CABA. Se me ocurre un dibujo sobre la piel, \u00a1Girondo, motivo de vida, oculto! Caminar, caminar\u2026 <em>Ventanas con brazo y alientos de mujer<\/em>. Flaco es buen amigo. Cocinamos y devoramos empanadas. Vino, charla; ambos, sin duda, con la exquisitez de la virginal sorpresa.<\/p>\n<p>&nbsp;<\/p>\n<p><strong>2 Agosto<\/strong><\/p>\n<p>Transpiraci\u00f3n uv\u00e1cea matinal. Madrugo, desde mi perspectiva matinal, a las 10 am. UBA, biblioteca equivocada de la FfyL; afortunadamente, El error nos permite conocer a una linda y efusiva, realmente efusiva, cordobesa-sa. Qu\u00e9 ojos. Pienso, sin querer, en Domenella de joven. \u00danico referente literario-cordob\u00e9s. Comida en \u201ccasa\u201d. \u00bfDesde cu\u00e1ndo decidimos llamarle as\u00ed? en tal caso, si aqu\u00e9l edificio, si esa peque\u00f1a pieza con ocho camas y m\u00e1s desconocidos es casa, Flaco es familia, es hermano.<\/p>\n<p>Vuelta (m\u00e1s bien ida) a la verdadera biblioteca. Girondo. Reliquias valios\u00edsimas para el incomprendido e incomprensor literato, arrumbadas en el peor rinc\u00f3n, como mi sentir. Por eso es que tenemos tanto en com\u00fan (\u00a1hablaba con Girondo el loco!). (Re)conozco en vivo el manuscrito del planeamiento de \u201cMart\u00edn Fierro\u201d. Girondo, Girondo y Girondo volando por doquier.<\/p>\n<p>Caigo en la cuenta del \u201clevante\u201d de mi acento. Chale.<\/p>\n<p>Y, a lo lejos, veo una zebra, en esa zebra, unas nalgas y en cada nalga, otra zebra.<\/p>\n<p>&nbsp;<\/p>\n<p><strong>3 Agosto<\/strong><\/p>\n<p>A punto de ser inmigrante ilegal en la Argentina. <em>S\u00f3lo espera a que me deshaga de este inmigrante ilegal y volveremos a estar juntos los tres<\/em>. Pitonisa hija de re mil\u2026 R\u00edo de la Plata. Escape. Las chicas del buque tienen senos bizcos que se asoman por el barandal en busca de alg\u00fan acu\u00e1tico fam\u00e9lico capaz de libarles, y unas nalgas merecedoras de sucumbir ante aleteos, de mariposas, potros, leones, gatos, monos, humanos.<\/p>\n<p>Al fondo, un rostro similar a Ricelli. Strogonoff y la brisa salada de un recuerdo. Levrero. La mujer que me prest\u00f3 la birome me ve feo. Mucha tinta he gastado ya. Uruguay, Colonia.<\/p>\n<p><strong>\u00a0\u00a0\u00a0\u00a0\u00a0\u00a0\u00a0\u00a0\u00a0\u00a0\u00a0 <\/strong>***<\/p>\n<p>\u00a1Frenen el mundo que quiero bajarme! Frenen el fren\u00e9tico frenes\u00ed. San Telmo. Piazzolla, Gardel, Villoldo. Yo, <em>por una cabeza, \/ si ella me olvida, \/ \u00bfqu\u00e9 importa perderme?, \/ mil veces la vida, \/ \u00bfpara qu\u00e9 vivir?<\/em> Mujeres, m\u00fasica, vino, amistad. <em>En el tabaco, en el caf\u00e9, en el vino, \/ \u2028al borde de la noche se levantan\u00a0\/ \u2028como esas voces que a lo lejos cantan \/ \u2028sin que se sepa qu\u00e9, por el camino. <\/em>\u201cEl amor, las mujeres y la vida\u201d.<\/p>\n<p>Frenen el fren\u00e9tico frenes\u00ed.<\/p>\n<p>Con el silencio del bullicio, el alegre cansancio, la embriaguez del alma y el sutil, pero constante, recuerdo; el sopor resultaba inminente. De ah\u00ed, lo dem\u00e1s fue silencio, oscuridad.<\/p>\n<p>&nbsp;<\/p>\n\n\t\t\t  <div \n\t\t\t  \tclass = \"fb-comments\" \n\t\t\t  \tdata-href = \"http:\/\/www.eloriente.net\/home\/2013\/08\/11\/unos-cuantos-dias-portenos\/\"\n\t\t\t  \tdata-numposts = \"10\"\n\t\t\t\tdata-colorscheme = \"dark\"\n\t\t\t\tdata-order-by = \"social\"\n\t\t\t\tdata-mobile=true>\n\t\t\t  <\/div>\n\t\t  <style>\n\t\t\t.fb_iframe_widget_fluid_desktop iframe {\n\t\t\t    width: 100% !important;\n\t\t\t}\n\t\t  <\/style>\n\t\t  ","protected":false},"excerpt":{"rendered":"<p>eloriente.net 11 de agosto de 2013 Por: Omar Alejandro Cort\u00e9s A Gast\u00f3n Pereyra Las siguientes p\u00e1ginas son el recuerdo de un olvido. -Luis Cernuda- Con el silencio de la tarde, el cansancio -en m\u00e1s de un sentido- del d\u00eda, la pesadez de la digesti\u00f3n y el sutil, pero constante, recuerdo; el sopor resultaba inminente. De [&hellip;]<\/p>\n","protected":false},"author":14,"featured_media":15633,"comment_status":"open","ping_status":"open","sticky":false,"template":"","format":"standard","meta":{"_jetpack_memberships_contains_paid_content":false,"footnotes":""},"categories":[56,11,18,57,31],"tags":[],"class_list":["post-15632","post","type-post","status-publish","format-standard","has-post-thumbnail","hentry","category-cine","category-colaboradores","category-educacion-y-cultura","category-omar-alejandro-angel","category-principal"],"jetpack_featured_media_url":"http:\/\/www.eloriente.net\/home\/wp-content\/uploads\/2013\/08\/diasporte\u00f1os.jpg","jetpack_sharing_enabled":true,"_links":{"self":[{"href":"http:\/\/www.eloriente.net\/home\/wp-json\/wp\/v2\/posts\/15632"}],"collection":[{"href":"http:\/\/www.eloriente.net\/home\/wp-json\/wp\/v2\/posts"}],"about":[{"href":"http:\/\/www.eloriente.net\/home\/wp-json\/wp\/v2\/types\/post"}],"author":[{"embeddable":true,"href":"http:\/\/www.eloriente.net\/home\/wp-json\/wp\/v2\/users\/14"}],"replies":[{"embeddable":true,"href":"http:\/\/www.eloriente.net\/home\/wp-json\/wp\/v2\/comments?post=15632"}],"version-history":[{"count":2,"href":"http:\/\/www.eloriente.net\/home\/wp-json\/wp\/v2\/posts\/15632\/revisions"}],"predecessor-version":[{"id":15635,"href":"http:\/\/www.eloriente.net\/home\/wp-json\/wp\/v2\/posts\/15632\/revisions\/15635"}],"wp:featuredmedia":[{"embeddable":true,"href":"http:\/\/www.eloriente.net\/home\/wp-json\/wp\/v2\/media\/15633"}],"wp:attachment":[{"href":"http:\/\/www.eloriente.net\/home\/wp-json\/wp\/v2\/media?parent=15632"}],"wp:term":[{"taxonomy":"category","embeddable":true,"href":"http:\/\/www.eloriente.net\/home\/wp-json\/wp\/v2\/categories?post=15632"},{"taxonomy":"post_tag","embeddable":true,"href":"http:\/\/www.eloriente.net\/home\/wp-json\/wp\/v2\/tags?post=15632"}],"curies":[{"name":"wp","href":"https:\/\/api.w.org\/{rel}","templated":true}]}}