{"id":15636,"date":"2013-08-11T11:54:12","date_gmt":"2013-08-11T17:54:12","guid":{"rendered":"http:\/\/www.eloriente.net\/home\/?p=15636"},"modified":"2013-08-15T13:44:10","modified_gmt":"2013-08-15T19:44:10","slug":"que-esperar-para-festival-internacional-de-cine-de-morelia-nominados-2013","status":"publish","type":"post","link":"http:\/\/www.eloriente.net\/home\/2013\/08\/11\/que-esperar-para-festival-internacional-de-cine-de-morelia-nominados-2013\/","title":{"rendered":"\u00bfQu\u00e9 esperar para Festival Internacional de Cine de Morelia?; nominados 2013"},"content":{"rendered":"<p>eloriente.net \/ <a href=\"http:\/\/moreliafilmfest.com\/\" target=\"_blank\">FICM<\/a><\/p>\n<p>11 de agosto de 2013<\/p>\n<p>eloriente.net (Oaxaca, Oax., a 11 de agosto de 2013).- El cine es una de las grandes pasiones de los lectores y productores de ELORIENTE.NET. Por eso, seguimos de cerca los festivales y eventos relacionados en M\u00e9xico y el mundo.<\/p>\n<p>Es el caso del Festival Internacional de Cine de Morelia, que en este 2013 llega a sus 11 a\u00f1os de efectuarse, ahora con nuevas secciones y con un ins\u00f3lito n\u00famero de cintas nominadas.<\/p>\n<p>Para conocer m\u00e1s detalles del FICM que se efectuar\u00e1 del 18 al 27 de octubre de 2013 pr\u00f3ximos, se efectu\u00f3 la semana que termina un HangOut conducido por Oscar Uriel, en el cual participa la directora del festival, Daniela Michel, as\u00ed como Daniela Alatorre, productora del mismo; Alejandro Lubezki, asesor; y Mariana Linares coordinadora de &#8216;Frente&#8217;.<\/p>\n<p>En esta conversaci\u00f3n, se realiza un repaso a los principales t\u00f3picos de lo que puede esperarse para esta edici\u00f3n 2013 y los hallazgos cinematogr\u00e1ficos que pueden esperarse en Morelia.<\/p>\n<p>&nbsp;<\/p>\n<p><iframe loading=\"lazy\" src=\"\/\/www.youtube.com\/embed\/OgkJDFAzV6E\" frameborder=\"0\" width=\"560\" height=\"315\"><\/iframe><br \/>\n<strong>Selecci\u00f3n 2013<\/strong><\/p>\n<p><strong>Secci\u00f3n Largometraje Mexicano<\/strong><\/p>\n<p>1.\u00a0<em>A los ojos<\/em>. Michel y Victoria Franco<br \/>\n2.\u00a0<em>Club S\u00e1ndwich<\/em>. Fernando Eimbcke<br \/>\n3.\u00a0<em>Las horas muertas.<\/em>\u00a0Aar\u00f3n Fern\u00e1ndez<br \/>\n4.\u00a0<em>Los ins\u00f3litos peces gato<\/em>. Claudia Sainte-Luce<br \/>\n5.\u00a0<em>La jaula de oro<\/em>. Diego Quemada-Diez<br \/>\n6.\u00a0<em>Manto Acu\u00edfero<\/em>. Michael Rowe<br \/>\n7.\u00a0<em>Para\u00edso<\/em>. Mariana Chenillo<br \/>\n8.\u00a0<em>Penumbra<\/em>. Eduardo Villanueva<br \/>\n9.\u00a0<em>Somos Mari Pepa<\/em>. Samuel Kishi Leopo<br \/>\n10.\u00a0<em>La vida despu\u00e9s<\/em>. David Pablos<br \/>\n11.\u00a0<em>Workers.<\/em>\u00a0Jos\u00e9 Luis Valle<\/p>\n<p><strong>Secci\u00f3n Cortometraje Mexicano<\/strong><\/p>\n<p><strong>FICCI\u00d3N<\/strong><\/p>\n<p>1.\u00a0<em>Algo tan peque\u00f1o<\/em>. Gabriel Mari\u00f1o<br \/>\n2.\u00a0<em>Arma blanca.<\/em>\u00a0Mauricio Calder\u00f3n Rico<br \/>\n3.\u00a0<em>La ausencia<\/em>. Saulo Corona<br \/>\n4.\u00a0<em>Avenida Progreso<\/em>. Mauricio Guill\u00e9n<br \/>\n5.\u00a0<em>Avi\u00e9ntame<\/em>. Haroldo Fajardo<br \/>\n6.\u00a0<em>La banqueta<\/em>. Ana\u00efs Pareto Onghena<br \/>\n7.\u00a0<em>Blackout cap\u00edtulo 4 \u201cUna llamada a Neverland\u201d<\/em>. Manuel Camacho<br \/>\n8.\u00a0<em>Dissonance<\/em>. Alejandro Jim\u00e9nez<br \/>\n9.\u00a0<em>El dolor fantasma<\/em>. Jos\u00e9 Pablo Escamilla Gonz\u00e1lez Arag\u00f3n<br \/>\n10.\u00a0<em>En el bosque.<\/em>\u00a0Alejandra Ibarrola Medina<br \/>\n11.\u00a0<em>Estatuas<\/em>. Roberto Fiesco<br \/>\n12.\u00a0<em>El fin de la existencia de las cosas<\/em>. Dalia Huerta Cano<br \/>\n13.\u00a0<em>Frente al espejo<\/em>. Carlos Kasuski<br \/>\n14.\u00a0<em>Gajes del oficio<\/em>. Mariana Gironella<br \/>\n15.\u00a0<em>Hermanas<\/em>. Cristina Kotz Cornejo<br \/>\n16.\u00a0<em>Inframundo<\/em>. Ana Mary Ramos<br \/>\n17.\u00a0<em>Jerusal\u00e9n<\/em>. Alicia Segovia Ju\u00e1rez<br \/>\n18.\u00a0<em>La laguna encantada<\/em>. Pablo P\u00e9rez Lombardini<br \/>\n19.\u00a0<em>M\u00fasica para despu\u00e9s de dormir.<\/em>\u00a0Nicol\u00e1s Rojas S\u00e1nchez<br \/>\n20.\u00a0<em>Ni aqu\u00ed ni all\u00e1<\/em>. Gina Herrera<br \/>\n21.\u00a0<em>El palacio de las flores.<\/em>\u00a0Regina Garc\u00eda Sol\u00f3rzano<br \/>\n22.\u00a0<em>Paradisio.<\/em>\u00a0Rodrigo Ruiz Patterson<br \/>\n23.\u00a0<em>Pasajeros<\/em>. Miguel Fern\u00e1ndez<br \/>\n24.\u00a0<em>Porcelana<\/em>. Betzab\u00e9 Garc\u00eda<br \/>\n25.\u00a0<em>Pr\u00edncipe<\/em>. Indra Villase\u00f1or<br \/>\n26.\u00a0<em>Protocolo.<\/em>\u00a0Rodrigo Hern\u00e1ndez<br \/>\n27.\u00a0<em>El regalo.<\/em>\u00a0Sergio Umansky<br \/>\n28.\u00a0<em>El r\u00edo ah\u00ed entre los \u00e1rboles.<\/em>\u00a0Pepe Guti\u00e9rrez<br \/>\n29.\u00a0<em>Sable.<\/em>\u00a0Jean-Marc Rousseau Ruiz<br \/>\n30.\u00a0<em>Silent.<\/em>\u00a0Jos\u00e9 Yapur<br \/>\n31.\u00a0<em>Sof\u00eda de Bucarest<\/em>. Santiago Mohar Volkow<br \/>\n32.\u00a0<em>Syjamscy<\/em>. Joaqu\u00edn del Paso<br \/>\n33.\u00a0<em>El triunfo<\/em>. Baltazar Pe\u00f1a R\u00edos<br \/>\n34.\u00a0<em>El \u00faltimo velo<\/em>. Luis Palomino<br \/>\n35.\u00a0<em>Zero Hour<\/em>. Dan Carrillo<\/p>\n<p><strong>ANIMACI\u00d3N<\/strong><\/p>\n<p>1.\u00a0<em>La casa triste<\/em>. Sof\u00eda Carrillo<br \/>\n2.\u00a0<em>Dry Gulch<\/em>. Alejandro Ayala Alberola<br \/>\n3.\u00a0<em>Electrodom\u00e9stico.<\/em>\u00a0Erik de Luna<br \/>\n4.\u00a0<em>Lluvia en los ojos<\/em>. Rita Basulto<br \/>\n5.\u00a0<em>Moskina<\/em>. Beatriz Herrera Carrillo<br \/>\n6.\u00a0<em>\u00bfQu\u00e9 es la guerra?<\/em>\u00a0Luis Beltr\u00e1n<br \/>\n7.\u00a0<em>Tierra seca<\/em>. Ricardo Torres<br \/>\n8.\u00a0<em>Un d\u00eda en familia<\/em>. Pedro \u201cZulu\u201d Gonz\u00e1lez<\/p>\n<p><strong>Secci\u00f3n Michoacana<\/strong><\/p>\n<p><strong>LARGOMETRAJE<\/strong><\/p>\n<p>1.\u00a0<em>Enero<\/em>. Adri\u00e1n Gonz\u00e1lez Camargo<\/p>\n<p><strong>CORTOMETRAJES<\/strong><\/p>\n<p>1.\u00a0<em>Algo del universo<\/em>. Diego Isham<br \/>\n2.\u00a0<em>Ciudad capital<\/em>. Agust\u00edn Bracho Adalid<br \/>\n3.\u00a0<em>Dr. Onco.<\/em>\u00a0Yadira Arellano<br \/>\n4.<em>\u00a0Esteban Grabinski<\/em>. V\u00edctor Rodrigo P\u00e9rez Hern\u00e1ndez<br \/>\n5.\u00a0<em>Larga espera<\/em>. Julio Alberto \u00c1vila D\u00edaz<br \/>\n6.\u00a0<em>Llamada nocturna<\/em>. Mauricio Calder\u00f3n<br \/>\n7.<em>\u00a0Secreto<\/em>. Jorge Sistos Moreno<br \/>\n8.\u00a0<em>Terreno bald\u00edo<\/em>. Gerardo Mart\u00ednez Aguilar<br \/>\n9.\u00a0<em>Tiempos supermodernos<\/em>. Lubianca Dur\u00e1n Becerra<br \/>\n10.\u00a0<em>Una estatua mutilada<\/em>. Juan Carlos O\u00f1ate<\/p>\n<p>Secci\u00f3n Documental Mexicano<\/p>\n<p><strong>LARGOMETRAJES\u00a0<\/strong><\/p>\n<p>1.\u00a0<em>Los a\u00f1os de Fierro.<\/em>\u00a0Santiago Esteinou<br \/>\n2.\u00a0<em>Atempa, sue\u00f1os a orillas del r\u00edo.<\/em>\u00a0Edson Caballero Trujillo<br \/>\n3.\u00a0<em>El cuarto desnudo.<\/em>\u00a0Nuria Ib\u00e1\u00f1ez<br \/>\n4.\u00a0<em>Elevador.<\/em>\u00a0Adri\u00e1n Ortiz Maciel<br \/>\n5.\u00a0<em>El hombre detr\u00e1s de la m\u00e1scara<\/em>. Gabriela Obreg\u00f3n<br \/>\n6.\u00a0<em>Lejan\u00eda<\/em>. Pablo Tamez Sierra<br \/>\n7.\u00a0<em>Oasis.<\/em>\u00a0Alejandro C\u00e1rdenas<br \/>\n8.<em>\u00a0Quebranto.<\/em>\u00a0Roberto Fiesco<br \/>\n9.\u00a0<em>Rosario<\/em>. Shula Erenberg<br \/>\n10.\u00a0<em>Tochi.<\/em>\u00a0Misael Alva Alva<\/p>\n<p><strong><strong>CORTOMETRAJES<\/strong><br \/>\n<\/strong><\/p>\n<p>1.\u00a0<em>La ahorcadita<\/em>. Pierre Saint-Martin y Carlos Torres<br \/>\n2.\u00a0<em>Amor en tiempos de incendios<\/em>. Gilberto Gonz\u00e1lez Penilla<br \/>\n3.\u00a0<em>B-boy<\/em>. Abraham Escobedo Salas<br \/>\n4.\u00a0<em>Familia desconocida<\/em>. Ezequiel Reyes<br \/>\n5.\u00a0<em>Fuera de foco<\/em>. Adri\u00e1n Arce y Antonio Ziri\u00f3n<br \/>\n6.\u00a0<em>El imaginario y su t\u00fanel.<\/em>\u00a0Javier Qui\u00f1ones S\u00e1nchez y Javier Ni\u00f1o Barrios<br \/>\n7.\u00a0<em>Manos grandes.<\/em>\u00a0Roberto Olivares Ruiz<br \/>\n8.\u00a0<em>Mi punto de partida<\/em>. Uriel L\u00f3pez Espa\u00f1a<br \/>\n9.\u00a0<em>Las monta\u00f1as invisibles<\/em>. \u00c1ngel Linares<br \/>\n10.\u00a0<em>La Parka<\/em>. Gabriel Serra<br \/>\n11.\u00a0<em>Parque Colosio<\/em>. Bruno Varela<br \/>\n12.\u00a0<em>T\u00famin. Econom\u00eda solidaria<\/em>. Melissa Elizondo Moreno<br \/>\n13.\u00a0<em>Un salto de vida<\/em>. Eugenio Polgovsky<\/p>\n<p>&nbsp;<\/p>\n<p>Otras entradas:<\/p>\n<p><a title=\"Permalink to Festival Internacional de Cine de Morelia lanza convocatoria a productores mexicanos\" href=\"http:\/\/www.eloriente.net\/home\/2013\/04\/29\/festival-internacional-de-cine-de-morelia-lanza-convocatoria-a-productores-mexicanos\/\" rel=\"bookmark\">Festival Internacional de Cine de Morelia lanza convocatoria a productores mexicanos<\/a><\/p>\n<p><a href=\"http:\/\/www.eloriente.net\/home\/2013\/04\/29\/festival-internacional-de-cine-de-morelia-lanza-convocatoria-a-productores-mexicanos\/\" rel=\"bookmark\"><img decoding=\"async\" title=\"Festival Internacional de Cine de Morelia lanza convocatoria a productores mexicanos\" src=\"http:\/\/www.eloriente.net\/home\/wp-content\/themes\/city-desk\/timthumb.php?src=http%3A%2F%2Fwww.eloriente.net%2Fhome%2Fwp-content%2Fuploads%2F2013%2F04%2FCaptura-de-pantalla-2013-04-29-a-las-09.32.11.png&amp;q=90&amp;w=160&amp;h=106&amp;zc=1\" alt=\"Festival Internacional de Cine de Morelia lanza convocatoria a productores mexicanos\" \/><\/a><\/p>\n<p>eloriente.net \/ Festival de Cine de Morelia 29 de abril de 2013 eloriente.net (Oaxaca, Oax.) 29 de abril de 2013.- En su onceava edici\u00f3n, el Festival Internacional de Cine de Morelia (FICM) ha lanzado la convocatoria a realizadores y productores de cortometrajes, documentales y largometrajes a inscribir sus trabajos en sus secciones competitivas, a fin [&#8230;]<\/p>\n<p>April 29, 2013<\/p>\n<div id=\"post-8435\">\n<p><a title=\"Permalink to Presentan Tercer Festival de Cine UNAM\" href=\"http:\/\/www.eloriente.net\/home\/2013\/02\/15\/presentan-tercer-festival-de-cine-unam\/\" rel=\"bookmark\">Presentan Tercer Festival de Cine UNAM<\/a><\/p>\n<p><a href=\"http:\/\/www.eloriente.net\/home\/2013\/02\/15\/presentan-tercer-festival-de-cine-unam\/\" rel=\"bookmark\"><img decoding=\"async\" title=\"Presentan Tercer Festival de Cine UNAM\" src=\"http:\/\/www.eloriente.net\/home\/wp-content\/themes\/city-desk\/timthumb.php?src=http%3A%2F%2Fwww.eloriente.net%2Fhome%2Fwp-content%2Fuploads%2F2013%2F02%2FFIC2013_newsletter_02-imagen-sola-01-baja.jpg&amp;q=90&amp;w=160&amp;h=106&amp;zc=1\" alt=\"Presentan Tercer Festival de Cine UNAM\" \/><\/a>eloriente.net\/ Conaculta\/ FICUNAM 15 de febrero de 2013 eloriente.net (Oaxaca, Oax.) 15 de febrero de 2013.- El d\u00eda de ayer fue presentada en el lobby de la Sala Miguel Covarrubias de Ciudad Universitaria, la tercera emisi\u00f3n del Festival Internacional de Cine UNAM (FICUNAM) que se llevar\u00e1 a cabo del 21 de febrero al 2 de [&#8230;]<\/p>\n<p>February 15, 2013<\/p>\n<\/div>\n<div id=\"post-7836\">\n<p><a title=\"Permalink to Ambulante presentar\u00e1 m\u00e1s de 100 filmes en su edici\u00f3n 2013\" href=\"http:\/\/www.eloriente.net\/home\/2013\/01\/30\/ambulante-presentara-mas-de-100-filmes-en-su-edicion-2013\/\" rel=\"bookmark\">Ambulante presentar\u00e1 m\u00e1s de 100 filmes en su edici\u00f3n 2013<\/a><\/p>\n<p><a href=\"http:\/\/www.eloriente.net\/home\/2013\/01\/30\/ambulante-presentara-mas-de-100-filmes-en-su-edicion-2013\/\" rel=\"bookmark\"><img decoding=\"async\" title=\"Ambulante presentar\u00e1 m\u00e1s de 100 filmes en su edici\u00f3n 2013\" src=\"http:\/\/www.eloriente.net\/home\/wp-content\/themes\/city-desk\/timthumb.php?src=http%3A%2F%2Fwww.eloriente.net%2Fhome%2Fwp-content%2Fuploads%2F2013%2F01%2Fambulante.jpg&amp;q=90&amp;w=160&amp;h=106&amp;zc=1\" alt=\"Ambulante presentar\u00e1 m\u00e1s de 100 filmes en su edici\u00f3n 2013\" \/><\/a>eloriente.net\/ Conaculta 30 de enero de 2013 eloriente.net (Oaxaca, Oax.) 30 de enero de 2013.- El d\u00eda de ayer el director del Instituto Mexicano de Cinematograf\u00eda (Imcine), Jorge S\u00e1nchez, present\u00f3 en conferencia de prensa Ambulante Gira de Documentales 2013, la cual inicia el pr\u00f3ximo 7 de febrero con un programa de 106 filmes de 27 [&#8230;]<\/p>\n<p>January 30, 2013<\/p>\n<\/div>\n<div id=\"post-4949\">\n<p><a title=\"Permalink to Abre Escuela de Guionismo \u201cMauricio Magdaleno\u201d en Morelia\" href=\"http:\/\/www.eloriente.net\/home\/2012\/11\/11\/abre-escuela-de-guionismo-mauricio-magdaleno-en-morelia\/\" rel=\"bookmark\">Abre Escuela de Guionismo \u201cMauricio Magdaleno\u201d en Morelia<\/a><\/p>\n<p><a href=\"http:\/\/www.eloriente.net\/home\/2012\/11\/11\/abre-escuela-de-guionismo-mauricio-magdaleno-en-morelia\/\" rel=\"bookmark\"><img decoding=\"async\" title=\"Abre Escuela de Guionismo \u201cMauricio Magdaleno\u201d en Morelia\" src=\"http:\/\/www.eloriente.net\/home\/wp-content\/themes\/city-desk\/timthumb.php?src=http%3A%2F%2Fwww.eloriente.net%2Fhome%2Fwp-content%2Fuploads%2F2012%2F11%2Fmoreliafilmfest.com-ESCUELA-DE-GUION.jpg&amp;q=90&amp;w=160&amp;h=106&amp;zc=1\" alt=\"Abre Escuela de Guionismo \u201cMauricio Magdaleno\u201d en Morelia\" \/><\/a>eloriente.net \/ CONACULTA 11 de noviembre de 2012 eloriente.net (Oaxaca, Oax. a 11 de noviembre de 2012).- La Escuela de Gui\u00f3n Cinematogr\u00e1fico \u201cMauricio Magdaleno\u201d ha abierto sus puertas en Morelia, Michoac\u00e1n, coordinada por el Centro de Capacitaci\u00f3n Cinematogr\u00e1fica (CCC). La apertura se dio en el marco de la d\u00e9cima edici\u00f3n del\u00a0Festival Internacional de Cine de [&#8230;]<\/p>\n<p>November 11, 2012<\/p>\n<\/div>\n\n\t\t\t  <div \n\t\t\t  \tclass = \"fb-comments\" \n\t\t\t  \tdata-href = \"http:\/\/www.eloriente.net\/home\/2013\/08\/11\/que-esperar-para-festival-internacional-de-cine-de-morelia-nominados-2013\/\"\n\t\t\t  \tdata-numposts = \"10\"\n\t\t\t\tdata-colorscheme = \"dark\"\n\t\t\t\tdata-order-by = \"social\"\n\t\t\t\tdata-mobile=true>\n\t\t\t  <\/div>\n\t\t  <style>\n\t\t\t.fb_iframe_widget_fluid_desktop iframe {\n\t\t\t    width: 100% !important;\n\t\t\t}\n\t\t  <\/style>\n\t\t  ","protected":false},"excerpt":{"rendered":"<p>eloriente.net \/ FICM 11 de agosto de 2013 eloriente.net (Oaxaca, Oax., a 11 de agosto de 2013).- El cine es una de las grandes pasiones de los lectores y productores de ELORIENTE.NET. Por eso, seguimos de cerca los festivales y eventos relacionados en M\u00e9xico y el mundo. Es el caso del Festival Internacional de Cine [&hellip;]<\/p>\n","protected":false},"author":1,"featured_media":15637,"comment_status":"open","ping_status":"open","sticky":false,"template":"","format":"standard","meta":{"_jetpack_memberships_contains_paid_content":false,"footnotes":""},"categories":[4,56,32,13,63],"tags":[],"class_list":["post-15636","post","type-post","status-publish","format-standard","has-post-thumbnail","hentry","category-canal-2-en-vivo","category-cine","category-entradas","category-especiales","category-estados"],"jetpack_featured_media_url":"http:\/\/www.eloriente.net\/home\/wp-content\/uploads\/2013\/08\/Festival-internacional-de-cine-morelia-hangout-Facebook-DR.jpg","jetpack_sharing_enabled":true,"_links":{"self":[{"href":"http:\/\/www.eloriente.net\/home\/wp-json\/wp\/v2\/posts\/15636"}],"collection":[{"href":"http:\/\/www.eloriente.net\/home\/wp-json\/wp\/v2\/posts"}],"about":[{"href":"http:\/\/www.eloriente.net\/home\/wp-json\/wp\/v2\/types\/post"}],"author":[{"embeddable":true,"href":"http:\/\/www.eloriente.net\/home\/wp-json\/wp\/v2\/users\/1"}],"replies":[{"embeddable":true,"href":"http:\/\/www.eloriente.net\/home\/wp-json\/wp\/v2\/comments?post=15636"}],"version-history":[{"count":4,"href":"http:\/\/www.eloriente.net\/home\/wp-json\/wp\/v2\/posts\/15636\/revisions"}],"predecessor-version":[{"id":15639,"href":"http:\/\/www.eloriente.net\/home\/wp-json\/wp\/v2\/posts\/15636\/revisions\/15639"}],"wp:featuredmedia":[{"embeddable":true,"href":"http:\/\/www.eloriente.net\/home\/wp-json\/wp\/v2\/media\/15637"}],"wp:attachment":[{"href":"http:\/\/www.eloriente.net\/home\/wp-json\/wp\/v2\/media?parent=15636"}],"wp:term":[{"taxonomy":"category","embeddable":true,"href":"http:\/\/www.eloriente.net\/home\/wp-json\/wp\/v2\/categories?post=15636"},{"taxonomy":"post_tag","embeddable":true,"href":"http:\/\/www.eloriente.net\/home\/wp-json\/wp\/v2\/tags?post=15636"}],"curies":[{"name":"wp","href":"https:\/\/api.w.org\/{rel}","templated":true}]}}