{"id":15640,"date":"2013-08-12T06:48:45","date_gmt":"2013-08-12T12:48:45","guid":{"rendered":"http:\/\/www.eloriente.net\/home\/?p=15640"},"modified":"2013-08-12T07:12:15","modified_gmt":"2013-08-12T13:12:15","slug":"modifica-tribunal-de-oaxaca-integracion-de-salas","status":"publish","type":"post","link":"http:\/\/www.eloriente.net\/home\/2013\/08\/12\/modifica-tribunal-de-oaxaca-integracion-de-salas\/","title":{"rendered":"Modifica Tribunal de Oaxaca integraci\u00f3n de salas"},"content":{"rendered":"<p>eloriente.net \/ Tribunal Superior de Justicia<\/p>\n<p>12 de agosto de 2013<\/p>\n<p>\u00b7\u00a0\u00a0\u00a0\u00a0\u00a0\u00a0\u00a0\u00a0\u00a0En sesi\u00f3n, el Pleno acord\u00f3 la readscripci\u00f3n de magistradas en la mayor\u00eda de las Salas del TSJ para garantizar la participaci\u00f3n equitativa de las mujeres<\/p>\n<p>En cumplimiento a los tratados internacionales suscritos y ratificados por M\u00e9xico, as\u00ed como lo preceptuado en los art\u00edculos 1 y 4 de la Constituci\u00f3n Federal que fundan el principio de igualdad entre hombres y mujeres; los diversos niveles gubernamentales han adoptado pol\u00edticas p\u00fablicas para instrumentar acciones con perspectiva de g\u00e9nero, buscando eliminar las brechas de g\u00e9nero y promover la igualdad de oportunidades, en la construcci\u00f3n de una sociedad m\u00e1s justa, equitativa, democr\u00e1tica y participativa.<\/p>\n<p>Dicha responsabilidad obliga a las instituciones del Estado, incluido el Poder Judicial a garantizar el pleno respeto a la transversalidad de g\u00e9nero en el ejercicio de sus funciones, y de esta manera mejorar la situaci\u00f3n espec\u00edfica de las mujeres.<\/p>\n<p>En este contexto, el Pleno del H. Tribunal Superior de Justicia del Estado de Oaxaca, en sesi\u00f3n del 8 de agosto del a\u00f1o en curso, acord\u00f3 la readscripci\u00f3n de magistradas en la mayor\u00eda de las Salas de ese \u00f3rgano colegiado; quedando de la siguiente manera: en la primera Sala Penal permanecer\u00e1 la magistrada Maribel Mendoza Flores; en la Sala Familiar, por la naturaleza de la materia, las magistradas Mar\u00eda Eugenia Villanueva Abraj\u00e1n y Alma L\u00f3pez V\u00e1squez.<\/p>\n<p>En la primera Sala Civil continuar\u00e1 la magistrada Mar\u00eda Laura Ortiz Aguirre; en la segunda Sala Civil se incorpora la magistrada Leonor Galv\u00e1n Cort\u00e9s; y, por lo que respecta\u00a0\u00a0a la Sala Constitucional, se adscribe a la magistrada Gregoria Hortensia Castellanos Ch\u00e1vez; mientras que la segunda y tercera Salas Penales, permanecer\u00e1n iguales.<\/p>\n<p>Cabe hacer menci\u00f3n que la nueva adscripci\u00f3n de las magistradas entrar\u00e1 en vigor a partir del 15 de agosto del a\u00f1o en curso.<\/p>\n<p><a href=\"http:\/\/www.eloriente.net\/home\/wp-content\/uploads\/2013\/08\/Pleno-del-Tribunal-Superior-de-Justicia-3.jpg\"><img loading=\"lazy\" decoding=\"async\" class=\"aligncenter size-medium wp-image-15643\" title=\"Pleno del Tribunal Superior de Justicia 3\" src=\"http:\/\/www.eloriente.net\/home\/wp-content\/uploads\/2013\/08\/Pleno-del-Tribunal-Superior-de-Justicia-3-300x139.jpg\" alt=\"\" width=\"300\" height=\"139\" srcset=\"http:\/\/www.eloriente.net\/home\/wp-content\/uploads\/2013\/08\/Pleno-del-Tribunal-Superior-de-Justicia-3-300x139.jpg 300w, http:\/\/www.eloriente.net\/home\/wp-content\/uploads\/2013\/08\/Pleno-del-Tribunal-Superior-de-Justicia-3-1024x477.jpg 1024w\" sizes=\"(max-width: 300px) 100vw, 300px\" \/><\/a><\/p>\n<p>Foto: TSJEO<\/p>\n\n\t\t\t  <div \n\t\t\t  \tclass = \"fb-comments\" \n\t\t\t  \tdata-href = \"http:\/\/www.eloriente.net\/home\/2013\/08\/12\/modifica-tribunal-de-oaxaca-integracion-de-salas\/\"\n\t\t\t  \tdata-numposts = \"10\"\n\t\t\t\tdata-colorscheme = \"dark\"\n\t\t\t\tdata-order-by = \"social\"\n\t\t\t\tdata-mobile=true>\n\t\t\t  <\/div>\n\t\t  <style>\n\t\t\t.fb_iframe_widget_fluid_desktop iframe {\n\t\t\t    width: 100% !important;\n\t\t\t}\n\t\t  <\/style>\n\t\t  ","protected":false},"excerpt":{"rendered":"<p>eloriente.net \/ Tribunal Superior de Justicia 12 de agosto de 2013 \u00b7\u00a0\u00a0\u00a0\u00a0\u00a0\u00a0\u00a0\u00a0\u00a0En sesi\u00f3n, el Pleno acord\u00f3 la readscripci\u00f3n de magistradas en la mayor\u00eda de las Salas del TSJ para garantizar la participaci\u00f3n equitativa de las mujeres En cumplimiento a los tratados internacionales suscritos y ratificados por M\u00e9xico, as\u00ed como lo preceptuado en los art\u00edculos 1 [&hellip;]<\/p>\n","protected":false},"author":1,"featured_media":15643,"comment_status":"open","ping_status":"open","sticky":false,"template":"","format":"standard","meta":{"_jetpack_memberships_contains_paid_content":false,"footnotes":""},"categories":[29,22,32,63,10,21,31],"tags":[],"class_list":["post-15640","post","type-post","status-publish","format-standard","has-post-thumbnail","hentry","category-capital","category-derechos-humanos","category-entradas","category-estados","category-lo-mas-reciente","category-politica-y-gobierno","category-principal"],"jetpack_featured_media_url":"http:\/\/www.eloriente.net\/home\/wp-content\/uploads\/2013\/08\/Pleno-del-Tribunal-Superior-de-Justicia-3.jpg","jetpack_sharing_enabled":true,"_links":{"self":[{"href":"http:\/\/www.eloriente.net\/home\/wp-json\/wp\/v2\/posts\/15640"}],"collection":[{"href":"http:\/\/www.eloriente.net\/home\/wp-json\/wp\/v2\/posts"}],"about":[{"href":"http:\/\/www.eloriente.net\/home\/wp-json\/wp\/v2\/types\/post"}],"author":[{"embeddable":true,"href":"http:\/\/www.eloriente.net\/home\/wp-json\/wp\/v2\/users\/1"}],"replies":[{"embeddable":true,"href":"http:\/\/www.eloriente.net\/home\/wp-json\/wp\/v2\/comments?post=15640"}],"version-history":[{"count":3,"href":"http:\/\/www.eloriente.net\/home\/wp-json\/wp\/v2\/posts\/15640\/revisions"}],"predecessor-version":[{"id":15642,"href":"http:\/\/www.eloriente.net\/home\/wp-json\/wp\/v2\/posts\/15640\/revisions\/15642"}],"wp:featuredmedia":[{"embeddable":true,"href":"http:\/\/www.eloriente.net\/home\/wp-json\/wp\/v2\/media\/15643"}],"wp:attachment":[{"href":"http:\/\/www.eloriente.net\/home\/wp-json\/wp\/v2\/media?parent=15640"}],"wp:term":[{"taxonomy":"category","embeddable":true,"href":"http:\/\/www.eloriente.net\/home\/wp-json\/wp\/v2\/categories?post=15640"},{"taxonomy":"post_tag","embeddable":true,"href":"http:\/\/www.eloriente.net\/home\/wp-json\/wp\/v2\/tags?post=15640"}],"curies":[{"name":"wp","href":"https:\/\/api.w.org\/{rel}","templated":true}]}}