{"id":15793,"date":"2013-08-15T12:50:30","date_gmt":"2013-08-15T18:50:30","guid":{"rendered":"http:\/\/www.eloriente.net\/home\/?p=15793"},"modified":"2013-08-15T12:50:30","modified_gmt":"2013-08-15T18:50:30","slug":"mujeres-con-discapacidad-doble-discriminacion","status":"publish","type":"post","link":"http:\/\/www.eloriente.net\/home\/2013\/08\/15\/mujeres-con-discapacidad-doble-discriminacion\/","title":{"rendered":"Mujeres con discapacidad: doble discriminaci\u00f3n"},"content":{"rendered":"<p style=\"text-align: right\">Por: Alejandra Silva Soriano<\/p>\n<p>Oaxaca est\u00e1 viviendo un clima dif\u00edcil, la violencia de g\u00e9nero desafortunadamente va en aumento y es no s\u00f3lo necesario, sino urgente que se tomen medidas al respecto. Es por ello que en este art\u00edculo har\u00e9 hincapi\u00e9 sobre la situaci\u00f3n doblemente dif\u00edcil que enfrentan las mujeres y ni\u00f1as con alguna discapacidad.<\/p>\n<p>Seg\u00fan informa el Banco Mundial, cada minuto m\u00e1s de 30 mujeres sufren lesiones o contraen discapacidades graves durante el parto y, por lo general estas mujeres, cuya cifra oscila entre los 15 y los 50 millones, pasan inadvertidas. Por otra parte, las mujeres con discapacidad se enfrentan a dificultades mucho m\u00e1s graves tanto en la esfera p\u00fablica como en la privada, siendo las m\u00e1s comunes \u00a0la falta de acceso a los servicios de salud, educaci\u00f3n, formaci\u00f3n profesional, empleo\u00a0 y una vivienda adecuada.<\/p>\n<p>Las mujeres y las ni\u00f1as con discapacidad viven discriminaci\u00f3n no solamente por su discapacidad, sino por ser mujeres, lo que provoca que est\u00e9n m\u00e1s expuestas a la violencia por motivos de g\u00e9nero, abusos sexuales, \u00a0abandono, \u00a0malos tratos y explotaci\u00f3n.<\/p>\n<p>Es por ello, que la comunidad internacional, preocupada ante el aumento desmedido de dichos fen\u00f3menos, estableci\u00f3 una serie de normas y criterios internacionales, cuyo principal objetivo es lograr el empoderamiento de la mujer con discapacidad y que de esta forma pueda gozar de condiciones necesarias para el disfrute de todos sus derechos humanos.<\/p>\n<p>Dentro de los instrumentos legales que existen, est\u00e1 la <em>Convenci\u00f3n sobre la eliminaci\u00f3n de todas las formas de discriminaci\u00f3n contra la mujer<\/em> la cual contiene disposiciones espec\u00edficas dirigidas a salvaguardar los derechos de las ni\u00f1as y mujeres con discapacidad, haciendo referencia a\u00a0 los servicios de apoyo que deber\u00e1 otorgar el Estado para que este sector tenga \u00f3ptimas condiciones para su desarrollo.<\/p>\n<p>Existe tambi\u00e9n la <em>Convenci\u00f3n sobre los derechos de las personas con discapacidad<\/em> en la que se reconoce que las mujeres y las ni\u00f1as con discapacidad suelen estar expuestas a un riesgo mayor, dentro y fuera del hogar, de violencia, lesiones o abuso, abandono o trato negligente, malos tratos o explotaci\u00f3n. Por lo anterior, obliga a los Estados que firmaron y ratificaron dicha Convenci\u00f3n, entre los cuales se encuentra M\u00e9xico, a adoptar las medidas pertinentes para la promoci\u00f3n de la igualdad de g\u00e9nero y el empoderamiento de la mujer con discapacidad.<\/p>\n<p>La marginaci\u00f3n de las ni\u00f1as y las mujeres de todas las edades debe ser un tema prioritario en las instituciones p\u00fablicas, m\u00e1s a\u00fan si viven con alguna discapacidad. Existen los mecanismos e instrumentos legales para proteger nuestros derechos fundamentales, ahora es tarea del Estado aplicarlos y tenerlos en cuenta en todas las actividades de formulaci\u00f3n de pol\u00edticas y programaci\u00f3n.<\/p>\n<p>Que tengan una bonita semana. Dios nos bendiga.<\/p>\n\n\t\t\t  <div \n\t\t\t  \tclass = \"fb-comments\" \n\t\t\t  \tdata-href = \"http:\/\/www.eloriente.net\/home\/2013\/08\/15\/mujeres-con-discapacidad-doble-discriminacion\/\"\n\t\t\t  \tdata-numposts = \"10\"\n\t\t\t\tdata-colorscheme = \"dark\"\n\t\t\t\tdata-order-by = \"social\"\n\t\t\t\tdata-mobile=true>\n\t\t\t  <\/div>\n\t\t  <style>\n\t\t\t.fb_iframe_widget_fluid_desktop iframe {\n\t\t\t    width: 100% !important;\n\t\t\t}\n\t\t  <\/style>\n\t\t  ","protected":false},"excerpt":{"rendered":"<p>Por: Alejandra Silva Soriano Oaxaca est\u00e1 viviendo un clima dif\u00edcil, la violencia de g\u00e9nero desafortunadamente va en aumento y es no s\u00f3lo necesario, sino urgente que se tomen medidas al respecto. Es por ello que en este art\u00edculo har\u00e9 hincapi\u00e9 sobre la situaci\u00f3n doblemente dif\u00edcil que enfrentan las mujeres y ni\u00f1as con alguna discapacidad. Seg\u00fan [&hellip;]<\/p>\n","protected":false},"author":20,"featured_media":0,"comment_status":"open","ping_status":"open","sticky":false,"template":"","format":"standard","meta":{"_jetpack_memberships_contains_paid_content":false,"footnotes":""},"categories":[72,11,32,13,30],"tags":[],"class_list":["post-15793","post","type-post","status-publish","format-standard","hentry","category-alejandra-silva-soriano","category-colaboradores","category-entradas","category-especiales","category-salud"],"jetpack_featured_media_url":"","jetpack_sharing_enabled":true,"_links":{"self":[{"href":"http:\/\/www.eloriente.net\/home\/wp-json\/wp\/v2\/posts\/15793"}],"collection":[{"href":"http:\/\/www.eloriente.net\/home\/wp-json\/wp\/v2\/posts"}],"about":[{"href":"http:\/\/www.eloriente.net\/home\/wp-json\/wp\/v2\/types\/post"}],"author":[{"embeddable":true,"href":"http:\/\/www.eloriente.net\/home\/wp-json\/wp\/v2\/users\/20"}],"replies":[{"embeddable":true,"href":"http:\/\/www.eloriente.net\/home\/wp-json\/wp\/v2\/comments?post=15793"}],"version-history":[{"count":1,"href":"http:\/\/www.eloriente.net\/home\/wp-json\/wp\/v2\/posts\/15793\/revisions"}],"predecessor-version":[{"id":15794,"href":"http:\/\/www.eloriente.net\/home\/wp-json\/wp\/v2\/posts\/15793\/revisions\/15794"}],"wp:attachment":[{"href":"http:\/\/www.eloriente.net\/home\/wp-json\/wp\/v2\/media?parent=15793"}],"wp:term":[{"taxonomy":"category","embeddable":true,"href":"http:\/\/www.eloriente.net\/home\/wp-json\/wp\/v2\/categories?post=15793"},{"taxonomy":"post_tag","embeddable":true,"href":"http:\/\/www.eloriente.net\/home\/wp-json\/wp\/v2\/tags?post=15793"}],"curies":[{"name":"wp","href":"https:\/\/api.w.org\/{rel}","templated":true}]}}