{"id":15903,"date":"2013-08-20T16:23:04","date_gmt":"2013-08-20T22:23:04","guid":{"rendered":"http:\/\/www.eloriente.net\/home\/?p=15903"},"modified":"2013-08-20T16:23:04","modified_gmt":"2013-08-20T22:23:04","slug":"20-23ago13-jardines-de-pelicula-en-casa-de-la-ciudad","status":"publish","type":"post","link":"http:\/\/www.eloriente.net\/home\/2013\/08\/20\/20-23ago13-jardines-de-pelicula-en-casa-de-la-ciudad\/","title":{"rendered":"20-23\/Ago\/13: &#8216;Jardines de Pel\u00edcula&#8217; en Casa de la Ciudad"},"content":{"rendered":"<p>todooaxacaradio.com\/<a href=\"http:\/\/www.fahho.org\">FAHHO<\/a><\/p>\n<p>20 de agosto de 2013<\/p>\n<p>La Fundaci\u00f3n Alfredo Harp Hel\u00fa, a trav\u00e9s de la Casa de la Ciudad, te invitan a disfrutar del ciclo Jardines de Pel\u00edcula que inici\u00f3 el 19 de agosto pero que contin\u00faa toda la semana.<\/p>\n<p>La cartelera completa la puedes leer a continuaci\u00f3n. En todooaxacaradio.com hemos completado la misma con el trailer respectivo para que puedas escoger la cinta de tu preferencia. Hay que decir, adicionalmente, que cualquier selecci\u00f3n es muy buena.<\/p>\n<p>19 de agosto:<strong> El Jard\u00edn Secreto<\/strong>, pel\u00edcula inglesa de 1993 dirigida por Agnieszka Holland, basada en la novela de Frances Hodgson Burnett. Mary es una peque\u00f1a hu\u00e9rfana que es enviada a vivir a Inglaterra con un t\u00edo, su \u00fanico pariente. Aburrida de estar todo el d\u00eda sola, Mary comienza a explorar y descubre un gran jard\u00edn que se convertir\u00e1 en un refugio para ella y sus nuevos amigos.<\/p>\n<p><iframe loading=\"lazy\" src=\"\/\/www.youtube.com\/embed\/cBeMKczPRoI\" frameborder=\"0\" width=\"420\" height=\"315\"><\/iframe><\/p>\n<p>El martes 20 se presentar\u00e1 <strong>El Joven Manos de Tijera<\/strong> del exc\u00e9ntrico director Tim Burtom.\u00a0Esta fant\u00e1stica historia trata sobre Edward, un hombre artificial que tiene tijeras en vez de manos.<\/p>\n<p><iframe loading=\"lazy\" src=\"\/\/www.youtube.com\/embed\/Fre-_06-96w\" frameborder=\"0\" width=\"560\" height=\"315\"><\/iframe><\/p>\n<p>&nbsp;<\/p>\n<p>Para el mi\u00e9rcoles 21 exhibir\u00e1n\u00a0 <strong>\u00abWallace y Gromit: la venganza de los vegetales\u201d<\/strong>, filme de claymation del a\u00f1o 2005, dirigido por Nick Park y Steve Box.<\/p>\n<p>La competencia anual de vegetales gigantes de Tottinton Hall est\u00e1 cerca. Todos buscan llevarse el codiciado premio, pero algo amenaza la competencia.<\/p>\n<p>&nbsp;<\/p>\n<p><iframe loading=\"lazy\" src=\"\/\/www.youtube.com\/embed\/LiSWD0o1des\" frameborder=\"0\" width=\"420\" height=\"315\"><\/iframe><\/p>\n<p>El jueves 22 presentar\u00e1n \u00a0la pel\u00edcula inglesa <strong>\u201cGreenfinger\u201d<\/strong>, del 2000 y dirigida por Joel Hershman. Basada en una historia de la vida real, es protagonizada por Clive Owen y Helen Mirren y trata de lo que sucede cuando unos presos deciden cultivar un jard\u00edn dentro de una prisi\u00f3n.<\/p>\n<p><strong><em><br \/>\n<iframe loading=\"lazy\" src=\"\/\/www.youtube.com\/embed\/lzvwH5EhNTI\" frameborder=\"0\" width=\"420\" height=\"315\"><\/iframe><\/em><\/strong><\/p>\n<p>&nbsp;<\/p>\n<p>El ciclo termina el viernes 23 con \u201cVatel\u201d, filme del 2000 dirigido por Roland Joff\u00e9. Film dram\u00e1tico basado en la vida de un cocinero franc\u00e9s del siglo XVII, Fran\u00e7ois Vatel. Protagonizado por G\u00e9rard Depardieu, Uma Thurman y Tim Roth.<br \/>\n<iframe loading=\"lazy\" src=\"\/\/www.youtube.com\/embed\/4e7FnTEGwnI\" frameborder=\"0\" width=\"560\" height=\"315\"><\/iframe><\/p>\n<p>&nbsp;<\/p>\n<p>Todo Oaxaca Radio te invita a ver cada una de las pel\u00edculas y disfrutar de la riqueza cultural que nos muestran.<\/p>\n<p><a href=\"http:\/\/www.todooaxacaradio.com\/wp-content\/uploads\/2013\/08\/carteleleraago45.jpg\"><img loading=\"lazy\" decoding=\"async\" class=\"aligncenter size-medium wp-image-13349\" title=\"carteleleraago45\" src=\"http:\/\/www.todooaxacaradio.com\/wp-content\/uploads\/2013\/08\/carteleleraago45-194x300.jpg\" alt=\"\" width=\"194\" height=\"300\" \/><\/a><\/p>\n\n\t\t\t  <div \n\t\t\t  \tclass = \"fb-comments\" \n\t\t\t  \tdata-href = \"http:\/\/www.eloriente.net\/home\/2013\/08\/20\/20-23ago13-jardines-de-pelicula-en-casa-de-la-ciudad\/\"\n\t\t\t  \tdata-numposts = \"10\"\n\t\t\t\tdata-colorscheme = \"dark\"\n\t\t\t\tdata-order-by = \"social\"\n\t\t\t\tdata-mobile=true>\n\t\t\t  <\/div>\n\t\t  <style>\n\t\t\t.fb_iframe_widget_fluid_desktop iframe {\n\t\t\t    width: 100% !important;\n\t\t\t}\n\t\t  <\/style>\n\t\t  ","protected":false},"excerpt":{"rendered":"<p>todooaxacaradio.com\/FAHHO 20 de agosto de 2013 La Fundaci\u00f3n Alfredo Harp Hel\u00fa, a trav\u00e9s de la Casa de la Ciudad, te invitan a disfrutar del ciclo Jardines de Pel\u00edcula que inici\u00f3 el 19 de agosto pero que contin\u00faa toda la semana. La cartelera completa la puedes leer a continuaci\u00f3n. En todooaxacaradio.com hemos completado la misma con [&hellip;]<\/p>\n","protected":false},"author":1,"featured_media":15904,"comment_status":"open","ping_status":"open","sticky":false,"template":"","format":"standard","meta":{"_jetpack_memberships_contains_paid_content":false,"footnotes":""},"categories":[8,29,56,49,32,10],"tags":[],"class_list":["post-15903","post","type-post","status-publish","format-standard","has-post-thumbnail","hentry","category-agenda","category-capital","category-cine","category-destacadas","category-entradas","category-lo-mas-reciente"],"jetpack_featured_media_url":"http:\/\/www.eloriente.net\/home\/wp-content\/uploads\/2013\/08\/@El-joven-manos-de-tijera-Edward-Scissorhands.jpg","jetpack_sharing_enabled":true,"_links":{"self":[{"href":"http:\/\/www.eloriente.net\/home\/wp-json\/wp\/v2\/posts\/15903"}],"collection":[{"href":"http:\/\/www.eloriente.net\/home\/wp-json\/wp\/v2\/posts"}],"about":[{"href":"http:\/\/www.eloriente.net\/home\/wp-json\/wp\/v2\/types\/post"}],"author":[{"embeddable":true,"href":"http:\/\/www.eloriente.net\/home\/wp-json\/wp\/v2\/users\/1"}],"replies":[{"embeddable":true,"href":"http:\/\/www.eloriente.net\/home\/wp-json\/wp\/v2\/comments?post=15903"}],"version-history":[{"count":2,"href":"http:\/\/www.eloriente.net\/home\/wp-json\/wp\/v2\/posts\/15903\/revisions"}],"predecessor-version":[{"id":15906,"href":"http:\/\/www.eloriente.net\/home\/wp-json\/wp\/v2\/posts\/15903\/revisions\/15906"}],"wp:featuredmedia":[{"embeddable":true,"href":"http:\/\/www.eloriente.net\/home\/wp-json\/wp\/v2\/media\/15904"}],"wp:attachment":[{"href":"http:\/\/www.eloriente.net\/home\/wp-json\/wp\/v2\/media?parent=15903"}],"wp:term":[{"taxonomy":"category","embeddable":true,"href":"http:\/\/www.eloriente.net\/home\/wp-json\/wp\/v2\/categories?post=15903"},{"taxonomy":"post_tag","embeddable":true,"href":"http:\/\/www.eloriente.net\/home\/wp-json\/wp\/v2\/tags?post=15903"}],"curies":[{"name":"wp","href":"https:\/\/api.w.org\/{rel}","templated":true}]}}