{"id":15947,"date":"2013-08-22T12:41:32","date_gmt":"2013-08-22T18:41:32","guid":{"rendered":"http:\/\/www.eloriente.net\/home\/?p=15947"},"modified":"2013-08-22T17:25:35","modified_gmt":"2013-08-22T23:25:35","slug":"integran-gabinete-turistico-federal-para-lograr-politica-nacional","status":"publish","type":"post","link":"http:\/\/www.eloriente.net\/home\/2013\/08\/22\/integran-gabinete-turistico-federal-para-lograr-politica-nacional\/","title":{"rendered":"Integran Gabinete Tur\u00edstico federal para lograr Pol\u00edtica Nacional"},"content":{"rendered":"<p>eloriente.net \/ SECTUR<\/p>\n<p>22 de agosto de 2013<\/p>\n<p>La Secretaria de Turismo del Gobierno de la Rep\u00fablica, Claudia Ruiz Massieu, afirm\u00f3 que el Gabinete Tur\u00edstico instalado por el Presidente Enrique Pe\u00f1a Nieto ser\u00e1 fundamental para hacer m\u00e1s eficiente la acci\u00f3n del gobierno en esta materia, a fin de impulsar el turismo en el pa\u00eds.<\/p>\n<p>El Gabinete Tur\u00edstico, subray\u00f3, ser\u00e1 un parteaguas en la estrategia de pol\u00edtica tur\u00edstica, mediante el cual todas las dependencias trabajaremos coordinadas para seguir impulsando al sector, que es una palanca de desarrollo.<\/p>\n<p>Dicho Gabinete es coordinado por la Secretar\u00eda de Turismo y tiene el prop\u00f3sito de identificar y desarrollar los temas transversales en los que participa cada dependencia del Gobierno de la Rep\u00fablica, as\u00ed como de proponer soluciones.<\/p>\n<p>El Gabinete Tur\u00edstico tiene el prop\u00f3sito de articular los planes, acciones y presupuestos que inciden de manera directa en el sector turismo.<\/p>\n<p>Los objetivos del Gabinete Tur\u00edstico, son: coordinar las acciones de las dependencias federales para lograr los objetivos de la Pol\u00edtica Nacional Tur\u00edstica; eficientar, racionalizar y exponenciar el uso de los recursos p\u00fablicos destinados al sector tur\u00edstico; consolidar la Pol\u00edtica Nacional Tur\u00edstica como eje fundamental para el desarrollo de M\u00e9xico, e incorporar las propuestas y opiniones de la iniciativa privada y del sector social en la pol\u00edtica sectorial.<\/p>\n<p>Para lograr esas acciones, ser\u00e1n instalados pr\u00f3ximamente ocho grupos de trabajo con los temas: ordenamiento y coordinaci\u00f3n institucional; conectividad e infraestructura; registro, calidad y certificaci\u00f3n de servicios tur\u00edsticos; facilitaci\u00f3n de inversiones y financiamiento; facilitaci\u00f3n de viaje; promoci\u00f3n eficaz; seguridad integral para el turismo, e innovaci\u00f3n, competitividad y desarrollo de productos tur\u00edsticos.<\/p>\n<p>El Gabinete Tur\u00edstico, coordinado por la SECTUR, est\u00e1 integrado por los titulares de las dependencias que participar\u00e1n de manera permanente:<\/p>\n<p>De Gobernaci\u00f3n, Relaciones Exteriores, Hacienda y Cr\u00e9dito P\u00fablico, Medio Ambiente y Recursos Naturales, Econom\u00eda, Comunicaciones y Transportes, Desarrollo Agrario, Territorial y Urbano; el Consejero Jur\u00eddico del Ejecutivo Federal, y el Jefe de la Oficina de la Presidencia de la Rep\u00fablica.<\/p>\n<p>Adem\u00e1s, participar\u00e1n los titulares de 12 dependencias en calidad de invitados: de las secretar\u00edas de Desarrollo Social, Salud, Educaci\u00f3n P\u00fablica, Trabajo y Previsi\u00f3n Social, Energ\u00eda, Agricultura, Ganader\u00eda, Desarrollo Rural, Pesca y Alimentaci\u00f3n, Marina, Defensa Nacional, Procuradur\u00eda General de la Rep\u00fablica, Petr\u00f3leos Mexicanos, ISSSTE e IMSS.<\/p>\n<p><a href=\"http:\/\/www.eloriente.net\/home\/wp-content\/uploads\/2013\/08\/Taxco-@Secretar\u00edadeTurismo-Foto-Salomon-Majul.jpg\"><img loading=\"lazy\" decoding=\"async\" class=\"alignnone size-medium wp-image-15948\" title=\"Taxco @Secretar\u00edadeTurismo Foto Salomon Majul\" src=\"http:\/\/www.eloriente.net\/home\/wp-content\/uploads\/2013\/08\/Taxco-@Secretar\u00edadeTurismo-Foto-Salomon-Majul-300x166.jpg\" alt=\"\" width=\"300\" height=\"166\" srcset=\"http:\/\/www.eloriente.net\/home\/wp-content\/uploads\/2013\/08\/Taxco-@Secretar\u00edadeTurismo-Foto-Salomon-Majul-300x166.jpg 300w, http:\/\/www.eloriente.net\/home\/wp-content\/uploads\/2013\/08\/Taxco-@Secretar\u00edadeTurismo-Foto-Salomon-Majul.jpg 598w\" sizes=\"(max-width: 300px) 100vw, 300px\" \/><\/a><\/p>\n<p>Foto: <a href=\"https:\/\/www.facebook.com\/photo.php?fbid=632083193493079&amp;set=a.198467306854672.49245.190887494279320&amp;type=1&amp;theater\" target=\"_blank\">Taxco, SECTUR. Salom\u00f3n Majul<\/a><\/p>\n\n\t\t\t  <div \n\t\t\t  \tclass = \"fb-comments\" \n\t\t\t  \tdata-href = \"http:\/\/www.eloriente.net\/home\/2013\/08\/22\/integran-gabinete-turistico-federal-para-lograr-politica-nacional\/\"\n\t\t\t  \tdata-numposts = \"10\"\n\t\t\t\tdata-colorscheme = \"dark\"\n\t\t\t\tdata-order-by = \"social\"\n\t\t\t\tdata-mobile=true>\n\t\t\t  <\/div>\n\t\t  <style>\n\t\t\t.fb_iframe_widget_fluid_desktop iframe {\n\t\t\t    width: 100% !important;\n\t\t\t}\n\t\t  <\/style>\n\t\t  ","protected":false},"excerpt":{"rendered":"<p>eloriente.net \/ SECTUR 22 de agosto de 2013 La Secretaria de Turismo del Gobierno de la Rep\u00fablica, Claudia Ruiz Massieu, afirm\u00f3 que el Gabinete Tur\u00edstico instalado por el Presidente Enrique Pe\u00f1a Nieto ser\u00e1 fundamental para hacer m\u00e1s eficiente la acci\u00f3n del gobierno en esta materia, a fin de impulsar el turismo en el pa\u00eds. El [&hellip;]<\/p>\n","protected":false},"author":1,"featured_media":9795,"comment_status":"open","ping_status":"open","sticky":false,"template":"","format":"standard","meta":{"_jetpack_memberships_contains_paid_content":false,"footnotes":""},"categories":[32,10,31,19],"tags":[],"class_list":["post-15947","post","type-post","status-publish","format-standard","has-post-thumbnail","hentry","category-entradas","category-lo-mas-reciente","category-principal","category-turismo-y-negocios"],"jetpack_featured_media_url":"http:\/\/www.eloriente.net\/home\/wp-content\/uploads\/2013\/03\/Algunos-derechos-reservados-por-RussBowling-Puebla.jpg","jetpack_sharing_enabled":true,"_links":{"self":[{"href":"http:\/\/www.eloriente.net\/home\/wp-json\/wp\/v2\/posts\/15947"}],"collection":[{"href":"http:\/\/www.eloriente.net\/home\/wp-json\/wp\/v2\/posts"}],"about":[{"href":"http:\/\/www.eloriente.net\/home\/wp-json\/wp\/v2\/types\/post"}],"author":[{"embeddable":true,"href":"http:\/\/www.eloriente.net\/home\/wp-json\/wp\/v2\/users\/1"}],"replies":[{"embeddable":true,"href":"http:\/\/www.eloriente.net\/home\/wp-json\/wp\/v2\/comments?post=15947"}],"version-history":[{"count":3,"href":"http:\/\/www.eloriente.net\/home\/wp-json\/wp\/v2\/posts\/15947\/revisions"}],"predecessor-version":[{"id":15950,"href":"http:\/\/www.eloriente.net\/home\/wp-json\/wp\/v2\/posts\/15947\/revisions\/15950"}],"wp:featuredmedia":[{"embeddable":true,"href":"http:\/\/www.eloriente.net\/home\/wp-json\/wp\/v2\/media\/9795"}],"wp:attachment":[{"href":"http:\/\/www.eloriente.net\/home\/wp-json\/wp\/v2\/media?parent=15947"}],"wp:term":[{"taxonomy":"category","embeddable":true,"href":"http:\/\/www.eloriente.net\/home\/wp-json\/wp\/v2\/categories?post=15947"},{"taxonomy":"post_tag","embeddable":true,"href":"http:\/\/www.eloriente.net\/home\/wp-json\/wp\/v2\/tags?post=15947"}],"curies":[{"name":"wp","href":"https:\/\/api.w.org\/{rel}","templated":true}]}}