{"id":15955,"date":"2013-08-22T16:33:18","date_gmt":"2013-08-22T22:33:18","guid":{"rendered":"http:\/\/www.eloriente.net\/home\/?p=15955"},"modified":"2013-08-23T16:42:11","modified_gmt":"2013-08-23T22:42:11","slug":"en-video-medios-sobre-presencia-de-profesores-cnte-en-el-df","status":"publish","type":"post","link":"http:\/\/www.eloriente.net\/home\/2013\/08\/22\/en-video-medios-sobre-presencia-de-profesores-cnte-en-el-df\/","title":{"rendered":"En video: Medios sobre Presencia de Profesores CNTE en el DF"},"content":{"rendered":"<p>eloriente.net<\/p>\n<p>22 de agosto de 2013<\/p>\n<p>Fuera de todo antecedente, la irrupci\u00f3n en la capital del pa\u00eds de profesores aglutinados en la Coordinadora Nacional de Trabajadores de la Educaci\u00f3n (CNTE), entre los que se incluyen los de la Secci\u00f3n 22 de Oaxaca, se ha intensificado en las \u00faltimas horas.<\/p>\n<p>Los trabajadores manifiestan su desacuerdo con las reformas en materia educativa que el Congreso Federal estar\u00eda debatiendo de manera inminente.<\/p>\n<p>Diversos medios de comunicaci\u00f3n nacionales y de la capital han intensificado tambi\u00e9n su cobertura informativa sobre el tema. En este sentido, aqu\u00ed en ELORIENTE.NET iremos actualizando algunas miradas en video sobre la presencia de la CNTE en el DF, a modo de que las im\u00e1genes vayan quedando registradas y construyan el relato completo de manifestaci\u00f3n.<\/p>\n<p>En todos los casos se cita la fuente de la informaci\u00f3n.<\/p>\n<p><strong>23 de agosto<\/strong><\/p>\n<p><strong>Milenio: Ciudadanos se quejan por bloqueos de CNTE alrededor del Aeropuerto del DF:<\/strong><\/p>\n<p><iframe loading=\"lazy\" src=\"\/\/www.youtube.com\/embed\/RLBTomiWCSE\" frameborder=\"0\" width=\"420\" height=\"315\"><\/iframe><br \/>\n&nbsp;<\/p>\n<p><strong>22 de agosto de 2013<\/strong><\/p>\n<p><strong>TVC: Diputados Federales sesionan en Centro Banamex por bloqueo en San L\u00e1zaro<\/strong><\/p>\n<p>&nbsp;<\/p>\n<p><iframe loading=\"lazy\" src=\"\/\/www.youtube.com\/embed\/Kip6nbXCjeE\" frameborder=\"0\" width=\"420\" height=\"315\"><\/iframe><\/p>\n<p><strong>Once Noticias: Cordero urge al Gobierno del DF garant\u00edas para la sede del Senado<\/strong><\/p>\n<p><strong><\/strong><br \/>\n<iframe loading=\"lazy\" src=\"\/\/www.youtube.com\/embed\/YlzobHkc5hw\" frameborder=\"0\" width=\"560\" height=\"315\"><\/iframe><\/p>\n<p>&nbsp;<\/p>\n<p><strong>Aristegui Noticias: El Gobierno Federal \u00abtrat\u00f3 de enga\u00f1arnos\u00bb con leyes educativas: CNTE<\/strong><\/p>\n<p>&nbsp;<\/p>\n<p><iframe loading=\"lazy\" src=\"\/\/www.youtube.com\/embed\/dLwqYC6Ppxs\" frameborder=\"0\" width=\"420\" height=\"315\"><\/iframe><\/p>\n<p>&nbsp;<\/p>\n<p style=\"text-align: right;\"><strong>21 de agosto de 2013<\/strong><\/p>\n<p><strong>Cadena 3<\/strong><\/p>\n<p><strong><\/strong><br \/>\n<iframe loading=\"lazy\" src=\"\/\/www.youtube.com\/embed\/8PRkabDwv24\" frameborder=\"0\" width=\"420\" height=\"315\"><\/iframe><\/p>\n<p>&nbsp;<\/p>\n<p><strong>20 de agosto<\/strong><\/p>\n<p><strong>Maestros agreden a reportero y camar\u00f3grafo de Grupo Imagen Multimedia<\/strong><\/p>\n<p><strong><\/strong><br \/>\n<iframe loading=\"lazy\" src=\"\/\/www.youtube.com\/embed\/REzDKVIxDKs\" frameborder=\"0\" width=\"560\" height=\"315\"><\/iframe><\/p>\n<p><strong>Diario 24 horas: Enfrentamiento CNTE en San L\u00e1zaro<\/strong><\/p>\n<p><iframe loading=\"lazy\" src=\"\/\/www.youtube.com\/embed\/84C_Dymip8U\" frameborder=\"0\" width=\"560\" height=\"315\"><\/iframe><\/p>\n<p><strong>Quinto Poder: Maestros sitian el Z\u00f3calo del Distrito Federal<\/strong><br \/>\n<iframe loading=\"lazy\" src=\"\/\/www.youtube.com\/embed\/5wA3ylS2-Ws\" frameborder=\"0\" width=\"420\" height=\"315\"><\/iframe><\/p>\n\n\t\t\t  <div \n\t\t\t  \tclass = \"fb-comments\" \n\t\t\t  \tdata-href = \"http:\/\/www.eloriente.net\/home\/2013\/08\/22\/en-video-medios-sobre-presencia-de-profesores-cnte-en-el-df\/\"\n\t\t\t  \tdata-numposts = \"10\"\n\t\t\t\tdata-colorscheme = \"dark\"\n\t\t\t\tdata-order-by = \"social\"\n\t\t\t\tdata-mobile=true>\n\t\t\t  <\/div>\n\t\t  <style>\n\t\t\t.fb_iframe_widget_fluid_desktop iframe {\n\t\t\t    width: 100% !important;\n\t\t\t}\n\t\t  <\/style>\n\t\t  ","protected":false},"excerpt":{"rendered":"<p>eloriente.net 22 de agosto de 2013 Fuera de todo antecedente, la irrupci\u00f3n en la capital del pa\u00eds de profesores aglutinados en la Coordinadora Nacional de Trabajadores de la Educaci\u00f3n (CNTE), entre los que se incluyen los de la Secci\u00f3n 22 de Oaxaca, se ha intensificado en las \u00faltimas horas. Los trabajadores manifiestan su desacuerdo con [&hellip;]<\/p>\n","protected":false},"author":1,"featured_media":15956,"comment_status":"open","ping_status":"open","sticky":false,"template":"","format":"standard","meta":{"_jetpack_memberships_contains_paid_content":false,"footnotes":""},"categories":[6,18,32,10,24],"tags":[],"class_list":["post-15955","post","type-post","status-publish","format-standard","has-post-thumbnail","hentry","category-canal-4-especiales","category-educacion-y-cultura","category-entradas","category-lo-mas-reciente","category-mexico-y-el-mundo"],"jetpack_featured_media_url":"http:\/\/www.eloriente.net\/home\/wp-content\/uploads\/2013\/08\/Captura-de-pantalla-para-cobertura-cnte.png","jetpack_sharing_enabled":true,"_links":{"self":[{"href":"http:\/\/www.eloriente.net\/home\/wp-json\/wp\/v2\/posts\/15955"}],"collection":[{"href":"http:\/\/www.eloriente.net\/home\/wp-json\/wp\/v2\/posts"}],"about":[{"href":"http:\/\/www.eloriente.net\/home\/wp-json\/wp\/v2\/types\/post"}],"author":[{"embeddable":true,"href":"http:\/\/www.eloriente.net\/home\/wp-json\/wp\/v2\/users\/1"}],"replies":[{"embeddable":true,"href":"http:\/\/www.eloriente.net\/home\/wp-json\/wp\/v2\/comments?post=15955"}],"version-history":[{"count":4,"href":"http:\/\/www.eloriente.net\/home\/wp-json\/wp\/v2\/posts\/15955\/revisions"}],"predecessor-version":[{"id":15958,"href":"http:\/\/www.eloriente.net\/home\/wp-json\/wp\/v2\/posts\/15955\/revisions\/15958"}],"wp:featuredmedia":[{"embeddable":true,"href":"http:\/\/www.eloriente.net\/home\/wp-json\/wp\/v2\/media\/15956"}],"wp:attachment":[{"href":"http:\/\/www.eloriente.net\/home\/wp-json\/wp\/v2\/media?parent=15955"}],"wp:term":[{"taxonomy":"category","embeddable":true,"href":"http:\/\/www.eloriente.net\/home\/wp-json\/wp\/v2\/categories?post=15955"},{"taxonomy":"post_tag","embeddable":true,"href":"http:\/\/www.eloriente.net\/home\/wp-json\/wp\/v2\/tags?post=15955"}],"curies":[{"name":"wp","href":"https:\/\/api.w.org\/{rel}","templated":true}]}}