{"id":15962,"date":"2013-08-22T22:30:19","date_gmt":"2013-08-23T04:30:19","guid":{"rendered":"http:\/\/www.eloriente.net\/home\/?p=15962"},"modified":"2013-08-22T22:30:19","modified_gmt":"2013-08-23T04:30:19","slug":"en-vivo-senado-de-la-republica-debate-reforma-educativa","status":"publish","type":"post","link":"http:\/\/www.eloriente.net\/home\/2013\/08\/22\/en-vivo-senado-de-la-republica-debate-reforma-educativa\/","title":{"rendered":"En Vivo: Senado de la Rep\u00fablica debate Reforma Educativa"},"content":{"rendered":"<p>eloriente.net<\/p>\n<p>22 de agosto de 2013<\/p>\n<p>El Senado de la Rep\u00fablica debate reformas a diversas disposiciones de la Ley General de Educaci\u00f3n. Para ver la transmisi\u00f3n en vivo por la se\u00f1al por internet del Canal del Congreso, da click en la siguiente imagen:<\/p>\n<p><a href=\"http:\/\/micrositios.canaldelcongreso.gob.mx\/streamp-endip\/internet.html\" target=\"_blank\"><img loading=\"lazy\" decoding=\"async\" class=\"size-medium wp-image-15963 aligncenter\" title=\"Captura canal del congreso 220813\" src=\"http:\/\/www.eloriente.net\/home\/wp-content\/uploads\/2013\/08\/Captura-canal-del-congreso-220813-300x228.jpg\" alt=\"\" width=\"300\" height=\"228\" srcset=\"http:\/\/www.eloriente.net\/home\/wp-content\/uploads\/2013\/08\/Captura-canal-del-congreso-220813-300x228.jpg 300w, http:\/\/www.eloriente.net\/home\/wp-content\/uploads\/2013\/08\/Captura-canal-del-congreso-220813.jpg 342w\" sizes=\"(max-width: 300px) 100vw, 300px\" \/><\/a><\/p>\n\n\t\t\t  <div \n\t\t\t  \tclass = \"fb-comments\" \n\t\t\t  \tdata-href = \"http:\/\/www.eloriente.net\/home\/2013\/08\/22\/en-vivo-senado-de-la-republica-debate-reforma-educativa\/\"\n\t\t\t  \tdata-numposts = \"10\"\n\t\t\t\tdata-colorscheme = \"dark\"\n\t\t\t\tdata-order-by = \"social\"\n\t\t\t\tdata-mobile=true>\n\t\t\t  <\/div>\n\t\t  <style>\n\t\t\t.fb_iframe_widget_fluid_desktop iframe {\n\t\t\t    width: 100% !important;\n\t\t\t}\n\t\t  <\/style>\n\t\t  ","protected":false},"excerpt":{"rendered":"<p>eloriente.net 22 de agosto de 2013 El Senado de la Rep\u00fablica debate reformas a diversas disposiciones de la Ley General de Educaci\u00f3n. Para ver la transmisi\u00f3n en vivo por la se\u00f1al por internet del Canal del Congreso, da click en la siguiente imagen:<\/p>\n","protected":false},"author":1,"featured_media":15963,"comment_status":"open","ping_status":"open","sticky":false,"template":"","format":"standard","meta":{"_jetpack_memberships_contains_paid_content":false,"footnotes":""},"categories":[32,10,24,21],"tags":[],"class_list":["post-15962","post","type-post","status-publish","format-standard","has-post-thumbnail","hentry","category-entradas","category-lo-mas-reciente","category-mexico-y-el-mundo","category-politica-y-gobierno"],"jetpack_featured_media_url":"http:\/\/www.eloriente.net\/home\/wp-content\/uploads\/2013\/08\/Captura-canal-del-congreso-220813.jpg","jetpack_sharing_enabled":true,"_links":{"self":[{"href":"http:\/\/www.eloriente.net\/home\/wp-json\/wp\/v2\/posts\/15962"}],"collection":[{"href":"http:\/\/www.eloriente.net\/home\/wp-json\/wp\/v2\/posts"}],"about":[{"href":"http:\/\/www.eloriente.net\/home\/wp-json\/wp\/v2\/types\/post"}],"author":[{"embeddable":true,"href":"http:\/\/www.eloriente.net\/home\/wp-json\/wp\/v2\/users\/1"}],"replies":[{"embeddable":true,"href":"http:\/\/www.eloriente.net\/home\/wp-json\/wp\/v2\/comments?post=15962"}],"version-history":[{"count":2,"href":"http:\/\/www.eloriente.net\/home\/wp-json\/wp\/v2\/posts\/15962\/revisions"}],"predecessor-version":[{"id":15965,"href":"http:\/\/www.eloriente.net\/home\/wp-json\/wp\/v2\/posts\/15962\/revisions\/15965"}],"wp:featuredmedia":[{"embeddable":true,"href":"http:\/\/www.eloriente.net\/home\/wp-json\/wp\/v2\/media\/15963"}],"wp:attachment":[{"href":"http:\/\/www.eloriente.net\/home\/wp-json\/wp\/v2\/media?parent=15962"}],"wp:term":[{"taxonomy":"category","embeddable":true,"href":"http:\/\/www.eloriente.net\/home\/wp-json\/wp\/v2\/categories?post=15962"},{"taxonomy":"post_tag","embeddable":true,"href":"http:\/\/www.eloriente.net\/home\/wp-json\/wp\/v2\/tags?post=15962"}],"curies":[{"name":"wp","href":"https:\/\/api.w.org\/{rel}","templated":true}]}}