{"id":15966,"date":"2013-08-23T16:51:01","date_gmt":"2013-08-23T22:51:01","guid":{"rendered":"http:\/\/www.eloriente.net\/home\/?p=15966"},"modified":"2013-08-23T16:51:01","modified_gmt":"2013-08-23T22:51:01","slug":"femexfut-convoca-a-jugadores-mexicanos-que-actuan-en-europa","status":"publish","type":"post","link":"http:\/\/www.eloriente.net\/home\/2013\/08\/23\/femexfut-convoca-a-jugadores-mexicanos-que-actuan-en-europa\/","title":{"rendered":"Femexfut convoca a jugadores mexicanos que act\u00faan en Europa"},"content":{"rendered":"<p>eloriente.net \/ FEMEXFUT<\/p>\n<p>23 de agosto de 2013<\/p>\n<p>La Direcci\u00f3n General de Selecciones Nacionales da a conocer la convocatoria de jugadores mexicanos que militan en Europa, mismos que han sido solicitados a sus Clubes para participar en los encuentros del Hexagonal Final de CONCACAF para la Copa Mundial de la FIFA Brasil 2014, partidos M\u00e9xico vs Honduras y Estados Unidos vs M\u00e9xico, de los d\u00edas 6 y 10 de septiembre, respectivamente.<\/p>\n<p><strong>Jugadores<\/strong><\/p>\n<p>Giovani Dos Santos<\/p>\n<p>Javier Aquino<\/p>\n<p>H\u00e9ctor Moreno<\/p>\n<p>H\u00e9ctor Herrera<\/p>\n<p>Diego Reyes<\/p>\n<p>Javier Hern\u00e1ndez<\/p>\n<p>Andr\u00e9s Guardado<\/p>\n<p><a href=\"http:\/\/www.eloriente.net\/home\/wp-content\/uploads\/2013\/08\/jose-manuel-de-la-torre-femexfut.jpg\"><img loading=\"lazy\" decoding=\"async\" class=\"alignnone size-medium wp-image-15969\" title=\"jose manuel de la torre femexfut\" src=\"http:\/\/www.eloriente.net\/home\/wp-content\/uploads\/2013\/08\/jose-manuel-de-la-torre-femexfut-300x200.jpg\" alt=\"\" width=\"300\" height=\"200\" srcset=\"http:\/\/www.eloriente.net\/home\/wp-content\/uploads\/2013\/08\/jose-manuel-de-la-torre-femexfut-300x200.jpg 300w, http:\/\/www.eloriente.net\/home\/wp-content\/uploads\/2013\/08\/jose-manuel-de-la-torre-femexfut.jpg 1000w\" sizes=\"(max-width: 300px) 100vw, 300px\" \/><\/a><\/p>\n<p>Foto: DR. FEMEXFUT<\/p>\n\n\t\t\t  <div \n\t\t\t  \tclass = \"fb-comments\" \n\t\t\t  \tdata-href = \"http:\/\/www.eloriente.net\/home\/2013\/08\/23\/femexfut-convoca-a-jugadores-mexicanos-que-actuan-en-europa\/\"\n\t\t\t  \tdata-numposts = \"10\"\n\t\t\t\tdata-colorscheme = \"dark\"\n\t\t\t\tdata-order-by = \"social\"\n\t\t\t\tdata-mobile=true>\n\t\t\t  <\/div>\n\t\t  <style>\n\t\t\t.fb_iframe_widget_fluid_desktop iframe {\n\t\t\t    width: 100% !important;\n\t\t\t}\n\t\t  <\/style>\n\t\t  ","protected":false},"excerpt":{"rendered":"<p>eloriente.net \/ FEMEXFUT 23 de agosto de 2013 La Direcci\u00f3n General de Selecciones Nacionales da a conocer la convocatoria de jugadores mexicanos que militan en Europa, mismos que han sido solicitados a sus Clubes para participar en los encuentros del Hexagonal Final de CONCACAF para la Copa Mundial de la FIFA Brasil 2014, partidos M\u00e9xico [&hellip;]<\/p>\n","protected":false},"author":1,"featured_media":15969,"comment_status":"open","ping_status":"open","sticky":false,"template":"","format":"standard","meta":{"_jetpack_memberships_contains_paid_content":false,"footnotes":""},"categories":[15,32,10],"tags":[],"class_list":["post-15966","post","type-post","status-publish","format-standard","has-post-thumbnail","hentry","category-deportes","category-entradas","category-lo-mas-reciente"],"jetpack_featured_media_url":"http:\/\/www.eloriente.net\/home\/wp-content\/uploads\/2013\/08\/jose-manuel-de-la-torre-femexfut.jpg","jetpack_sharing_enabled":true,"_links":{"self":[{"href":"http:\/\/www.eloriente.net\/home\/wp-json\/wp\/v2\/posts\/15966"}],"collection":[{"href":"http:\/\/www.eloriente.net\/home\/wp-json\/wp\/v2\/posts"}],"about":[{"href":"http:\/\/www.eloriente.net\/home\/wp-json\/wp\/v2\/types\/post"}],"author":[{"embeddable":true,"href":"http:\/\/www.eloriente.net\/home\/wp-json\/wp\/v2\/users\/1"}],"replies":[{"embeddable":true,"href":"http:\/\/www.eloriente.net\/home\/wp-json\/wp\/v2\/comments?post=15966"}],"version-history":[{"count":2,"href":"http:\/\/www.eloriente.net\/home\/wp-json\/wp\/v2\/posts\/15966\/revisions"}],"predecessor-version":[{"id":15971,"href":"http:\/\/www.eloriente.net\/home\/wp-json\/wp\/v2\/posts\/15966\/revisions\/15971"}],"wp:featuredmedia":[{"embeddable":true,"href":"http:\/\/www.eloriente.net\/home\/wp-json\/wp\/v2\/media\/15969"}],"wp:attachment":[{"href":"http:\/\/www.eloriente.net\/home\/wp-json\/wp\/v2\/media?parent=15966"}],"wp:term":[{"taxonomy":"category","embeddable":true,"href":"http:\/\/www.eloriente.net\/home\/wp-json\/wp\/v2\/categories?post=15966"},{"taxonomy":"post_tag","embeddable":true,"href":"http:\/\/www.eloriente.net\/home\/wp-json\/wp\/v2\/tags?post=15966"}],"curies":[{"name":"wp","href":"https:\/\/api.w.org\/{rel}","templated":true}]}}