{"id":15994,"date":"2013-08-26T07:08:14","date_gmt":"2013-08-26T13:08:14","guid":{"rendered":"http:\/\/www.eloriente.net\/home\/?p=15994"},"modified":"2013-08-26T07:09:05","modified_gmt":"2013-08-26T13:09:05","slug":"cierran-27-28-de-agosto-vacantes-de-gobierno-federal-en-oaxaca","status":"publish","type":"post","link":"http:\/\/www.eloriente.net\/home\/2013\/08\/26\/cierran-27-28-de-agosto-vacantes-de-gobierno-federal-en-oaxaca\/","title":{"rendered":"Cierran 27-28 de agosto vacantes de Gobierno Federal en Oaxaca"},"content":{"rendered":"<p>eloriente.net<\/p>\n<p>26 de agosto de 2013<\/p>\n<p>eloriente.net (Oaxaca, Oax. a 26 de agosto de 2013).- Dos vacantes para cargos p\u00fablicos en Oaxaca cierran su convocatoria a concurso los d\u00edas 27 y 28 de agosto de 2013.<\/p>\n<p>Se trata de convocatorias dirigidas al p\u00fablico en general, es decir, p\u00fablicas y abiertas, para cualquier interesado en ingresar al Servicio Profesional de Carrera en la Administraci\u00f3n P\u00fablica Federal.<\/p>\n<p>Por un lado, <a href=\"http:\/\/www.trabajaen.gob.mx\/servlet\/CheckSecurity\/JSP\/jobsite_g\/js_proces_mex_dof.jsp?PAR_ORG=20&amp;PAR_JOB=52583\" target=\"_blank\">Programa Oportunidades<\/a> est\u00e1 solicitando un <strong>Jefe del Departamento de Salud<\/strong> con estudios terminados o pasant\u00eda en ciencias sociales y administrativas, educaci\u00f3n y humanidades o bien en ciencias de la salud o ciencias sociales o administrativas. El campo de experiencia requerido es de sociolog\u00eda o ciencia pol\u00edtica.<\/p>\n<p>Las habilidades generales solicitadas son trabajo en equipo y orientaci\u00f3n a resultados.<\/p>\n<p>El objetivo general del puesto es establecer relaciones de coordinaci\u00f3n con el sector salud a fin de atender los aspectos inherentes de la vinculaci\u00f3n del programa con este sector a fin de contribuir a la mejor atenci\u00f3n de las familias beneficiarias.<\/p>\n<p>El sueldo bruto mensual asciende la cantidad de $19,432.72 pesos mensuales.<\/p>\n<p>Por otro lado, la <a href=\"http:\/\/www.trabajaen.gob.mx\/servlet\/CheckSecurity\/JSP\/jobsite_g\/js_proces_mex_dof.jsp?PAR_ORG=14&amp;PAR_JOB=52513\" target=\"_blank\">Delegaci\u00f3n Oaxaca de la Secretar\u00eda del Trabajo y Previsi\u00f3n Social<\/a> est\u00e1 solicitando un Inspector Federal del Trabajo.<\/p>\n<p>Para esta vacante se requiere \u00fanicamente preparatoria o bachillerato terminado o pasante, disponibilidad para viajar, actitud de servicio y habilidades de comunicaci\u00f3n.<\/p>\n<p>El sueldo bruto mensual asciende la cantidad de $8,908.53 pesos mensuales.<\/p>\n<p><em><strong>DATOS DE APLICACI\u00d3N<\/strong><\/em><\/p>\n<ul>\n<li>Oportunidades: Libres 403, Centro, Oaxaca. Tel.\u00a0(55)5482-0700, exts. 60354<\/li>\n<li>Delegaci\u00f3n de la Secretar\u00eda del Trabajo: calle Carbonera, Trinidad de las Huertas, Oaxaca, Oaxaca. Tel.\u00a03067 3000<\/li>\n<\/ul>\n<div><\/div>\n<div><\/div>\n<div><a href=\"http:\/\/www.eloriente.net\/home\/wp-content\/uploads\/2013\/08\/Trabajando-Algunos-derechos-reservados-por-Mario-Pleitez.jpg\"><img loading=\"lazy\" decoding=\"async\" class=\"alignnone size-medium wp-image-15995\" title=\"Trabajando Algunos derechos reservados por Mario Pleitez\" src=\"http:\/\/www.eloriente.net\/home\/wp-content\/uploads\/2013\/08\/Trabajando-Algunos-derechos-reservados-por-Mario-Pleitez-300x200.jpg\" alt=\"\" width=\"300\" height=\"200\" srcset=\"http:\/\/www.eloriente.net\/home\/wp-content\/uploads\/2013\/08\/Trabajando-Algunos-derechos-reservados-por-Mario-Pleitez-300x200.jpg 300w, http:\/\/www.eloriente.net\/home\/wp-content\/uploads\/2013\/08\/Trabajando-Algunos-derechos-reservados-por-Mario-Pleitez.jpg 1024w\" sizes=\"(max-width: 300px) 100vw, 300px\" \/><\/a><\/div>\n<div><\/div>\n<div>Foto:\u00a0<a title=\"Attribution License\" href=\"http:\/\/creativecommons.org\/licenses\/by\/2.0\/\">Algunos derechos reservados<\/a>\u00a0por\u00a0<a href=\"http:\/\/www.flickr.com\/photos\/alfinaldeesteviaje\/\">Mario Pleitez<\/a><\/div>\n<p>&nbsp;<\/p>\n\n\t\t\t  <div \n\t\t\t  \tclass = \"fb-comments\" \n\t\t\t  \tdata-href = \"http:\/\/www.eloriente.net\/home\/2013\/08\/26\/cierran-27-28-de-agosto-vacantes-de-gobierno-federal-en-oaxaca\/\"\n\t\t\t  \tdata-numposts = \"10\"\n\t\t\t\tdata-colorscheme = \"dark\"\n\t\t\t\tdata-order-by = \"social\"\n\t\t\t\tdata-mobile=true>\n\t\t\t  <\/div>\n\t\t  <style>\n\t\t\t.fb_iframe_widget_fluid_desktop iframe {\n\t\t\t    width: 100% !important;\n\t\t\t}\n\t\t  <\/style>\n\t\t  ","protected":false},"excerpt":{"rendered":"<p>eloriente.net 26 de agosto de 2013 eloriente.net (Oaxaca, Oax. a 26 de agosto de 2013).- Dos vacantes para cargos p\u00fablicos en Oaxaca cierran su convocatoria a concurso los d\u00edas 27 y 28 de agosto de 2013. Se trata de convocatorias dirigidas al p\u00fablico en general, es decir, p\u00fablicas y abiertas, para cualquier interesado en ingresar [&hellip;]<\/p>\n","protected":false},"author":1,"featured_media":15995,"comment_status":"open","ping_status":"open","sticky":false,"template":"","format":"standard","meta":{"_jetpack_memberships_contains_paid_content":false,"footnotes":""},"categories":[29,26,32,10,31],"tags":[],"class_list":["post-15994","post","type-post","status-publish","format-standard","has-post-thumbnail","hentry","category-capital","category-convocatorias","category-entradas","category-lo-mas-reciente","category-principal"],"jetpack_featured_media_url":"http:\/\/www.eloriente.net\/home\/wp-content\/uploads\/2013\/08\/Trabajando-Algunos-derechos-reservados-por-Mario-Pleitez.jpg","jetpack_sharing_enabled":true,"_links":{"self":[{"href":"http:\/\/www.eloriente.net\/home\/wp-json\/wp\/v2\/posts\/15994"}],"collection":[{"href":"http:\/\/www.eloriente.net\/home\/wp-json\/wp\/v2\/posts"}],"about":[{"href":"http:\/\/www.eloriente.net\/home\/wp-json\/wp\/v2\/types\/post"}],"author":[{"embeddable":true,"href":"http:\/\/www.eloriente.net\/home\/wp-json\/wp\/v2\/users\/1"}],"replies":[{"embeddable":true,"href":"http:\/\/www.eloriente.net\/home\/wp-json\/wp\/v2\/comments?post=15994"}],"version-history":[{"count":3,"href":"http:\/\/www.eloriente.net\/home\/wp-json\/wp\/v2\/posts\/15994\/revisions"}],"predecessor-version":[{"id":15998,"href":"http:\/\/www.eloriente.net\/home\/wp-json\/wp\/v2\/posts\/15994\/revisions\/15998"}],"wp:featuredmedia":[{"embeddable":true,"href":"http:\/\/www.eloriente.net\/home\/wp-json\/wp\/v2\/media\/15995"}],"wp:attachment":[{"href":"http:\/\/www.eloriente.net\/home\/wp-json\/wp\/v2\/media?parent=15994"}],"wp:term":[{"taxonomy":"category","embeddable":true,"href":"http:\/\/www.eloriente.net\/home\/wp-json\/wp\/v2\/categories?post=15994"},{"taxonomy":"post_tag","embeddable":true,"href":"http:\/\/www.eloriente.net\/home\/wp-json\/wp\/v2\/tags?post=15994"}],"curies":[{"name":"wp","href":"https:\/\/api.w.org\/{rel}","templated":true}]}}