{"id":15999,"date":"2013-08-26T07:16:08","date_gmt":"2013-08-26T13:16:08","guid":{"rendered":"http:\/\/www.eloriente.net\/home\/?p=15999"},"modified":"2013-08-26T07:16:08","modified_gmt":"2013-08-26T13:16:08","slug":"abre-diplomado-en-derecho-notarial-y-registral-en-oaxaca","status":"publish","type":"post","link":"http:\/\/www.eloriente.net\/home\/2013\/08\/26\/abre-diplomado-en-derecho-notarial-y-registral-en-oaxaca\/","title":{"rendered":"Abre Diplomado en Derecho Notarial y Registral en Oaxaca"},"content":{"rendered":"<p>eloriente.net \/<a href=\"http:\/\/www.tribunaloax.gob.mx\/\" target=\"_blank\"> TSJEO<\/a><\/p>\n<p>26 de agosto de 2013<\/p>\n<p>\u00b7\u00a0\u00a0\u00a0\u00a0\u00a0\u00a0\u00a0\u00a0\u00a0El titular del Poder Judicial, magistrado Alfredo Lagunas Rivera reconoci\u00f3 la valiosa labor de los profesionales del derecho y fedatarios<\/p>\n<p style=\"text-align: left;\" align=\"center\">A invitaci\u00f3n de la Universidad Aut\u00f3noma \u201cBenito Ju\u00e1rez\u201d de Oaxaca (UABJO), el titular del Poder Judicial, magistrado Alfredo Lagunas Rivera, inaugur\u00f3 los trabajos del Diplomado en Derecho Notarial y Registral, organizado por la Coordinaci\u00f3n de Estudios de Posgrado de la Facultad de Derecho y Ciencias Sociales en coordinaci\u00f3n con el Colegio de Notarios del Estado.<\/p>\n<p>En el acto efectuado en el Paraninfo universitario, el presidente del Tribunal Superior de Justicia y del Consejo de la Judicatura afirm\u00f3 que \u201cno solamente en Oaxaca, sino a nivel nacional, es de suma importancia la funci\u00f3n del notariado, pues la tarea de certificar actos es muy parecida a la del Poder Judicial. En ambas, se comparten objetivos comunes como la certeza jur\u00eddica y los principios de legalidad, honestidad y apego a la ley.<\/p>\n<p>El magistrado Lagunas Rivera reconoci\u00f3 la valiosa labor de los profesionales del derecho y fedatarios, quienes d\u00eda a d\u00eda se esmeran por conducirse bajo los principios de la \u00e9tica y la rectitud, a fin de lograr el desarrollo social de la entidad; adem\u00e1s, celebr\u00f3 que por primera vez en la entidad se lleve a cabo una especializaci\u00f3n en estos temas.<\/p>\n<p>Por su parte, el coordinador general de Estudios de Posgrado e Investigaci\u00f3n Jur\u00eddica de la UABJO, Jos\u00e9 Antonio \u00c1lvarez Hern\u00e1ndez, inform\u00f3 que el impulso de este diplomado es en respuesta a una sentida petici\u00f3n de los notarios oaxaque\u00f1os para capacitarse y profundizar los conocimientos generales en la materia, as\u00ed como el de sus colaboradores.<\/p>\n<p>Asimismo, dijo que el objetivo de desarrollar dicha especializaci\u00f3n profesional es dar mayor certeza y confiabilidad a los actos que realizan los titulares de las notar\u00edas y de esta manera\u00a0\u00a0cumplan de manera m\u00e1s eficiente, responsable y \u00e9tica su labor diaria.<\/p>\n<p>Agradeci\u00f3 al magistrado Lagunas Rivera su disposici\u00f3n para fortalecer la capacitaci\u00f3n de los agentes notariales del estado, pues ahora ellos realizan parte de la labor jurisdiccional que correspond\u00eda al Poder Judicial del Estado, por eso es tan importante la relaci\u00f3n que mantiene con la funci\u00f3n notarial y registral.<\/p>\n<p>En el evento, que se llev\u00f3 a cabo en el Paraninfo universitario, estuvieron presentes los integrantes del Colegio de Notarios del Estado de Oaxaca, encabezados por su presidente Gerardo Amado P\u00e9rez \u00c1lvarez; representantes del Poder Judicial, adem\u00e1s\u00a0\u00a0del reconocido notario del Distrito Federal Luis Eduardo Paredes S\u00e1nchez, quien imparti\u00f3 la primera c\u00e1tedra titulada \u201cEvoluci\u00f3n del notariado en M\u00e9xico y el Mundo\u201d.<\/p>\n<p>El diplomado tendr\u00e1 una duraci\u00f3n de 120 horas, y se llevar\u00e1 a cabo los d\u00edas viernes y s\u00e1bado durante cuatro meses. Impartir\u00e1n clases acad\u00e9micos reconocidos a nivel nacional, en su mayor\u00eda notarios con una amplia trayectoria y otros especialistas oaxaque\u00f1os; adem\u00e1s, contar\u00e1 con el apoyo del Archivo de Notar\u00edas y el Archivo General del Estado.<\/p>\n<p><a href=\"http:\/\/www.eloriente.net\/home\/wp-content\/uploads\/2013\/08\/INAUGURACION-DIPLOMADO-t01.jpg\"><img loading=\"lazy\" decoding=\"async\" class=\"alignnone size-medium wp-image-16000\" title=\"INAUGURACION DIPLOMADO (t01)\" src=\"http:\/\/www.eloriente.net\/home\/wp-content\/uploads\/2013\/08\/INAUGURACION-DIPLOMADO-t01-300x200.jpg\" alt=\"\" width=\"300\" height=\"200\" srcset=\"http:\/\/www.eloriente.net\/home\/wp-content\/uploads\/2013\/08\/INAUGURACION-DIPLOMADO-t01-300x200.jpg 300w, http:\/\/www.eloriente.net\/home\/wp-content\/uploads\/2013\/08\/INAUGURACION-DIPLOMADO-t01.jpg 1024w\" sizes=\"(max-width: 300px) 100vw, 300px\" \/><\/a><\/p>\n<p>Imagen: TSJEO<\/p>\n<p>&nbsp;<\/p>\n\n\t\t\t  <div \n\t\t\t  \tclass = \"fb-comments\" \n\t\t\t  \tdata-href = \"http:\/\/www.eloriente.net\/home\/2013\/08\/26\/abre-diplomado-en-derecho-notarial-y-registral-en-oaxaca\/\"\n\t\t\t  \tdata-numposts = \"10\"\n\t\t\t\tdata-colorscheme = \"dark\"\n\t\t\t\tdata-order-by = \"social\"\n\t\t\t\tdata-mobile=true>\n\t\t\t  <\/div>\n\t\t  <style>\n\t\t\t.fb_iframe_widget_fluid_desktop iframe {\n\t\t\t    width: 100% !important;\n\t\t\t}\n\t\t  <\/style>\n\t\t  ","protected":false},"excerpt":{"rendered":"<p>eloriente.net \/ TSJEO 26 de agosto de 2013 \u00b7\u00a0\u00a0\u00a0\u00a0\u00a0\u00a0\u00a0\u00a0\u00a0El titular del Poder Judicial, magistrado Alfredo Lagunas Rivera reconoci\u00f3 la valiosa labor de los profesionales del derecho y fedatarios A invitaci\u00f3n de la Universidad Aut\u00f3noma \u201cBenito Ju\u00e1rez\u201d de Oaxaca (UABJO), el titular del Poder Judicial, magistrado Alfredo Lagunas Rivera, inaugur\u00f3 los trabajos del Diplomado en Derecho [&hellip;]<\/p>\n","protected":false},"author":1,"featured_media":16000,"comment_status":"open","ping_status":"open","sticky":false,"template":"","format":"standard","meta":{"_jetpack_memberships_contains_paid_content":false,"footnotes":""},"categories":[22,32,10,21],"tags":[],"class_list":["post-15999","post","type-post","status-publish","format-standard","has-post-thumbnail","hentry","category-derechos-humanos","category-entradas","category-lo-mas-reciente","category-politica-y-gobierno"],"jetpack_featured_media_url":"http:\/\/www.eloriente.net\/home\/wp-content\/uploads\/2013\/08\/INAUGURACION-DIPLOMADO-t01.jpg","jetpack_sharing_enabled":true,"_links":{"self":[{"href":"http:\/\/www.eloriente.net\/home\/wp-json\/wp\/v2\/posts\/15999"}],"collection":[{"href":"http:\/\/www.eloriente.net\/home\/wp-json\/wp\/v2\/posts"}],"about":[{"href":"http:\/\/www.eloriente.net\/home\/wp-json\/wp\/v2\/types\/post"}],"author":[{"embeddable":true,"href":"http:\/\/www.eloriente.net\/home\/wp-json\/wp\/v2\/users\/1"}],"replies":[{"embeddable":true,"href":"http:\/\/www.eloriente.net\/home\/wp-json\/wp\/v2\/comments?post=15999"}],"version-history":[{"count":2,"href":"http:\/\/www.eloriente.net\/home\/wp-json\/wp\/v2\/posts\/15999\/revisions"}],"predecessor-version":[{"id":16003,"href":"http:\/\/www.eloriente.net\/home\/wp-json\/wp\/v2\/posts\/15999\/revisions\/16003"}],"wp:featuredmedia":[{"embeddable":true,"href":"http:\/\/www.eloriente.net\/home\/wp-json\/wp\/v2\/media\/16000"}],"wp:attachment":[{"href":"http:\/\/www.eloriente.net\/home\/wp-json\/wp\/v2\/media?parent=15999"}],"wp:term":[{"taxonomy":"category","embeddable":true,"href":"http:\/\/www.eloriente.net\/home\/wp-json\/wp\/v2\/categories?post=15999"},{"taxonomy":"post_tag","embeddable":true,"href":"http:\/\/www.eloriente.net\/home\/wp-json\/wp\/v2\/tags?post=15999"}],"curies":[{"name":"wp","href":"https:\/\/api.w.org\/{rel}","templated":true}]}}