{"id":16005,"date":"2013-08-26T07:21:33","date_gmt":"2013-08-26T13:21:33","guid":{"rendered":"http:\/\/www.eloriente.net\/home\/?p=16005"},"modified":"2013-08-26T07:21:33","modified_gmt":"2013-08-26T13:21:33","slug":"mexico-suele-despreciar-a-centroamerica-y-es-un-grave-error-cayuela","status":"publish","type":"post","link":"http:\/\/www.eloriente.net\/home\/2013\/08\/26\/mexico-suele-despreciar-a-centroamerica-y-es-un-grave-error-cayuela\/","title":{"rendered":"\u00abM\u00e9xico suele despreciar a centroam\u00e9rica, y es un grave error\u00bb: Cayuela"},"content":{"rendered":"<p>eloriente.net \/ <a href=\"http:\/\/agencian22.blogspot.mx\/\" target=\"_blank\">Agencia N22<\/a><\/p>\n<p>26 de agosto de 2013<\/p>\n<div style=\"text-align: right;\">Por Irma Gallo \/ enviada<\/div>\n<div><\/div>\n<p><strong>SAN JOS\u00c9 DE COSTA RICA, (N22).-\u00a0<\/strong>Comenz\u00f3 la Feria Internacional de Libro de Costa Rica, en donde M\u00e9xico es pa\u00eds invitado. La Direcci\u00f3n General de Publicaciones (DGP) del Conaculta asisti\u00f3 para promocionar su propuesta editorial. Al respecto, platicamos con Ricardo Cayuela, director de la DGP:<\/p>\n<p>Es una delegaci\u00f3n amplia, plural. Nosotros nos tomamos muy en serio la invitaci\u00f3n de Costa Rica de ser pa\u00eds invitado de honor. En M\u00e9xico se suele despreciar, ignorar a Centroam\u00e9rica. Creo que es un error muy grave. Est\u00e1 bien mirar hacia el norte y mirar hacia Europa, pero no hay que olvidar que nuestra relaci\u00f3n de afinidad y de inter\u00e9s m\u00e1s pr\u00f3ximo y m\u00e1s intenso es Centroam\u00e9rica.<\/p>\n<div>\u00abEs una delegaci\u00f3n plural, tanto en g\u00e9neros literarios, hay historiadores, narradores, poetas, cronistas y ensayistas, como en t\u00e9rminos de otras actividades art\u00edsticas: viene un cineasta, viene una fot\u00f3grafa, viene un dramaturgo\u00bb.<\/p>\n<p>Adem\u00e1s, el encargado de las publicaciones del Conaculta dijo que su delegaci\u00f3n es plural porque invitaron tanto a hombres como a mujeres creadoras. Como a una \u00abjoven joya de Tierra Adentro\u00bb, como al Dr. Jos\u00e9 Sarukh\u00e1n y el Dr. Florescano.<\/p>\n<p>\u00abUn requisito que nos pusimos es que nadie que hubiera sido invitado a Nueva York y Ginebra estuviera en Costa Rica, que nadie repitiera ferias para darle juego a m\u00e1s personas.\u00a0El stand de M\u00e9xico lo patrocina \u00edntegramente el Conaculta, incluido el transporte y la venta de los ejemplares, y convocamos a la Caniem pero a trav\u00e9s de la convocatoria de Conaculta. No s\u00f3lo a los afiliados, sino a los editores independientes.<\/p><\/div>\n<div><\/div>\n<div>\u00abY las expectativas son altas, en cierto sentido, pero ser\u00eda aventurado hacer cualquier pron\u00f3stico. No tiene ning\u00fan caso; no sabemos. Traemos cerca de 7 mil t\u00edtulos, 7 mil libros, perd\u00f3n, que es un n\u00famero inmenso para Costa Rica. En el resto de la feria hay 40 mil ejemplares, nosotros aportamos 7 mil, entonces no sabemos si va a ver sobre oferta, si es demasiado o no. Lo que estamos seguros es que hay muy buenos t\u00edtulos\u00bb, concluy\u00f3 Ricardo Cayuela.<\/div>\n<div><\/div>\n<div>\n<div><a href=\"http:\/\/1.bp.blogspot.com\/-P14SwRidU2U\/Uho86Mnh2sI\/AAAAAAAAqN0\/teYKtpFHhHM\/s1600\/1754-FERIA_INTERNACIONAL_DEL_LIBRO_COSTA_RICA.jpg\"><img loading=\"lazy\" decoding=\"async\" src=\"http:\/\/1.bp.blogspot.com\/-P14SwRidU2U\/Uho86Mnh2sI\/AAAAAAAAqN0\/teYKtpFHhHM\/s400\/1754-FERIA_INTERNACIONAL_DEL_LIBRO_COSTA_RICA.jpg\" alt=\"\" width=\"400\" height=\"267\" border=\"0\" \/><\/a><\/div>\n<\/div>\n<div><\/div>\n<div>Imagen\u00a0http:\/\/bit.ly\/179d200<\/div>\n\n\t\t\t  <div \n\t\t\t  \tclass = \"fb-comments\" \n\t\t\t  \tdata-href = \"http:\/\/www.eloriente.net\/home\/2013\/08\/26\/mexico-suele-despreciar-a-centroamerica-y-es-un-grave-error-cayuela\/\"\n\t\t\t  \tdata-numposts = \"10\"\n\t\t\t\tdata-colorscheme = \"dark\"\n\t\t\t\tdata-order-by = \"social\"\n\t\t\t\tdata-mobile=true>\n\t\t\t  <\/div>\n\t\t  <style>\n\t\t\t.fb_iframe_widget_fluid_desktop iframe {\n\t\t\t    width: 100% !important;\n\t\t\t}\n\t\t  <\/style>\n\t\t  ","protected":false},"excerpt":{"rendered":"<p>eloriente.net \/ Agencia N22 26 de agosto de 2013 Por Irma Gallo \/ enviada SAN JOS\u00c9 DE COSTA RICA, (N22).-\u00a0Comenz\u00f3 la Feria Internacional de Libro de Costa Rica, en donde M\u00e9xico es pa\u00eds invitado. La Direcci\u00f3n General de Publicaciones (DGP) del Conaculta asisti\u00f3 para promocionar su propuesta editorial. Al respecto, platicamos con Ricardo Cayuela, director [&hellip;]<\/p>\n","protected":false},"author":1,"featured_media":16006,"comment_status":"open","ping_status":"open","sticky":false,"template":"","format":"standard","meta":{"_jetpack_memberships_contains_paid_content":false,"footnotes":""},"categories":[18,32,13],"tags":[],"class_list":["post-16005","post","type-post","status-publish","format-standard","has-post-thumbnail","hentry","category-educacion-y-cultura","category-entradas","category-especiales"],"jetpack_featured_media_url":"http:\/\/www.eloriente.net\/home\/wp-content\/uploads\/2013\/08\/1754-FERIA_INTERNACIONAL_DEL_LIBRO_COSTA_RICA-n22.jpg","jetpack_sharing_enabled":true,"_links":{"self":[{"href":"http:\/\/www.eloriente.net\/home\/wp-json\/wp\/v2\/posts\/16005"}],"collection":[{"href":"http:\/\/www.eloriente.net\/home\/wp-json\/wp\/v2\/posts"}],"about":[{"href":"http:\/\/www.eloriente.net\/home\/wp-json\/wp\/v2\/types\/post"}],"author":[{"embeddable":true,"href":"http:\/\/www.eloriente.net\/home\/wp-json\/wp\/v2\/users\/1"}],"replies":[{"embeddable":true,"href":"http:\/\/www.eloriente.net\/home\/wp-json\/wp\/v2\/comments?post=16005"}],"version-history":[{"count":1,"href":"http:\/\/www.eloriente.net\/home\/wp-json\/wp\/v2\/posts\/16005\/revisions"}],"predecessor-version":[{"id":16007,"href":"http:\/\/www.eloriente.net\/home\/wp-json\/wp\/v2\/posts\/16005\/revisions\/16007"}],"wp:featuredmedia":[{"embeddable":true,"href":"http:\/\/www.eloriente.net\/home\/wp-json\/wp\/v2\/media\/16006"}],"wp:attachment":[{"href":"http:\/\/www.eloriente.net\/home\/wp-json\/wp\/v2\/media?parent=16005"}],"wp:term":[{"taxonomy":"category","embeddable":true,"href":"http:\/\/www.eloriente.net\/home\/wp-json\/wp\/v2\/categories?post=16005"},{"taxonomy":"post_tag","embeddable":true,"href":"http:\/\/www.eloriente.net\/home\/wp-json\/wp\/v2\/tags?post=16005"}],"curies":[{"name":"wp","href":"https:\/\/api.w.org\/{rel}","templated":true}]}}