{"id":16009,"date":"2013-08-26T07:27:43","date_gmt":"2013-08-26T13:27:43","guid":{"rendered":"http:\/\/www.eloriente.net\/home\/?p=16009"},"modified":"2013-08-26T07:27:43","modified_gmt":"2013-08-26T13:27:43","slug":"dia-del-pueblo-negro-afromexicano-de-oaxaca","status":"publish","type":"post","link":"http:\/\/www.eloriente.net\/home\/2013\/08\/26\/dia-del-pueblo-negro-afromexicano-de-oaxaca\/","title":{"rendered":"D\u00eda del Pueblo Negro Afromexicano de Oaxaca"},"content":{"rendered":"<p>eloriente.net<\/p>\n<p>26 de agosto de 2013<\/p>\n<p style=\"text-align: right\">Por: Isidro Ram\u00edrez L\u00f3pez<\/p>\n<p>Ha acontecido un hecho hist\u00f3rico, un hecho que invita a la reflexi\u00f3n pero sobre todo que corona las acciones por la visibilizaci\u00f3n y reconocimiento del Pueblo Negro Afromexicano de Oaxaca y de M\u00e9xico.<\/p>\n<p>Fue dif\u00edcil el camino pero no imposible de andar. Hoy hacemos historia y festejamos la acci\u00f3n afirmativa m\u00e1s importante de la que se tenga memoria en la Regi\u00f3n de la Costa oaxaque\u00f1a y en s\u00ed una acci\u00f3n que ratifica que estamos viviendo en un estado que posibilita y crea las condiciones para aspirar a una vida mejor, el Gobernador del Estado de Oaxaca Gabino Cu\u00e9 Monteagudo este 22 de Agosto realiz\u00f3 la Firma del Decreto donde instituye el d\u00eda 19 de Octubre como \u201cD\u00eda del Pueblo Negro Afromexicano de Oaxaca\u201d.<\/p>\n<p>Para el Pueblo Negro Afromexicano es importante este acontecimiento puesto que fue una exigencia popular el pronunciamiento de este d\u00eda, as\u00ed se demostr\u00f3 en los diferentes foros organizados por la CDI, la SAI y Organizaciones Civiles como la nuestra. Calificamos como un hecho trascendental para la Vida de Oaxaca y de M\u00e9xico porque estamos respondiendo a la exigencia popular para lograr en plenitud el Reconocimiento Constitucional, la generaci\u00f3n de pol\u00edticas p\u00fablicas y garantizar un mejor futuro para todas y todos los pertenecientes a la etnia n\u00famero 16 de Oaxaca.<\/p>\n<p>La Organizaci\u00f3n Socpinda Celebra la acci\u00f3n del Gobierno del Estado, en especial el apoyo invaluable de la Secretar\u00eda de Asuntos Ind\u00edgenas (SAI) y su titular Adelfo Regino Montes, porque con este decreto las organizaciones civiles nos comprometemos m\u00e1s a\u00fan con nuestro pueblo. Es bueno saber que es el primer gobierno que atiende con especial inter\u00e9s a la etnia negro afromexicana.<\/p>\n<p>Socpinda ahora ser\u00e1 m\u00e1s insistente en el tema de lograr un Reconocimiento Constitucional Integral y Efectivo para el Pueblo Negro Afromexicano de Oaxaca, esperamos que la Iniciativa que reforma y adiciona diversas disposiciones de la Constituci\u00f3n Pol\u00edtica del Estado de Oaxaca en materia de Derechos de los Pueblos Ind\u00edgenas y Negro Afromexicano, no sufra modificaciones que alteren su contenido, puesto que lo que contiene es resultado del trabajo de poco m\u00e1s de un a\u00f1o de esfuerzos conjuntos.<\/p>\n<p>\u201cOaxaca no puede concebirse sin el legado del Pueblo Negro Afromexicano, nuestra Tercera Ra\u00edz\u201d, y ahora podemos decir enf\u00e1ticamente que no podemos hablar m\u00e1s de un Oaxaca sin Pueblos Negros.<\/p>\n<p>Cabe mencionar que el d\u00eda 2 de Diciembre de 2012 la Organizaci\u00f3n Socpinda AC logra que en sesi\u00f3n de cabildo el Municipio de Santiago Tapextla Oaxaca se Declare como Primer Municipio Negro Afromexicano en el marco del <em>Segundo Foro por el Reconocimiento, la Participaci\u00f3n Social y Pol\u00edtica de los Afromexicanos en Oaxaca<\/em> realizado en esa municipalidad.<\/p>\n<p><a href=\"http:\/\/www.eloriente.net\/home\/wp-content\/uploads\/2013\/08\/Socpinda-Isidro-Ramirez.jpg\"><img loading=\"lazy\" decoding=\"async\" class=\"alignnone  wp-image-16010\" src=\"http:\/\/www.eloriente.net\/home\/wp-content\/uploads\/2013\/08\/Socpinda-Isidro-Ramirez.jpg\" alt=\"\" width=\"582\" height=\"436\" srcset=\"http:\/\/www.eloriente.net\/home\/wp-content\/uploads\/2013\/08\/Socpinda-Isidro-Ramirez.jpg 831w, http:\/\/www.eloriente.net\/home\/wp-content\/uploads\/2013\/08\/Socpinda-Isidro-Ramirez-300x224.jpg 300w\" sizes=\"(max-width: 582px) 100vw, 582px\" \/><\/a><\/p>\n<p>&nbsp;<\/p>\n\n\t\t\t  <div \n\t\t\t  \tclass = \"fb-comments\" \n\t\t\t  \tdata-href = \"http:\/\/www.eloriente.net\/home\/2013\/08\/26\/dia-del-pueblo-negro-afromexicano-de-oaxaca\/\"\n\t\t\t  \tdata-numposts = \"10\"\n\t\t\t\tdata-colorscheme = \"dark\"\n\t\t\t\tdata-order-by = \"social\"\n\t\t\t\tdata-mobile=true>\n\t\t\t  <\/div>\n\t\t  <style>\n\t\t\t.fb_iframe_widget_fluid_desktop iframe {\n\t\t\t    width: 100% !important;\n\t\t\t}\n\t\t  <\/style>\n\t\t  ","protected":false},"excerpt":{"rendered":"<p>eloriente.net 26 de agosto de 2013 Por: Isidro Ram\u00edrez L\u00f3pez Ha acontecido un hecho hist\u00f3rico, un hecho que invita a la reflexi\u00f3n pero sobre todo que corona las acciones por la visibilizaci\u00f3n y reconocimiento del Pueblo Negro Afromexicano de Oaxaca y de M\u00e9xico. Fue dif\u00edcil el camino pero no imposible de andar. Hoy hacemos historia [&hellip;]<\/p>\n","protected":false},"author":15,"featured_media":16010,"comment_status":"open","ping_status":"open","sticky":false,"template":"","format":"standard","meta":{"_jetpack_memberships_contains_paid_content":false,"footnotes":""},"categories":[22,32,13,58,23],"tags":[],"class_list":["post-16009","post","type-post","status-publish","format-standard","has-post-thumbnail","hentry","category-derechos-humanos","category-entradas","category-especiales","category-isidro-ramirez","category-municipios"],"jetpack_featured_media_url":"http:\/\/www.eloriente.net\/home\/wp-content\/uploads\/2013\/08\/Socpinda-Isidro-Ramirez.jpg","jetpack_sharing_enabled":true,"_links":{"self":[{"href":"http:\/\/www.eloriente.net\/home\/wp-json\/wp\/v2\/posts\/16009"}],"collection":[{"href":"http:\/\/www.eloriente.net\/home\/wp-json\/wp\/v2\/posts"}],"about":[{"href":"http:\/\/www.eloriente.net\/home\/wp-json\/wp\/v2\/types\/post"}],"author":[{"embeddable":true,"href":"http:\/\/www.eloriente.net\/home\/wp-json\/wp\/v2\/users\/15"}],"replies":[{"embeddable":true,"href":"http:\/\/www.eloriente.net\/home\/wp-json\/wp\/v2\/comments?post=16009"}],"version-history":[{"count":2,"href":"http:\/\/www.eloriente.net\/home\/wp-json\/wp\/v2\/posts\/16009\/revisions"}],"predecessor-version":[{"id":16012,"href":"http:\/\/www.eloriente.net\/home\/wp-json\/wp\/v2\/posts\/16009\/revisions\/16012"}],"wp:featuredmedia":[{"embeddable":true,"href":"http:\/\/www.eloriente.net\/home\/wp-json\/wp\/v2\/media\/16010"}],"wp:attachment":[{"href":"http:\/\/www.eloriente.net\/home\/wp-json\/wp\/v2\/media?parent=16009"}],"wp:term":[{"taxonomy":"category","embeddable":true,"href":"http:\/\/www.eloriente.net\/home\/wp-json\/wp\/v2\/categories?post=16009"},{"taxonomy":"post_tag","embeddable":true,"href":"http:\/\/www.eloriente.net\/home\/wp-json\/wp\/v2\/tags?post=16009"}],"curies":[{"name":"wp","href":"https:\/\/api.w.org\/{rel}","templated":true}]}}