{"id":16016,"date":"2013-08-26T07:59:37","date_gmt":"2013-08-26T13:59:37","guid":{"rendered":"http:\/\/www.eloriente.net\/home\/?p=16016"},"modified":"2013-08-26T07:59:37","modified_gmt":"2013-08-26T13:59:37","slug":"cnte-en-el-df-solo-boton-de-muestra","status":"publish","type":"post","link":"http:\/\/www.eloriente.net\/home\/2013\/08\/26\/cnte-en-el-df-solo-boton-de-muestra\/","title":{"rendered":"CNTE en el DF: s\u00f3lo bot\u00f3n de muestra"},"content":{"rendered":"<p>eloriente.net<\/p>\n<p>26 de agosto de 2013<\/p>\n<p>El denunciado desorden que los miembros de la Coordinadora Nacional de Trabajadores de la Educaci\u00f3n (CNTE) en el Distrito Federal, entre los cuales se cuentan los integrantes de la Secci\u00f3n 22, ha sido solamente una muestra de apenas unos d\u00edas de aquello que la ciudad y el estado de Oaxaca han debido soportar durante m\u00e1s de 20 a\u00f1os.<\/p>\n<p>Los habitantes del DF, diversos en cuanto a madurez ciudadana (puesto que all\u00ed se exige con mucha mayor determinaci\u00f3n que se aplique la ley y se respeten las garant\u00edas constitucionales), se expresaron mayoritariamente en contra de las manifestaciones violentas de la CNTE. Sin embargo, deben saber que en Oaxaca tenemos una vasta experiencia y lo que ellos padecieron en horas de tr\u00e1fico nuestros ni\u00f1os lo padecen con p\u00e9rdida de clases y ausencia evaluaci\u00f3n y calidad educativa.<\/p>\n<p>Ellos sufren enbotellamientos, en Oaxaca padecemos ignorancia.<\/p>\n<p>Si hubiera dudas, hay que revisar la minuta de acuerdos de la Asamblea de dicha secci\u00f3n, celebrada el pasado s\u00e1bado 24.<\/p>\n<p>Tambi\u00e9n para muestra un par de temas abordados en dicha minuta:<\/p>\n<p>\u00ab16.\u00a0 Acuerda el Rechazo total al Calendario Escolar que emite la Secretaria de Educaci\u00f3n P\u00fablica para este Ciclo Escolar 2013-2014 porque atenta contra los Derechos Laborales de los Trabajadores de la Educaci\u00f3n.<\/p>\n<p>22.\u00a0 Acuerda que la Comisi\u00f3n Pol\u00edtica, ICN,CETEO, la Secretar\u00eda de Organizaci\u00f3n, Regionales, Sectoriales y compa\u00f1eros del CES de cada Regi\u00f3n con responsabilidad reorganicen el plant\u00f3n en el z\u00f3calo de la Ciudad de M\u00e9xico en los siguientes aspectos: reubicaci\u00f3n, limpieza, difusi\u00f3n e informaci\u00f3n, nombrando comisiones necesarias y de enlace en las Mesas de Negociaci\u00f3n, as\u00ed\u00a0 como en las actividades pol\u00edtico sindicales en las que estar\u00e1n en constante comunicaci\u00f3n con la estructura del CES\u00a0 y no crear confusi\u00f3n y des\u00e1nimo entre de los compa\u00f1eros del MDTEO.\u00bb<\/p>\n<p>En el primer caso, el punto habla por s\u00ed mismo. Pero ellos deben saber que en efecto el pueblo los apoya en contra de ese Calendario Escolar. Estamos a favor de la secci\u00f3n 22 en ese punto. Pero quiz\u00e1 por razones distintas. El Calendario Escolar deber\u00eda programar a\u00fan m\u00e1s d\u00edas de clase y anular las extens\u00edsimas vacaciones magisteriales.<\/p>\n<p>En cuanto al segundo punto, la Secci\u00f3n insin\u00faa que el plant\u00f3n en el z\u00f3calo capitalino va para largo. \u00bfLo mismo que su ausencia en las aulas de Oaxaca?<\/p>\n<p>La misma pregunta les har\u00edamos a los habitantes del DF: \u00bfCu\u00e1ntos d\u00edas de paro educativo soportar\u00edan ustedes? Si les dij\u00e9ramos que en Oaxaca han habido paros de m\u00e1s de 60 d\u00edas, \u00bflo creer\u00edan?<\/p>\n<p>Hacia all\u00e1 vamos. Y gracias por su solidaridad.<\/p>\n<p>direcciongeneral@eloriente.net<\/p>\n<p>Twitter: @El_Oriente<\/p>\n<p>&nbsp;<\/p>\n<p>&nbsp;<\/p>\n\n\t\t\t  <div \n\t\t\t  \tclass = \"fb-comments\" \n\t\t\t  \tdata-href = \"http:\/\/www.eloriente.net\/home\/2013\/08\/26\/cnte-en-el-df-solo-boton-de-muestra\/\"\n\t\t\t  \tdata-numposts = \"10\"\n\t\t\t\tdata-colorscheme = \"dark\"\n\t\t\t\tdata-order-by = \"social\"\n\t\t\t\tdata-mobile=true>\n\t\t\t  <\/div>\n\t\t  <style>\n\t\t\t.fb_iframe_widget_fluid_desktop iframe {\n\t\t\t    width: 100% !important;\n\t\t\t}\n\t\t  <\/style>\n\t\t  ","protected":false},"excerpt":{"rendered":"<p>eloriente.net 26 de agosto de 2013 El denunciado desorden que los miembros de la Coordinadora Nacional de Trabajadores de la Educaci\u00f3n (CNTE) en el Distrito Federal, entre los cuales se cuentan los integrantes de la Secci\u00f3n 22, ha sido solamente una muestra de apenas unos d\u00edas de aquello que la ciudad y el estado de [&hellip;]<\/p>\n","protected":false},"author":1,"featured_media":16017,"comment_status":"open","ping_status":"open","sticky":false,"template":"","format":"standard","meta":{"_jetpack_memberships_contains_paid_content":false,"footnotes":""},"categories":[9,32],"tags":[],"class_list":["post-16016","post","type-post","status-publish","format-standard","has-post-thumbnail","hentry","category-editorial","category-entradas"],"jetpack_featured_media_url":"http:\/\/www.eloriente.net\/home\/wp-content\/uploads\/2013\/08\/L\u00e1piz-Todos-los-derechos-reservados-por-Ennio-Pereira-R..jpg","jetpack_sharing_enabled":true,"_links":{"self":[{"href":"http:\/\/www.eloriente.net\/home\/wp-json\/wp\/v2\/posts\/16016"}],"collection":[{"href":"http:\/\/www.eloriente.net\/home\/wp-json\/wp\/v2\/posts"}],"about":[{"href":"http:\/\/www.eloriente.net\/home\/wp-json\/wp\/v2\/types\/post"}],"author":[{"embeddable":true,"href":"http:\/\/www.eloriente.net\/home\/wp-json\/wp\/v2\/users\/1"}],"replies":[{"embeddable":true,"href":"http:\/\/www.eloriente.net\/home\/wp-json\/wp\/v2\/comments?post=16016"}],"version-history":[{"count":2,"href":"http:\/\/www.eloriente.net\/home\/wp-json\/wp\/v2\/posts\/16016\/revisions"}],"predecessor-version":[{"id":16019,"href":"http:\/\/www.eloriente.net\/home\/wp-json\/wp\/v2\/posts\/16016\/revisions\/16019"}],"wp:featuredmedia":[{"embeddable":true,"href":"http:\/\/www.eloriente.net\/home\/wp-json\/wp\/v2\/media\/16017"}],"wp:attachment":[{"href":"http:\/\/www.eloriente.net\/home\/wp-json\/wp\/v2\/media?parent=16016"}],"wp:term":[{"taxonomy":"category","embeddable":true,"href":"http:\/\/www.eloriente.net\/home\/wp-json\/wp\/v2\/categories?post=16016"},{"taxonomy":"post_tag","embeddable":true,"href":"http:\/\/www.eloriente.net\/home\/wp-json\/wp\/v2\/tags?post=16016"}],"curies":[{"name":"wp","href":"https:\/\/api.w.org\/{rel}","templated":true}]}}