{"id":16084,"date":"2013-08-29T12:54:46","date_gmt":"2013-08-29T18:54:46","guid":{"rendered":"http:\/\/www.eloriente.net\/home\/?p=16084"},"modified":"2013-08-29T12:54:46","modified_gmt":"2013-08-29T18:54:46","slug":"entrevista-de-carlos-loret-al-gobernador-gabino-cue-29ago13","status":"publish","type":"post","link":"http:\/\/www.eloriente.net\/home\/2013\/08\/29\/entrevista-de-carlos-loret-al-gobernador-gabino-cue-29ago13\/","title":{"rendered":"Entrevista de Carlos Loret al Gobernador Gabino Cu\u00e9 29\/Ago\/13"},"content":{"rendered":"<p>eloriente.net<\/p>\n<p>29 de agosto de 2013<\/p>\n<p>Esta ma\u00f1ana, el periodista conductor del noticiero Primero Noticias, Carlos Loret de Mola, entrevist\u00f3 al Gobernador de Oaxaca, Gabino Cu\u00e9, sobre el tema magisterial.<br \/>\n<iframe loading=\"lazy\" src=\"\/\/www.youtube.com\/embed\/F3sfVMaDq-k\" frameborder=\"0\" width=\"420\" height=\"315\"><\/iframe><\/p>\n\n\t\t\t  <div \n\t\t\t  \tclass = \"fb-comments\" \n\t\t\t  \tdata-href = \"http:\/\/www.eloriente.net\/home\/2013\/08\/29\/entrevista-de-carlos-loret-al-gobernador-gabino-cue-29ago13\/\"\n\t\t\t  \tdata-numposts = \"10\"\n\t\t\t\tdata-colorscheme = \"dark\"\n\t\t\t\tdata-order-by = \"social\"\n\t\t\t\tdata-mobile=true>\n\t\t\t  <\/div>\n\t\t  <style>\n\t\t\t.fb_iframe_widget_fluid_desktop iframe {\n\t\t\t    width: 100% !important;\n\t\t\t}\n\t\t  <\/style>\n\t\t  ","protected":false},"excerpt":{"rendered":"<p>eloriente.net 29 de agosto de 2013 Esta ma\u00f1ana, el periodista conductor del noticiero Primero Noticias, Carlos Loret de Mola, entrevist\u00f3 al Gobernador de Oaxaca, Gabino Cu\u00e9, sobre el tema magisterial.<\/p>\n","protected":false},"author":1,"featured_media":16087,"comment_status":"open","ping_status":"open","sticky":false,"template":"","format":"standard","meta":{"_jetpack_memberships_contains_paid_content":false,"footnotes":""},"categories":[6,32,10],"tags":[],"class_list":["post-16084","post","type-post","status-publish","format-standard","has-post-thumbnail","hentry","category-canal-4-especiales","category-entradas","category-lo-mas-reciente"],"jetpack_featured_media_url":"http:\/\/www.eloriente.net\/home\/wp-content\/uploads\/2013\/08\/Entrevista-Loret-a-Gabino-Cu\u00e9.png","jetpack_sharing_enabled":true,"_links":{"self":[{"href":"http:\/\/www.eloriente.net\/home\/wp-json\/wp\/v2\/posts\/16084"}],"collection":[{"href":"http:\/\/www.eloriente.net\/home\/wp-json\/wp\/v2\/posts"}],"about":[{"href":"http:\/\/www.eloriente.net\/home\/wp-json\/wp\/v2\/types\/post"}],"author":[{"embeddable":true,"href":"http:\/\/www.eloriente.net\/home\/wp-json\/wp\/v2\/users\/1"}],"replies":[{"embeddable":true,"href":"http:\/\/www.eloriente.net\/home\/wp-json\/wp\/v2\/comments?post=16084"}],"version-history":[{"count":2,"href":"http:\/\/www.eloriente.net\/home\/wp-json\/wp\/v2\/posts\/16084\/revisions"}],"predecessor-version":[{"id":16086,"href":"http:\/\/www.eloriente.net\/home\/wp-json\/wp\/v2\/posts\/16084\/revisions\/16086"}],"wp:featuredmedia":[{"embeddable":true,"href":"http:\/\/www.eloriente.net\/home\/wp-json\/wp\/v2\/media\/16087"}],"wp:attachment":[{"href":"http:\/\/www.eloriente.net\/home\/wp-json\/wp\/v2\/media?parent=16084"}],"wp:term":[{"taxonomy":"category","embeddable":true,"href":"http:\/\/www.eloriente.net\/home\/wp-json\/wp\/v2\/categories?post=16084"},{"taxonomy":"post_tag","embeddable":true,"href":"http:\/\/www.eloriente.net\/home\/wp-json\/wp\/v2\/tags?post=16084"}],"curies":[{"name":"wp","href":"https:\/\/api.w.org\/{rel}","templated":true}]}}