{"id":16131,"date":"2013-09-02T11:50:36","date_gmt":"2013-09-02T17:50:36","guid":{"rendered":"http:\/\/www.eloriente.net\/home\/?p=16131"},"modified":"2013-09-02T11:50:36","modified_gmt":"2013-09-02T17:50:36","slug":"tribunal-electoral-de-oaxaca-revoca-resultado-en-distrito-de-teotitlan","status":"publish","type":"post","link":"http:\/\/www.eloriente.net\/home\/2013\/09\/02\/tribunal-electoral-de-oaxaca-revoca-resultado-en-distrito-de-teotitlan\/","title":{"rendered":"Tribunal Electoral de Oaxaca revoca resultado en Distrito de Teotitl\u00e1n"},"content":{"rendered":"<p>eloriente.net \/ <a href=\"http:\/\/teoax.org\" target=\"_blank\">Tribunal Estatal Electoral del Poder Judicial de Oaxaca<\/a><\/p>\n<p>2 de septiembre de 2013<\/p>\n<p>eloriente.net (Oaxaca, Oax. a 2 de septiembre de 2013).- Viveros Carrera Salvador y Meza Valera Salvador, deber\u00e1n recibir constancia como diputados locales por el XVII Distrito Electoral, con cabecera en Teotitl\u00e1n de Flores Mag\u00f3n, seg\u00fan ha ordenado el Tribunal Estatal Electoral del Poder Judicial de Oaxaca (TEEPJO).<\/p>\n<p>El Pleno del Tribunal sesion\u00f3 el pasado 31 de agosto tomando el acuerdo respectivo, en el cual se revoc\u00f3 constancia de mayor\u00eda a las ciudadanas Emilia Garc\u00eda Guzm\u00e1n y Alma Cruz Araujo, que hab\u00edan competido por la coalici\u00f3n \u00abCompromiso por M\u00e9xico\u00bb, confomada por el Partido Revolucionario Institucional (PRI) y Partido Verde Ecologista de M\u00e9xico (PVEM), para en cambio ordenar se entregue dicha constancia a Carrera y Valera, candidatas de la coalici\u00f3n \u00abUnidos por el Desarrollo\u00bb, conformada por el Partido Acci\u00f3n Nacional (PAN), Partido de la Revoluci\u00f3n Democr\u00e1tica (PRD) y Partido del Trabajo (PT).<\/p>\n<p>La raz\u00f3n esgrimida por el Tribunal fue la declaraci\u00f3n de nulidad de la votaci\u00f3n recibida en la casilla 875 en dicho distrito.<\/p>\n<p>Hay que recordar que en ese y otros distritos la diferencia entre las fuerzas pol\u00edticas fue escasa y se sab\u00eda que las desiciones de los tribunales ser\u00edan definitivas para conocer los ganadores finales de la contienda.<\/p>\n<p>Los resultados dados a conocer por el Instituto Estatal Electoral y del Participaci\u00f3n Ciudadana de Oaxaca (IEEPCO) son los siguientes:<\/p>\n<p><a href=\"http:\/\/www.eloriente.net\/home\/wp-content\/uploads\/2013\/09\/Resultados-IEEPCO-diputados-locales-2013.png\"><img loading=\"lazy\" decoding=\"async\" class=\"wp-image-16132 aligncenter\" title=\"Resultados IEEPCO diputados locales 2013\" src=\"http:\/\/www.eloriente.net\/home\/wp-content\/uploads\/2013\/09\/Resultados-IEEPCO-diputados-locales-2013-300x104.png\" alt=\"\" width=\"450\" height=\"156\" srcset=\"http:\/\/www.eloriente.net\/home\/wp-content\/uploads\/2013\/09\/Resultados-IEEPCO-diputados-locales-2013-300x104.png 300w, http:\/\/www.eloriente.net\/home\/wp-content\/uploads\/2013\/09\/Resultados-IEEPCO-diputados-locales-2013-1024x357.png 1024w, http:\/\/www.eloriente.net\/home\/wp-content\/uploads\/2013\/09\/Resultados-IEEPCO-diputados-locales-2013.png 1140w\" sizes=\"(max-width: 450px) 100vw, 450px\" \/><\/a><\/p>\n<p>En otros casos, el Tribunal confirm\u00f3 las determinaciones del Instituto. Tales son los casos del Distrito de Oaxaca Sur, Pinotepa Nacional y Miahuatl\u00e1n.<\/p>\n<p>&nbsp;<\/p>\n<p>&nbsp;<\/p>\n<p>&nbsp;<\/p>\n<p>&nbsp;<\/p>\n\n\t\t\t  <div \n\t\t\t  \tclass = \"fb-comments\" \n\t\t\t  \tdata-href = \"http:\/\/www.eloriente.net\/home\/2013\/09\/02\/tribunal-electoral-de-oaxaca-revoca-resultado-en-distrito-de-teotitlan\/\"\n\t\t\t  \tdata-numposts = \"10\"\n\t\t\t\tdata-colorscheme = \"dark\"\n\t\t\t\tdata-order-by = \"social\"\n\t\t\t\tdata-mobile=true>\n\t\t\t  <\/div>\n\t\t  <style>\n\t\t\t.fb_iframe_widget_fluid_desktop iframe {\n\t\t\t    width: 100% !important;\n\t\t\t}\n\t\t  <\/style>\n\t\t  ","protected":false},"excerpt":{"rendered":"<p>eloriente.net \/ Tribunal Estatal Electoral del Poder Judicial de Oaxaca 2 de septiembre de 2013 eloriente.net (Oaxaca, Oax. a 2 de septiembre de 2013).- Viveros Carrera Salvador y Meza Valera Salvador, deber\u00e1n recibir constancia como diputados locales por el XVII Distrito Electoral, con cabecera en Teotitl\u00e1n de Flores Mag\u00f3n, seg\u00fan ha ordenado el Tribunal Estatal [&hellip;]<\/p>\n","protected":false},"author":1,"featured_media":418,"comment_status":"open","ping_status":"open","sticky":false,"template":"","format":"standard","meta":{"_jetpack_memberships_contains_paid_content":false,"footnotes":""},"categories":[71,32,10,21,31],"tags":[],"class_list":["post-16131","post","type-post","status-publish","format-standard","has-post-thumbnail","hentry","category-elecciones","category-entradas","category-lo-mas-reciente","category-politica-y-gobierno","category-principal"],"jetpack_featured_media_url":"http:\/\/www.eloriente.net\/home\/wp-content\/uploads\/2012\/07\/Foto-contando-boletas-1.jpg","jetpack_sharing_enabled":true,"_links":{"self":[{"href":"http:\/\/www.eloriente.net\/home\/wp-json\/wp\/v2\/posts\/16131"}],"collection":[{"href":"http:\/\/www.eloriente.net\/home\/wp-json\/wp\/v2\/posts"}],"about":[{"href":"http:\/\/www.eloriente.net\/home\/wp-json\/wp\/v2\/types\/post"}],"author":[{"embeddable":true,"href":"http:\/\/www.eloriente.net\/home\/wp-json\/wp\/v2\/users\/1"}],"replies":[{"embeddable":true,"href":"http:\/\/www.eloriente.net\/home\/wp-json\/wp\/v2\/comments?post=16131"}],"version-history":[{"count":2,"href":"http:\/\/www.eloriente.net\/home\/wp-json\/wp\/v2\/posts\/16131\/revisions"}],"predecessor-version":[{"id":16134,"href":"http:\/\/www.eloriente.net\/home\/wp-json\/wp\/v2\/posts\/16131\/revisions\/16134"}],"wp:featuredmedia":[{"embeddable":true,"href":"http:\/\/www.eloriente.net\/home\/wp-json\/wp\/v2\/media\/418"}],"wp:attachment":[{"href":"http:\/\/www.eloriente.net\/home\/wp-json\/wp\/v2\/media?parent=16131"}],"wp:term":[{"taxonomy":"category","embeddable":true,"href":"http:\/\/www.eloriente.net\/home\/wp-json\/wp\/v2\/categories?post=16131"},{"taxonomy":"post_tag","embeddable":true,"href":"http:\/\/www.eloriente.net\/home\/wp-json\/wp\/v2\/tags?post=16131"}],"curies":[{"name":"wp","href":"https:\/\/api.w.org\/{rel}","templated":true}]}}