{"id":16139,"date":"2013-09-02T12:22:16","date_gmt":"2013-09-02T18:22:16","guid":{"rendered":"http:\/\/www.eloriente.net\/home\/?p=16139"},"modified":"2013-09-02T12:22:16","modified_gmt":"2013-09-02T18:22:16","slug":"conversacion-el-lugar-de-la-poesia-en-mexico","status":"publish","type":"post","link":"http:\/\/www.eloriente.net\/home\/2013\/09\/02\/conversacion-el-lugar-de-la-poesia-en-mexico\/","title":{"rendered":"Conversaci\u00f3n: El Lugar de la Poes\u00eda en M\u00e9xico"},"content":{"rendered":"<p>eloriente.net\/Programa Cultural Tierra Adentro<\/p>\n<p>2 de septiembre de 2013<\/p>\n<p>En ELORIENTE.NET creemos profundamente en la conversaci\u00f3n y el debate en torno a las artes. Por eso, te acercamos esta conversaci\u00f3n en 3 partes que se llev\u00f3 a cabo apenas el pasado 8 de julio en la Casa del Poeta de la Ciudad de M\u00e9xico, entre algunos de los escritores que m\u00e1s aportan a la literatura actual.<\/p>\n<p>A decir de Tierra Adentro: \u00abEs la poes\u00eda entre nosotros un arte marginal? \u00bfUn g\u00e9nero literario que s\u00f3lo apela a una \u00e9lite? \u00bfRefleja el pa\u00eds en el que vivimos? \u00bfEs solemne o juguetona? \u00bfQu\u00e9 tanto de riesgo hay en ella?\u00a0Con el prop\u00f3sito de pensar en el sitio que la poes\u00eda ocupa en el M\u00e9xico de hoy,\u00a0<em>Tierra Adentro<\/em>\u00a0invit\u00f3 a conversar a cuatro destacados poetas nacidos entre 1971 y 1982 (Maricela Guerrero, Hern\u00e1n Bravo Varela, Roberto Cruz Arzabal y Juli\u00e1n Herbert, quien con el \u00e1nimo de participar viaj\u00f3 desde Saltillo, Coahuila), que se reunieron el pasado 8 de julio en torno de una mesa del bar \u201cLas Hormigas\u201d, en la Casa del Poeta Ram\u00f3n L\u00f3pez Velarde.<\/p>\n<p>El cuarteto ensay\u00f3 un di\u00e1logo que, si bien suele considerarse necesario, no suele practicarse p\u00fablicamente. Conducido por Hern\u00e1n Bravo Varela, el coloquio parti\u00f3 de una pregunta y gener\u00f3, expl\u00edcita o t\u00e1citamente, muchas otras.\u00bb<\/p>\n<p>Para saber m\u00e1s de los participantes, sus trayectorias y aportaciones, da click AQU\u00cd.<\/p>\n<p>Adelante con la conversaci\u00f3n:<br \/>\n<iframe loading=\"lazy\" src=\"\/\/www.youtube.com\/embed\/5nXwF_E5-kU\" frameborder=\"0\" width=\"420\" height=\"315\"><\/iframe><\/p>\n<p><iframe loading=\"lazy\" src=\"\/\/www.youtube.com\/embed\/sgO23toF1Do\" frameborder=\"0\" width=\"420\" height=\"315\"><\/iframe><\/p>\n<p><iframe loading=\"lazy\" src=\"\/\/www.youtube.com\/embed\/n3M39p4h72w\" frameborder=\"0\" width=\"420\" height=\"315\"><\/iframe><\/p>\n\n\t\t\t  <div \n\t\t\t  \tclass = \"fb-comments\" \n\t\t\t  \tdata-href = \"http:\/\/www.eloriente.net\/home\/2013\/09\/02\/conversacion-el-lugar-de-la-poesia-en-mexico\/\"\n\t\t\t  \tdata-numposts = \"10\"\n\t\t\t\tdata-colorscheme = \"dark\"\n\t\t\t\tdata-order-by = \"social\"\n\t\t\t\tdata-mobile=true>\n\t\t\t  <\/div>\n\t\t  <style>\n\t\t\t.fb_iframe_widget_fluid_desktop iframe {\n\t\t\t    width: 100% !important;\n\t\t\t}\n\t\t  <\/style>\n\t\t  ","protected":false},"excerpt":{"rendered":"<p>eloriente.net\/Programa Cultural Tierra Adentro 2 de septiembre de 2013 En ELORIENTE.NET creemos profundamente en la conversaci\u00f3n y el debate en torno a las artes. Por eso, te acercamos esta conversaci\u00f3n en 3 partes que se llev\u00f3 a cabo apenas el pasado 8 de julio en la Casa del Poeta de la Ciudad de M\u00e9xico, entre [&hellip;]<\/p>\n","protected":false},"author":1,"featured_media":16141,"comment_status":"open","ping_status":"open","sticky":false,"template":"","format":"standard","meta":{"_jetpack_memberships_contains_paid_content":false,"footnotes":""},"categories":[3,18,32,10],"tags":[],"class_list":["post-16139","post","type-post","status-publish","format-standard","has-post-thumbnail","hentry","category-canal-1-tu-aula","category-educacion-y-cultura","category-entradas","category-lo-mas-reciente"],"jetpack_featured_media_url":"http:\/\/www.eloriente.net\/home\/wp-content\/uploads\/2013\/09\/La-pla\u0301tica-optimista-poesi\u0301a-captura1.png","jetpack_sharing_enabled":true,"_links":{"self":[{"href":"http:\/\/www.eloriente.net\/home\/wp-json\/wp\/v2\/posts\/16139"}],"collection":[{"href":"http:\/\/www.eloriente.net\/home\/wp-json\/wp\/v2\/posts"}],"about":[{"href":"http:\/\/www.eloriente.net\/home\/wp-json\/wp\/v2\/types\/post"}],"author":[{"embeddable":true,"href":"http:\/\/www.eloriente.net\/home\/wp-json\/wp\/v2\/users\/1"}],"replies":[{"embeddable":true,"href":"http:\/\/www.eloriente.net\/home\/wp-json\/wp\/v2\/comments?post=16139"}],"version-history":[{"count":2,"href":"http:\/\/www.eloriente.net\/home\/wp-json\/wp\/v2\/posts\/16139\/revisions"}],"predecessor-version":[{"id":16143,"href":"http:\/\/www.eloriente.net\/home\/wp-json\/wp\/v2\/posts\/16139\/revisions\/16143"}],"wp:featuredmedia":[{"embeddable":true,"href":"http:\/\/www.eloriente.net\/home\/wp-json\/wp\/v2\/media\/16141"}],"wp:attachment":[{"href":"http:\/\/www.eloriente.net\/home\/wp-json\/wp\/v2\/media?parent=16139"}],"wp:term":[{"taxonomy":"category","embeddable":true,"href":"http:\/\/www.eloriente.net\/home\/wp-json\/wp\/v2\/categories?post=16139"},{"taxonomy":"post_tag","embeddable":true,"href":"http:\/\/www.eloriente.net\/home\/wp-json\/wp\/v2\/tags?post=16139"}],"curies":[{"name":"wp","href":"https:\/\/api.w.org\/{rel}","templated":true}]}}